{"id":14279,"date":"2020-10-16T10:42:33","date_gmt":"2020-10-16T09:42:33","guid":{"rendered":"https:\/\/www.carpinteria-aluminio.cat\/?p=14279"},"modified":"2020-10-16T10:42:34","modified_gmt":"2020-10-16T09:42:34","slug":"tancament-dalumini-a-terrassa","status":"publish","type":"post","link":"https:\/\/www.carpinteria-aluminio.cat\/ca\/tancament-dalumini-a-terrassa\/","title":{"rendered":"Tancament d&#8217;alumini a terrassa"},"content":{"rendered":"\n<p>Una bona opci\u00f3 per a guanyar-li espai al seu habitatge \u00e9s instal\u00b7lar un tancament d&#8217;alumini a la terrassa. El millor \u00e9s que, a l&#8217;\u00e9sser un treball fet a mida, pot triar per complet el disseny, color, mesures, vidres&#8230; segons les necessitats i l&#8217;\u00fas que se li vagi a donar. Aqu\u00ed tenim dos tancaments realitzats aquesta \u00faltima setmana. Nosaltres li aconsellarem sense comprom\u00eds.<\/p>\n\n\n\n<p> <img loading=\"lazy\" decoding=\"async\" width=\"300\" height=\"400\" class=\"wp-image-14272\" style=\"width: 300px;\" src=\"https:\/\/www.carpinteria-aluminio.cat\/wp-content\/uploads\/2019\/11\/WhatsApp-Image-2019-10-10-at-17.20.151.jpeg\" alt=\"\" srcset=\"https:\/\/www.carpinteria-aluminio.cat\/wp-content\/uploads\/2019\/11\/WhatsApp-Image-2019-10-10-at-17.20.151.jpeg 768w, https:\/\/www.carpinteria-aluminio.cat\/wp-content\/uploads\/2019\/11\/WhatsApp-Image-2019-10-10-at-17.20.151-225x300.jpeg 225w, https:\/\/www.carpinteria-aluminio.cat\/wp-content\/uploads\/2019\/11\/WhatsApp-Image-2019-10-10-at-17.20.151-110x146.jpeg 110w, https:\/\/www.carpinteria-aluminio.cat\/wp-content\/uploads\/2019\/11\/WhatsApp-Image-2019-10-10-at-17.20.151-38x50.jpeg 38w, https:\/\/www.carpinteria-aluminio.cat\/wp-content\/uploads\/2019\/11\/WhatsApp-Image-2019-10-10-at-17.20.151-56x75.jpeg 56w\" sizes=\"auto, (max-width:767px) 300px, 300px\" \/><\/p>\n\n\n\n<p><img loading=\"lazy\" decoding=\"async\" width=\"300\" height=\"400\" class=\"wp-image-14268\" style=\"width: 300px;\" src=\"https:\/\/www.carpinteria-aluminio.cat\/wp-content\/uploads\/2019\/11\/cerramiento-2.jpeg\" alt=\"\" srcset=\"https:\/\/www.carpinteria-aluminio.cat\/wp-content\/uploads\/2019\/11\/cerramiento-2.jpeg 1200w, https:\/\/www.carpinteria-aluminio.cat\/wp-content\/uploads\/2019\/11\/cerramiento-2-225x300.jpeg 225w, https:\/\/www.carpinteria-aluminio.cat\/wp-content\/uploads\/2019\/11\/cerramiento-2-768x1024.jpeg 768w, https:\/\/www.carpinteria-aluminio.cat\/wp-content\/uploads\/2019\/11\/cerramiento-2-110x146.jpeg 110w, https:\/\/www.carpinteria-aluminio.cat\/wp-content\/uploads\/2019\/11\/cerramiento-2-38x50.jpeg 38w, https:\/\/www.carpinteria-aluminio.cat\/wp-content\/uploads\/2019\/11\/cerramiento-2-56x75.jpeg 56w\" sizes=\"auto, (max-width:767px) 300px, 300px\" \/><\/p>\n","protected":false},"excerpt":{"rendered":"<p>Una bona opci\u00f3 per a guanyar-li espai al seu habitatge \u00e9s instal\u00b7lar un tancament d&#8217;alumini a la terrassa. El millor \u00e9s que, a l&#8217;\u00e9sser un treball<span class=\"excerpt-hellip\"> [\u2026]<\/span><\/p>\n","protected":false},"author":2,"featured_media":14269,"comment_status":"open","ping_status":"closed","sticky":false,"template":"","format":"standard","meta":{"_joinchat":[],"footnotes":""},"categories":[40],"tags":[],"class_list":["post-14279","post","type-post","status-publish","format-standard","has-post-thumbnail","hentry","category-treballs-realitzats"],"aioseo_notices":[],"_links":{"self":[{"href":"https:\/\/www.carpinteria-aluminio.cat\/ca\/wp-json\/wp\/v2\/posts\/14279","targetHints":{"allow":["GET"]}}],"collection":[{"href":"https:\/\/www.carpinteria-aluminio.cat\/ca\/wp-json\/wp\/v2\/posts"}],"about":[{"href":"https:\/\/www.carpinteria-aluminio.cat\/ca\/wp-json\/wp\/v2\/types\/post"}],"author":[{"embeddable":true,"href":"https:\/\/www.carpinteria-aluminio.cat\/ca\/wp-json\/wp\/v2\/users\/2"}],"replies":[{"embeddable":true,"href":"https:\/\/www.carpinteria-aluminio.cat\/ca\/wp-json\/wp\/v2\/comments?post=14279"}],"version-history":[{"count":2,"href":"https:\/\/www.carpinteria-aluminio.cat\/ca\/wp-json\/wp\/v2\/posts\/14279\/revisions"}],"predecessor-version":[{"id":21306,"href":"https:\/\/www.carpinteria-aluminio.cat\/ca\/wp-json\/wp\/v2\/posts\/14279\/revisions\/21306"}],"wp:featuredmedia":[{"embeddable":true,"href":"https:\/\/www.carpinteria-aluminio.cat\/ca\/wp-json\/wp\/v2\/media\/14269"}],"wp:attachment":[{"href":"https:\/\/www.carpinteria-aluminio.cat\/ca\/wp-json\/wp\/v2\/media?parent=14279"}],"wp:term":[{"taxonomy":"category","embeddable":true,"href":"https:\/\/www.carpinteria-aluminio.cat\/ca\/wp-json\/wp\/v2\/categories?post=14279"},{"taxonomy":"post_tag","embeddable":true,"href":"https:\/\/www.carpinteria-aluminio.cat\/ca\/wp-json\/wp\/v2\/tags?post=14279"}],"curies":[{"name":"wp","href":"https:\/\/api.w.org\/{rel}","templated":true}]}}