{"id":16218,"date":"2020-02-22T19:09:36","date_gmt":"2020-02-22T18:09:36","guid":{"rendered":"https:\/\/www.carpinteria-aluminio.cat\/finestres-oscillants\/"},"modified":"2020-02-27T11:31:17","modified_gmt":"2020-02-27T10:31:17","slug":"finestres-oscillants","status":"publish","type":"post","link":"https:\/\/www.carpinteria-aluminio.cat\/ca\/finestres-oscillants\/","title":{"rendered":"Finestres Oscil\u00b7lants"},"content":{"rendered":"\n<p> Substituci\u00f3 d&#8217;unes finestres velles per unes oscil\u00b7lants en alumini lacat blanc, per a millorar la seva utilitat, est\u00e8tica i estalvi energ\u00e8tic.<\/p>\n\n<p> Les finestres Oscil\u00b7lants s\u00f3n d&#8217;obertura \u00fanicament vertical, d&#8217;uns 45\u00ba aprox. s\u00f3n m\u00e9s vers\u00e0tils, tenen un major a\u00efllament tant ac\u00fastic com t\u00e8rmic, ofereixen la possibilitat de ventilar l&#8217;espai amb major comoditat i es poden netejar per l&#8217;interior.<\/p>\n\n<div class=\"wp-block-image\"><figure class=\"aligncenter size-large is-resized\"><img loading=\"lazy\" decoding=\"async\" src=\"https:\/\/www.carpinteria-aluminio.cat\/wp-content\/uploads\/2020\/02\/WhatsApp-Image-2019-12-12-at-16.31.11-1-1024x768.jpeg\" alt=\"\" class=\"wp-image-16198\" width=\"447\" height=\"335\" srcset=\"https:\/\/www.carpinteria-aluminio.cat\/wp-content\/uploads\/2020\/02\/WhatsApp-Image-2019-12-12-at-16.31.11-1-1024x768.jpeg 1024w, https:\/\/www.carpinteria-aluminio.cat\/wp-content\/uploads\/2020\/02\/WhatsApp-Image-2019-12-12-at-16.31.11-1-300x225.jpeg 300w, https:\/\/www.carpinteria-aluminio.cat\/wp-content\/uploads\/2020\/02\/WhatsApp-Image-2019-12-12-at-16.31.11-1-768x576.jpeg 768w, https:\/\/www.carpinteria-aluminio.cat\/wp-content\/uploads\/2020\/02\/WhatsApp-Image-2019-12-12-at-16.31.11-1-1536x1152.jpeg 1536w, https:\/\/www.carpinteria-aluminio.cat\/wp-content\/uploads\/2020\/02\/WhatsApp-Image-2019-12-12-at-16.31.11-1-195x146.jpeg 195w, https:\/\/www.carpinteria-aluminio.cat\/wp-content\/uploads\/2020\/02\/WhatsApp-Image-2019-12-12-at-16.31.11-1-50x38.jpeg 50w, https:\/\/www.carpinteria-aluminio.cat\/wp-content\/uploads\/2020\/02\/WhatsApp-Image-2019-12-12-at-16.31.11-1-100x75.jpeg 100w, https:\/\/www.carpinteria-aluminio.cat\/wp-content\/uploads\/2020\/02\/WhatsApp-Image-2019-12-12-at-16.31.11-1-960x720.jpeg 960w, https:\/\/www.carpinteria-aluminio.cat\/wp-content\/uploads\/2020\/02\/WhatsApp-Image-2019-12-12-at-16.31.11-1.jpeg 2000w\" sizes=\"auto, (max-width:767px) 447px, 447px\" \/><\/figure><\/div>\n\n<div class=\"wp-block-image\"><figure class=\"aligncenter size-large is-resized\"><img loading=\"lazy\" decoding=\"async\" src=\"https:\/\/www.carpinteria-aluminio.cat\/wp-content\/uploads\/2020\/02\/WhatsApp-Image-2019-12-12-at-16.31.10-1-768x1024.jpeg\" alt=\"\" class=\"wp-image-16201\" width=\"353\" height=\"470\" srcset=\"https:\/\/www.carpinteria-aluminio.cat\/wp-content\/uploads\/2020\/02\/WhatsApp-Image-2019-12-12-at-16.31.10-1-768x1024.jpeg 768w, https:\/\/www.carpinteria-aluminio.cat\/wp-content\/uploads\/2020\/02\/WhatsApp-Image-2019-12-12-at-16.31.10-1-225x300.jpeg 225w, https:\/\/www.carpinteria-aluminio.cat\/wp-content\/uploads\/2020\/02\/WhatsApp-Image-2019-12-12-at-16.31.10-1-1152x1536.jpeg 1152w, https:\/\/www.carpinteria-aluminio.cat\/wp-content\/uploads\/2020\/02\/WhatsApp-Image-2019-12-12-at-16.31.10-1-110x146.jpeg 110w, https:\/\/www.carpinteria-aluminio.cat\/wp-content\/uploads\/2020\/02\/WhatsApp-Image-2019-12-12-at-16.31.10-1-38x50.jpeg 38w, https:\/\/www.carpinteria-aluminio.cat\/wp-content\/uploads\/2020\/02\/WhatsApp-Image-2019-12-12-at-16.31.10-1-56x75.jpeg 56w, https:\/\/www.carpinteria-aluminio.cat\/wp-content\/uploads\/2020\/02\/WhatsApp-Image-2019-12-12-at-16.31.10-1.jpeg 1500w\" sizes=\"auto, (max-width:767px) 353px, 353px\" \/><\/figure><\/div>\n\n<div class=\"wp-block-image\"><figure class=\"aligncenter size-large is-resized\"><img loading=\"lazy\" decoding=\"async\" src=\"https:\/\/www.carpinteria-aluminio.cat\/wp-content\/uploads\/2020\/02\/WhatsApp-Image-2019-12-12-at-16.31.09-1-1024x768.jpeg\" alt=\"\" class=\"wp-image-16207\" width=\"514\" height=\"386\" srcset=\"https:\/\/www.carpinteria-aluminio.cat\/wp-content\/uploads\/2020\/02\/WhatsApp-Image-2019-12-12-at-16.31.09-1-1024x768.jpeg 1024w, https:\/\/www.carpinteria-aluminio.cat\/wp-content\/uploads\/2020\/02\/WhatsApp-Image-2019-12-12-at-16.31.09-1-300x225.jpeg 300w, https:\/\/www.carpinteria-aluminio.cat\/wp-content\/uploads\/2020\/02\/WhatsApp-Image-2019-12-12-at-16.31.09-1-768x576.jpeg 768w, https:\/\/www.carpinteria-aluminio.cat\/wp-content\/uploads\/2020\/02\/WhatsApp-Image-2019-12-12-at-16.31.09-1-1536x1152.jpeg 1536w, https:\/\/www.carpinteria-aluminio.cat\/wp-content\/uploads\/2020\/02\/WhatsApp-Image-2019-12-12-at-16.31.09-1-195x146.jpeg 195w, https:\/\/www.carpinteria-aluminio.cat\/wp-content\/uploads\/2020\/02\/WhatsApp-Image-2019-12-12-at-16.31.09-1-50x38.jpeg 50w, https:\/\/www.carpinteria-aluminio.cat\/wp-content\/uploads\/2020\/02\/WhatsApp-Image-2019-12-12-at-16.31.09-1-100x75.jpeg 100w, https:\/\/www.carpinteria-aluminio.cat\/wp-content\/uploads\/2020\/02\/WhatsApp-Image-2019-12-12-at-16.31.09-1-960x720.jpeg 960w, https:\/\/www.carpinteria-aluminio.cat\/wp-content\/uploads\/2020\/02\/WhatsApp-Image-2019-12-12-at-16.31.09-1.jpeg 2000w\" sizes=\"auto, (max-width:767px) 480px, 514px\" \/><\/figure><\/div>\n","protected":false},"excerpt":{"rendered":"<p>Substituci\u00f3 d&#8217;unes finestres velles per unes oscil\u00b7lants en alumini lacat blanc, per a millorar la seva utilitat, est\u00e8tica i estalvi energ\u00e8tic. Les finestres Oscil\u00b7lants s\u00f3n d&#8217;obertura<span class=\"excerpt-hellip\"> [\u2026]<\/span><\/p>\n","protected":false},"author":2,"featured_media":16167,"comment_status":"open","ping_status":"closed","sticky":false,"template":"","format":"standard","meta":{"_joinchat":[],"footnotes":""},"categories":[40],"tags":[302,305,129,130,304,303],"class_list":["post-16218","post","type-post","status-publish","format-standard","has-post-thumbnail","hentry","category-treballs-realitzats","tag-acustic","tag-energetic-ca","tag-estalvi","tag-finestres","tag-oscillants","tag-termic"],"aioseo_notices":[],"_links":{"self":[{"href":"https:\/\/www.carpinteria-aluminio.cat\/ca\/wp-json\/wp\/v2\/posts\/16218","targetHints":{"allow":["GET"]}}],"collection":[{"href":"https:\/\/www.carpinteria-aluminio.cat\/ca\/wp-json\/wp\/v2\/posts"}],"about":[{"href":"https:\/\/www.carpinteria-aluminio.cat\/ca\/wp-json\/wp\/v2\/types\/post"}],"author":[{"embeddable":true,"href":"https:\/\/www.carpinteria-aluminio.cat\/ca\/wp-json\/wp\/v2\/users\/2"}],"replies":[{"embeddable":true,"href":"https:\/\/www.carpinteria-aluminio.cat\/ca\/wp-json\/wp\/v2\/comments?post=16218"}],"version-history":[{"count":1,"href":"https:\/\/www.carpinteria-aluminio.cat\/ca\/wp-json\/wp\/v2\/posts\/16218\/revisions"}],"predecessor-version":[{"id":16219,"href":"https:\/\/www.carpinteria-aluminio.cat\/ca\/wp-json\/wp\/v2\/posts\/16218\/revisions\/16219"}],"wp:featuredmedia":[{"embeddable":true,"href":"https:\/\/www.carpinteria-aluminio.cat\/ca\/wp-json\/wp\/v2\/media\/16167"}],"wp:attachment":[{"href":"https:\/\/www.carpinteria-aluminio.cat\/ca\/wp-json\/wp\/v2\/media?parent=16218"}],"wp:term":[{"taxonomy":"category","embeddable":true,"href":"https:\/\/www.carpinteria-aluminio.cat\/ca\/wp-json\/wp\/v2\/categories?post=16218"},{"taxonomy":"post_tag","embeddable":true,"href":"https:\/\/www.carpinteria-aluminio.cat\/ca\/wp-json\/wp\/v2\/tags?post=16218"}],"curies":[{"name":"wp","href":"https:\/\/api.w.org\/{rel}","templated":true}]}}