{"id":16631,"date":"2020-03-05T17:00:29","date_gmt":"2020-03-05T16:00:29","guid":{"rendered":"https:\/\/www.carpinteria-aluminio.cat\/tancament-de-galeria\/"},"modified":"2020-03-05T17:00:31","modified_gmt":"2020-03-05T16:00:31","slug":"tancament-de-galeria","status":"publish","type":"post","link":"https:\/\/www.carpinteria-aluminio.cat\/ca\/tancament-de-galeria\/","title":{"rendered":"Tancament de galeria"},"content":{"rendered":"\n<p>Tancament de galeria en lacat blanc i vidre mate \u00e0cid, una bona opci\u00f3 per donar privacitat a l&#8217;espai per\u00f2 deixar passar la claror de l&#8217;exterior.<\/p>\n\n<div class=\"wp-block-image\"><figure class=\"aligncenter size-large is-resized\"><img loading=\"lazy\" decoding=\"async\" src=\"https:\/\/www.carpinteria-aluminio.cat\/wp-content\/uploads\/2020\/03\/WhatsApp-Image-2020-02-17-at-13.04.25-768x1024.jpeg\" alt=\"\" class=\"wp-image-16488\" width=\"379\" height=\"505\" srcset=\"https:\/\/www.carpinteria-aluminio.cat\/wp-content\/uploads\/2020\/03\/WhatsApp-Image-2020-02-17-at-13.04.25-768x1024.jpeg 768w, https:\/\/www.carpinteria-aluminio.cat\/wp-content\/uploads\/2020\/03\/WhatsApp-Image-2020-02-17-at-13.04.25-225x300.jpeg 225w, https:\/\/www.carpinteria-aluminio.cat\/wp-content\/uploads\/2020\/03\/WhatsApp-Image-2020-02-17-at-13.04.25-1152x1536.jpeg 1152w, https:\/\/www.carpinteria-aluminio.cat\/wp-content\/uploads\/2020\/03\/WhatsApp-Image-2020-02-17-at-13.04.25-110x146.jpeg 110w, https:\/\/www.carpinteria-aluminio.cat\/wp-content\/uploads\/2020\/03\/WhatsApp-Image-2020-02-17-at-13.04.25-38x50.jpeg 38w, https:\/\/www.carpinteria-aluminio.cat\/wp-content\/uploads\/2020\/03\/WhatsApp-Image-2020-02-17-at-13.04.25-56x75.jpeg 56w, https:\/\/www.carpinteria-aluminio.cat\/wp-content\/uploads\/2020\/03\/WhatsApp-Image-2020-02-17-at-13.04.25.jpeg 1200w\" sizes=\"auto, (max-width:767px) 379px, 379px\" \/><\/figure><\/div>\n","protected":false},"excerpt":{"rendered":"<p>Tancament de galeria en lacat blanc i vidre mate \u00e0cid, una bona opci\u00f3 per donar privacitat a l&#8217;espai per\u00f2 deixar passar la claror de l&#8217;exterior.<\/p>\n","protected":false},"author":2,"featured_media":16489,"comment_status":"closed","ping_status":"closed","sticky":false,"template":"","format":"standard","meta":{"_joinchat":[],"footnotes":""},"categories":[40],"tags":[309,410,409,408,307,90,407,311],"class_list":["post-16631","post","type-post","status-publish","format-standard","has-post-thumbnail","hentry","category-treballs-realitzats","tag-acid-ca","tag-claredat","tag-espai","tag-galeria-ca","tag-mate-ca","tag-privacitat","tag-tancament","tag-vidre"],"aioseo_notices":[],"_links":{"self":[{"href":"https:\/\/www.carpinteria-aluminio.cat\/ca\/wp-json\/wp\/v2\/posts\/16631","targetHints":{"allow":["GET"]}}],"collection":[{"href":"https:\/\/www.carpinteria-aluminio.cat\/ca\/wp-json\/wp\/v2\/posts"}],"about":[{"href":"https:\/\/www.carpinteria-aluminio.cat\/ca\/wp-json\/wp\/v2\/types\/post"}],"author":[{"embeddable":true,"href":"https:\/\/www.carpinteria-aluminio.cat\/ca\/wp-json\/wp\/v2\/users\/2"}],"replies":[{"embeddable":true,"href":"https:\/\/www.carpinteria-aluminio.cat\/ca\/wp-json\/wp\/v2\/comments?post=16631"}],"version-history":[{"count":1,"href":"https:\/\/www.carpinteria-aluminio.cat\/ca\/wp-json\/wp\/v2\/posts\/16631\/revisions"}],"predecessor-version":[{"id":16632,"href":"https:\/\/www.carpinteria-aluminio.cat\/ca\/wp-json\/wp\/v2\/posts\/16631\/revisions\/16632"}],"wp:featuredmedia":[{"embeddable":true,"href":"https:\/\/www.carpinteria-aluminio.cat\/ca\/wp-json\/wp\/v2\/media\/16489"}],"wp:attachment":[{"href":"https:\/\/www.carpinteria-aluminio.cat\/ca\/wp-json\/wp\/v2\/media?parent=16631"}],"wp:term":[{"taxonomy":"category","embeddable":true,"href":"https:\/\/www.carpinteria-aluminio.cat\/ca\/wp-json\/wp\/v2\/categories?post=16631"},{"taxonomy":"post_tag","embeddable":true,"href":"https:\/\/www.carpinteria-aluminio.cat\/ca\/wp-json\/wp\/v2\/tags?post=16631"}],"curies":[{"name":"wp","href":"https:\/\/api.w.org\/{rel}","templated":true}]}}