{"id":17160,"date":"2020-04-09T12:05:16","date_gmt":"2020-04-09T11:05:16","guid":{"rendered":"https:\/\/www.carpinteria-aluminio.cat\/porta-bandera\/"},"modified":"2020-04-13T09:28:42","modified_gmt":"2020-04-13T08:28:42","slug":"porta-bandera","status":"publish","type":"post","link":"https:\/\/www.carpinteria-aluminio.cat\/ca\/porta-bandera\/","title":{"rendered":"Porta bandera"},"content":{"rendered":"\n<p>Renovaci\u00f3 de l&#8217;estructura de sortida a la terrassa composta per una porta abatible i dues finestres corredisses. A\u00eflla perfectament de l&#8217;fred i la calor, donant aix\u00ed una gran entrada de llum a l&#8217;estada.<\/p>\n\n<figure class=\"wp-block-image size-large\"><img loading=\"lazy\" decoding=\"async\" width=\"1024\" height=\"768\" src=\"https:\/\/www.carpinteria-aluminio.cat\/wp-content\/uploads\/2020\/04\/WhatsApp-Image-2020-04-09-at-10.16.193-1024x768.jpeg\" alt=\"\" class=\"wp-image-17153\" srcset=\"https:\/\/www.carpinteria-aluminio.cat\/wp-content\/uploads\/2020\/04\/WhatsApp-Image-2020-04-09-at-10.16.193-1024x768.jpeg 1024w, https:\/\/www.carpinteria-aluminio.cat\/wp-content\/uploads\/2020\/04\/WhatsApp-Image-2020-04-09-at-10.16.193-300x225.jpeg 300w, https:\/\/www.carpinteria-aluminio.cat\/wp-content\/uploads\/2020\/04\/WhatsApp-Image-2020-04-09-at-10.16.193-768x576.jpeg 768w, https:\/\/www.carpinteria-aluminio.cat\/wp-content\/uploads\/2020\/04\/WhatsApp-Image-2020-04-09-at-10.16.193-1536x1152.jpeg 1536w, https:\/\/www.carpinteria-aluminio.cat\/wp-content\/uploads\/2020\/04\/WhatsApp-Image-2020-04-09-at-10.16.193-195x146.jpeg 195w, https:\/\/www.carpinteria-aluminio.cat\/wp-content\/uploads\/2020\/04\/WhatsApp-Image-2020-04-09-at-10.16.193-50x38.jpeg 50w, https:\/\/www.carpinteria-aluminio.cat\/wp-content\/uploads\/2020\/04\/WhatsApp-Image-2020-04-09-at-10.16.193-100x75.jpeg 100w, https:\/\/www.carpinteria-aluminio.cat\/wp-content\/uploads\/2020\/04\/WhatsApp-Image-2020-04-09-at-10.16.193-960x720.jpeg 960w, https:\/\/www.carpinteria-aluminio.cat\/wp-content\/uploads\/2020\/04\/WhatsApp-Image-2020-04-09-at-10.16.193.jpeg 1600w\" sizes=\"auto, (max-width:767px) 480px, (max-width:1024px) 100vw, 1024px\" \/><figcaption>Vista des de l&#8217;interior<\/figcaption><\/figure>\n\n<p>Les portes bandera s\u00f3n molt comuns en les antigues cases de planta baixa a les ciutats, tot i que l&#8217;auge de la construcci\u00f3 de grans blocs de pisos han fet que poc a poc vagin desapareixent. La seva practicitat i est\u00e8tica fan de la porta bandera, una opci\u00f3 molt recomanable per a habitatges de planta baixa amb acc\u00e9s des del carrer, com per balcons, cases unifamiliars, etc.<\/p>\n\n<figure class=\"wp-block-image size-large\"><img loading=\"lazy\" decoding=\"async\" width=\"1024\" height=\"768\" src=\"https:\/\/www.carpinteria-aluminio.cat\/wp-content\/uploads\/2020\/04\/WhatsApp-Image-2020-04-09-at-10.16.205-1024x768.jpeg\" alt=\"\" class=\"wp-image-17156\" srcset=\"https:\/\/www.carpinteria-aluminio.cat\/wp-content\/uploads\/2020\/04\/WhatsApp-Image-2020-04-09-at-10.16.205-1024x768.jpeg 1024w, https:\/\/www.carpinteria-aluminio.cat\/wp-content\/uploads\/2020\/04\/WhatsApp-Image-2020-04-09-at-10.16.205-300x225.jpeg 300w, https:\/\/www.carpinteria-aluminio.cat\/wp-content\/uploads\/2020\/04\/WhatsApp-Image-2020-04-09-at-10.16.205-768x576.jpeg 768w, https:\/\/www.carpinteria-aluminio.cat\/wp-content\/uploads\/2020\/04\/WhatsApp-Image-2020-04-09-at-10.16.205-1536x1152.jpeg 1536w, https:\/\/www.carpinteria-aluminio.cat\/wp-content\/uploads\/2020\/04\/WhatsApp-Image-2020-04-09-at-10.16.205-195x146.jpeg 195w, https:\/\/www.carpinteria-aluminio.cat\/wp-content\/uploads\/2020\/04\/WhatsApp-Image-2020-04-09-at-10.16.205-50x38.jpeg 50w, https:\/\/www.carpinteria-aluminio.cat\/wp-content\/uploads\/2020\/04\/WhatsApp-Image-2020-04-09-at-10.16.205-100x75.jpeg 100w, https:\/\/www.carpinteria-aluminio.cat\/wp-content\/uploads\/2020\/04\/WhatsApp-Image-2020-04-09-at-10.16.205-960x720.jpeg 960w, https:\/\/www.carpinteria-aluminio.cat\/wp-content\/uploads\/2020\/04\/WhatsApp-Image-2020-04-09-at-10.16.205.jpeg 1600w\" sizes=\"auto, (max-width:767px) 480px, (max-width:1024px) 100vw, 1024px\" \/><figcaption>Vista des de l&#8217;exterior<\/figcaption><\/figure>\n","protected":false},"excerpt":{"rendered":"<p>Renovaci\u00f3 de l&#8217;estructura de sortida a la terrassa composta per una porta abatible i dues finestres corredisses. A\u00eflla perfectament de l&#8217;fred i la calor, donant aix\u00ed<span class=\"excerpt-hellip\"> [\u2026]<\/span><\/p>\n","protected":false},"author":2,"featured_media":17157,"comment_status":"open","ping_status":"open","sticky":false,"template":"","format":"standard","meta":{"_joinchat":[],"footnotes":""},"categories":[40],"tags":[137,66,537,535,777,445,536,539,397,488,323,306,538,311],"class_list":["post-17160","post","type-post","status-publish","format-standard","has-post-thumbnail","hentry","category-treballs-realitzats","tag-aillament","tag-alumini-ca","tag-bandera-ca","tag-barcelona-ca","tag-blanc","tag-calor-ca","tag-corredissa","tag-estada","tag-finestra","tag-fred","tag-installacio","tag-porta-ca","tag-terrassa","tag-vidre"],"aioseo_notices":[],"_links":{"self":[{"href":"https:\/\/www.carpinteria-aluminio.cat\/ca\/wp-json\/wp\/v2\/posts\/17160","targetHints":{"allow":["GET"]}}],"collection":[{"href":"https:\/\/www.carpinteria-aluminio.cat\/ca\/wp-json\/wp\/v2\/posts"}],"about":[{"href":"https:\/\/www.carpinteria-aluminio.cat\/ca\/wp-json\/wp\/v2\/types\/post"}],"author":[{"embeddable":true,"href":"https:\/\/www.carpinteria-aluminio.cat\/ca\/wp-json\/wp\/v2\/users\/2"}],"replies":[{"embeddable":true,"href":"https:\/\/www.carpinteria-aluminio.cat\/ca\/wp-json\/wp\/v2\/comments?post=17160"}],"version-history":[{"count":1,"href":"https:\/\/www.carpinteria-aluminio.cat\/ca\/wp-json\/wp\/v2\/posts\/17160\/revisions"}],"predecessor-version":[{"id":17161,"href":"https:\/\/www.carpinteria-aluminio.cat\/ca\/wp-json\/wp\/v2\/posts\/17160\/revisions\/17161"}],"wp:featuredmedia":[{"embeddable":true,"href":"https:\/\/www.carpinteria-aluminio.cat\/ca\/wp-json\/wp\/v2\/media\/17157"}],"wp:attachment":[{"href":"https:\/\/www.carpinteria-aluminio.cat\/ca\/wp-json\/wp\/v2\/media?parent=17160"}],"wp:term":[{"taxonomy":"category","embeddable":true,"href":"https:\/\/www.carpinteria-aluminio.cat\/ca\/wp-json\/wp\/v2\/categories?post=17160"},{"taxonomy":"post_tag","embeddable":true,"href":"https:\/\/www.carpinteria-aluminio.cat\/ca\/wp-json\/wp\/v2\/tags?post=17160"}],"curies":[{"name":"wp","href":"https:\/\/api.w.org\/{rel}","templated":true}]}}