{"id":19094,"date":"2020-10-16T10:45:54","date_gmt":"2020-10-16T09:45:54","guid":{"rendered":"https:\/\/www.carpinteria-aluminio.cat\/?p=19094"},"modified":"2020-10-16T10:45:55","modified_gmt":"2020-10-16T09:45:55","slug":"nova-serie-ibiza-de-alugom","status":"publish","type":"post","link":"https:\/\/www.carpinteria-aluminio.cat\/ca\/nova-serie-ibiza-de-alugom\/","title":{"rendered":"Nova S\u00c8RIE IBIZA de Alugom"},"content":{"rendered":"\n<h3 class=\"wp-block-heading\"> Corredissa minimalista crea parets de vidre en harmonia amb l&#8217;entorn<\/h3>\n\n\n\n<div class=\"wp-block-image is-style-default\"><figure class=\"aligncenter size-large\"><img loading=\"lazy\" decoding=\"async\" width=\"1024\" height=\"768\" src=\"https:\/\/www.carpinteria-aluminio.cat\/wp-content\/uploads\/2020\/07\/De-hoja-oculta-panoramica-para-ventanales-grandes-1024x768.jpeg\" alt=\"\" class=\"wp-image-19073\" srcset=\"https:\/\/www.carpinteria-aluminio.cat\/wp-content\/uploads\/2020\/07\/De-hoja-oculta-panoramica-para-ventanales-grandes-1024x768.jpeg 1024w, https:\/\/www.carpinteria-aluminio.cat\/wp-content\/uploads\/2020\/07\/De-hoja-oculta-panoramica-para-ventanales-grandes-300x225.jpeg 300w, https:\/\/www.carpinteria-aluminio.cat\/wp-content\/uploads\/2020\/07\/De-hoja-oculta-panoramica-para-ventanales-grandes-768x576.jpeg 768w, https:\/\/www.carpinteria-aluminio.cat\/wp-content\/uploads\/2020\/07\/De-hoja-oculta-panoramica-para-ventanales-grandes-195x146.jpeg 195w, https:\/\/www.carpinteria-aluminio.cat\/wp-content\/uploads\/2020\/07\/De-hoja-oculta-panoramica-para-ventanales-grandes-50x38.jpeg 50w, https:\/\/www.carpinteria-aluminio.cat\/wp-content\/uploads\/2020\/07\/De-hoja-oculta-panoramica-para-ventanales-grandes-100x75.jpeg 100w, https:\/\/www.carpinteria-aluminio.cat\/wp-content\/uploads\/2020\/07\/De-hoja-oculta-panoramica-para-ventanales-grandes-960x720.jpeg 960w, https:\/\/www.carpinteria-aluminio.cat\/wp-content\/uploads\/2020\/07\/De-hoja-oculta-panoramica-para-ventanales-grandes.jpeg 1080w\" sizes=\"auto, (max-width:767px) 480px, (max-width:1024px) 100vw, 1024px\" \/><\/figure><\/div>\n\n\n\n<div class=\"textarea-desti col-xs-12 col-sm-6\">&#13;\n<div class=\"form-control second-textarea\">Fusteria corredissa amb trencament de pont t\u00e8rmic i un innat sistema de rodadura amb m\u00faltiples rodaments integrats en el c\u00e8rcol inferior, permet un pes m\u00e0xim garantit per a les fulles de fins a 400 Kg.<\/div>&#13;\n<\/div>\n\n\n\n<p> Aquest sistema compta amb marcs d&#8217;un(monocarril), dos i tres carrils permetent la realitzaci\u00f3 de grans obertures com de passada a terrassa o porxo. Perfil de fulla central testa minimalista de 30 mm. front vist, identitat que dota al sistema d&#8217;espais di\u00e0fans amb major camp visual.<\/p>\n\n\n\n<p> El tancament de la fulla amb el marc es realitza mitjan\u00e7ant un sistema de seguretat multipunt accionat mitjan\u00e7ant maneta.<\/p>\n\n\n\n<p>\u00c0mplia gamma de perfils, que faciliten la composici\u00f3 de diferents dissenys aix\u00ed com m\u00faltiples possibilitats en la seva posada en obra.<\/p>\n\n\n\n<p>Galze m\u00e0xim d&#8217;envidrament de 39 mm.<\/p>\n\n\n\n<p>Marca la l\u00ednia de l&#8217;excel\u00b7l\u00e8ncia en la gamma d&#8217;obertures corredisses de m\u00ednim perfil d&#8217;alumini per a grans dimensions de vidre.<\/p>\n\n\n\n<figure class=\"wp-block-gallery aligncenter columns-2 is-cropped wp-block-gallery-1 is-layout-flex wp-block-gallery-is-layout-flex\"><ul class=\"blocks-gallery-grid\"><li class=\"blocks-gallery-item\"><figure><img loading=\"lazy\" decoding=\"async\" width=\"768\" height=\"1024\" src=\"https:\/\/www.carpinteria-aluminio.cat\/wp-content\/uploads\/2020\/07\/d2cd665a-445c-497c-9e96-52be56801abe-768x1024.jpeg\" alt=\"\" data-id=\"19080\" class=\"wp-image-19080\" srcset=\"https:\/\/www.carpinteria-aluminio.cat\/wp-content\/uploads\/2020\/07\/d2cd665a-445c-497c-9e96-52be56801abe-768x1024.jpeg 768w, https:\/\/www.carpinteria-aluminio.cat\/wp-content\/uploads\/2020\/07\/d2cd665a-445c-497c-9e96-52be56801abe-225x300.jpeg 225w, https:\/\/www.carpinteria-aluminio.cat\/wp-content\/uploads\/2020\/07\/d2cd665a-445c-497c-9e96-52be56801abe-1152x1536.jpeg 1152w, https:\/\/www.carpinteria-aluminio.cat\/wp-content\/uploads\/2020\/07\/d2cd665a-445c-497c-9e96-52be56801abe-110x146.jpeg 110w, https:\/\/www.carpinteria-aluminio.cat\/wp-content\/uploads\/2020\/07\/d2cd665a-445c-497c-9e96-52be56801abe-38x50.jpeg 38w, https:\/\/www.carpinteria-aluminio.cat\/wp-content\/uploads\/2020\/07\/d2cd665a-445c-497c-9e96-52be56801abe-56x75.jpeg 56w, https:\/\/www.carpinteria-aluminio.cat\/wp-content\/uploads\/2020\/07\/d2cd665a-445c-497c-9e96-52be56801abe.jpeg 1512w\" sizes=\"auto, (max-width:767px) 480px, (max-width:768px) 100vw, 768px\" \/><\/figure><\/li><li class=\"blocks-gallery-item\"><figure><img loading=\"lazy\" decoding=\"async\" width=\"768\" height=\"1024\" src=\"https:\/\/www.carpinteria-aluminio.cat\/wp-content\/uploads\/2020\/07\/8d20c940-1f43-4d42-8eee-f4dd1386ca1e-768x1024.jpeg\" alt=\"\" data-id=\"19087\" data-full-url=\"https:\/\/www.carpinteria-aluminio.cat\/wp-content\/uploads\/2020\/07\/8d20c940-1f43-4d42-8eee-f4dd1386ca1e.jpeg\" data-link=\"https:\/\/www.carpinteria-aluminio.cat\/?attachment_id=19087\" class=\"wp-image-19087\" srcset=\"https:\/\/www.carpinteria-aluminio.cat\/wp-content\/uploads\/2020\/07\/8d20c940-1f43-4d42-8eee-f4dd1386ca1e-768x1024.jpeg 768w, https:\/\/www.carpinteria-aluminio.cat\/wp-content\/uploads\/2020\/07\/8d20c940-1f43-4d42-8eee-f4dd1386ca1e-225x300.jpeg 225w, https:\/\/www.carpinteria-aluminio.cat\/wp-content\/uploads\/2020\/07\/8d20c940-1f43-4d42-8eee-f4dd1386ca1e-1152x1536.jpeg 1152w, https:\/\/www.carpinteria-aluminio.cat\/wp-content\/uploads\/2020\/07\/8d20c940-1f43-4d42-8eee-f4dd1386ca1e-110x146.jpeg 110w, https:\/\/www.carpinteria-aluminio.cat\/wp-content\/uploads\/2020\/07\/8d20c940-1f43-4d42-8eee-f4dd1386ca1e-38x50.jpeg 38w, https:\/\/www.carpinteria-aluminio.cat\/wp-content\/uploads\/2020\/07\/8d20c940-1f43-4d42-8eee-f4dd1386ca1e-56x75.jpeg 56w, https:\/\/www.carpinteria-aluminio.cat\/wp-content\/uploads\/2020\/07\/8d20c940-1f43-4d42-8eee-f4dd1386ca1e.jpeg 1512w\" sizes=\"auto, (max-width:767px) 480px, (max-width:768px) 100vw, 768px\" \/><\/figure><\/li><\/ul><\/figure>\n\n\n\n<h4 class=\"wp-block-heading\"><strong>CARACTER\u00cdSTIQUES<\/strong><\/h4>\n\n\n\n<ul class=\"wp-block-list\"><li>Fusteria corredissa amb Trencament de pont t\u00e8rmic.<\/li><li> Secci\u00f3 de marc: 156 mm.<\/li><li> Secci\u00f3 de Fulla Lateral: 59 x 52 mm.<\/li><li> Poliamida en c\u00e8rcol: Varetes de 18 mm.<\/li><li> Poliamida en Fulla: Varetes de 28 mm.<\/li><li> Pes per Fulla: 400 Kg.<\/li><li>Galze Vidre: fins a 39 mm. de buit<\/li><\/ul>\n\n\n\n<p><strong>No dubti a posar-se en contacte amb nosaltres i gustosos, li facilitarem tota la informaci\u00f3 necess\u00e0ria.<\/strong><\/p>\n","protected":false},"excerpt":{"rendered":"<p>Corredissa minimalista crea parets de vidre en harmonia amb l&#8217;entorn &#13; Fusteria corredissa amb trencament de pont t\u00e8rmic i un innat sistema de rodadura amb m\u00faltiples<span class=\"excerpt-hellip\"> [\u2026]<\/span><\/p>\n","protected":false},"author":2,"featured_media":19077,"comment_status":"closed","ping_status":"closed","sticky":false,"template":"","format":"standard","meta":{"_joinchat":[],"footnotes":""},"categories":[36],"tags":[699,698,697,311],"class_list":["post-19094","post","type-post","status-publish","format-standard","has-post-thumbnail","hentry","category-noticies","tag-carpinteria-ca-2","tag-ibiza-ca","tag-serie-ca","tag-vidre"],"aioseo_notices":[],"_links":{"self":[{"href":"https:\/\/www.carpinteria-aluminio.cat\/ca\/wp-json\/wp\/v2\/posts\/19094","targetHints":{"allow":["GET"]}}],"collection":[{"href":"https:\/\/www.carpinteria-aluminio.cat\/ca\/wp-json\/wp\/v2\/posts"}],"about":[{"href":"https:\/\/www.carpinteria-aluminio.cat\/ca\/wp-json\/wp\/v2\/types\/post"}],"author":[{"embeddable":true,"href":"https:\/\/www.carpinteria-aluminio.cat\/ca\/wp-json\/wp\/v2\/users\/2"}],"replies":[{"embeddable":true,"href":"https:\/\/www.carpinteria-aluminio.cat\/ca\/wp-json\/wp\/v2\/comments?post=19094"}],"version-history":[{"count":2,"href":"https:\/\/www.carpinteria-aluminio.cat\/ca\/wp-json\/wp\/v2\/posts\/19094\/revisions"}],"predecessor-version":[{"id":21317,"href":"https:\/\/www.carpinteria-aluminio.cat\/ca\/wp-json\/wp\/v2\/posts\/19094\/revisions\/21317"}],"wp:featuredmedia":[{"embeddable":true,"href":"https:\/\/www.carpinteria-aluminio.cat\/ca\/wp-json\/wp\/v2\/media\/19077"}],"wp:attachment":[{"href":"https:\/\/www.carpinteria-aluminio.cat\/ca\/wp-json\/wp\/v2\/media?parent=19094"}],"wp:term":[{"taxonomy":"category","embeddable":true,"href":"https:\/\/www.carpinteria-aluminio.cat\/ca\/wp-json\/wp\/v2\/categories?post=19094"},{"taxonomy":"post_tag","embeddable":true,"href":"https:\/\/www.carpinteria-aluminio.cat\/ca\/wp-json\/wp\/v2\/tags?post=19094"}],"curies":[{"name":"wp","href":"https:\/\/api.w.org\/{rel}","templated":true}]}}