{"id":19113,"date":"2020-10-16T10:10:21","date_gmt":"2020-10-16T09:10:21","guid":{"rendered":"https:\/\/www.carpinteria-aluminio.cat\/?p=19113"},"modified":"2020-10-16T10:10:22","modified_gmt":"2020-10-16T09:10:22","slug":"estructura-interior-dalumini-lacat-negre-amb-quarterons","status":"publish","type":"post","link":"https:\/\/www.carpinteria-aluminio.cat\/ca\/estructura-interior-dalumini-lacat-negre-amb-quarterons\/","title":{"rendered":"Estructura interior d&#8217;alumini lacat negre amb quarterons"},"content":{"rendered":"\n<p>Fabricaci\u00f3 i instal\u00b7laci\u00f3 d&#8217;estructura d&#8217;alumini lacat negre amb quarterons. Per a separar cuina de rebedor, en substituci\u00f3 de paret, permetent aix\u00ed l&#8217;entrada de llum alhora que aporta una funci\u00f3 decorativa.<\/p>\n\n\n\n<figure class=\"wp-block-gallery columns-2 is-cropped wp-block-gallery-1 is-layout-flex wp-block-gallery-is-layout-flex\"><ul class=\"blocks-gallery-grid\"><li class=\"blocks-gallery-item\"><figure><img loading=\"lazy\" decoding=\"async\" width=\"768\" height=\"1024\" src=\"https:\/\/www.carpinteria-aluminio.cat\/wp-content\/uploads\/2020\/07\/unnamed-768x1024.jpg\" alt=\"\" data-id=\"19099\" data-link=\"https:\/\/www.carpinteria-aluminio.cat\/?attachment_id=19099\" class=\"wp-image-19099\" srcset=\"https:\/\/www.carpinteria-aluminio.cat\/wp-content\/uploads\/2020\/07\/unnamed-768x1024.jpg 768w, https:\/\/www.carpinteria-aluminio.cat\/wp-content\/uploads\/2020\/07\/unnamed-225x300.jpg 225w, https:\/\/www.carpinteria-aluminio.cat\/wp-content\/uploads\/2020\/07\/unnamed-1152x1536.jpg 1152w, https:\/\/www.carpinteria-aluminio.cat\/wp-content\/uploads\/2020\/07\/unnamed-110x146.jpg 110w, https:\/\/www.carpinteria-aluminio.cat\/wp-content\/uploads\/2020\/07\/unnamed-38x50.jpg 38w, https:\/\/www.carpinteria-aluminio.cat\/wp-content\/uploads\/2020\/07\/unnamed-56x75.jpg 56w, https:\/\/www.carpinteria-aluminio.cat\/wp-content\/uploads\/2020\/07\/unnamed.jpg 1512w\" sizes=\"auto, (max-width:767px) 480px, (max-width:768px) 100vw, 768px\" \/><\/figure><\/li><li class=\"blocks-gallery-item\"><figure><img loading=\"lazy\" decoding=\"async\" width=\"768\" height=\"1024\" src=\"https:\/\/www.carpinteria-aluminio.cat\/wp-content\/uploads\/2020\/07\/unnamed3-768x1024.jpg\" alt=\"\" data-id=\"19102\" data-full-url=\"https:\/\/www.carpinteria-aluminio.cat\/wp-content\/uploads\/2020\/07\/unnamed3.jpg\" data-link=\"https:\/\/www.carpinteria-aluminio.cat\/?attachment_id=19102\" class=\"wp-image-19102\" srcset=\"https:\/\/www.carpinteria-aluminio.cat\/wp-content\/uploads\/2020\/07\/unnamed3-768x1024.jpg 768w, https:\/\/www.carpinteria-aluminio.cat\/wp-content\/uploads\/2020\/07\/unnamed3-225x300.jpg 225w, https:\/\/www.carpinteria-aluminio.cat\/wp-content\/uploads\/2020\/07\/unnamed3-1152x1536.jpg 1152w, https:\/\/www.carpinteria-aluminio.cat\/wp-content\/uploads\/2020\/07\/unnamed3-110x146.jpg 110w, https:\/\/www.carpinteria-aluminio.cat\/wp-content\/uploads\/2020\/07\/unnamed3-38x50.jpg 38w, https:\/\/www.carpinteria-aluminio.cat\/wp-content\/uploads\/2020\/07\/unnamed3-56x75.jpg 56w, https:\/\/www.carpinteria-aluminio.cat\/wp-content\/uploads\/2020\/07\/unnamed3.jpg 1512w\" sizes=\"auto, (max-width:767px) 480px, (max-width:768px) 100vw, 768px\" \/><\/figure><\/li><\/ul><\/figure>\n\n\n\n<figure class=\"wp-block-gallery columns-2 is-cropped wp-block-gallery-2 is-layout-flex wp-block-gallery-is-layout-flex\"><ul class=\"blocks-gallery-grid\"><li class=\"blocks-gallery-item\"><figure><img loading=\"lazy\" decoding=\"async\" width=\"768\" height=\"1024\" src=\"https:\/\/www.carpinteria-aluminio.cat\/wp-content\/uploads\/2020\/07\/WhatsApp-Image-2020-06-29-at-16.49.47-1-768x1024.jpeg\" alt=\"\" data-id=\"19105\" data-link=\"https:\/\/www.carpinteria-aluminio.cat\/?attachment_id=19105\" class=\"wp-image-19105\" srcset=\"https:\/\/www.carpinteria-aluminio.cat\/wp-content\/uploads\/2020\/07\/WhatsApp-Image-2020-06-29-at-16.49.47-1-768x1024.jpeg 768w, https:\/\/www.carpinteria-aluminio.cat\/wp-content\/uploads\/2020\/07\/WhatsApp-Image-2020-06-29-at-16.49.47-1-225x300.jpeg 225w, https:\/\/www.carpinteria-aluminio.cat\/wp-content\/uploads\/2020\/07\/WhatsApp-Image-2020-06-29-at-16.49.47-1-1152x1536.jpeg 1152w, https:\/\/www.carpinteria-aluminio.cat\/wp-content\/uploads\/2020\/07\/WhatsApp-Image-2020-06-29-at-16.49.47-1-110x146.jpeg 110w, https:\/\/www.carpinteria-aluminio.cat\/wp-content\/uploads\/2020\/07\/WhatsApp-Image-2020-06-29-at-16.49.47-1-38x50.jpeg 38w, https:\/\/www.carpinteria-aluminio.cat\/wp-content\/uploads\/2020\/07\/WhatsApp-Image-2020-06-29-at-16.49.47-1-56x75.jpeg 56w, https:\/\/www.carpinteria-aluminio.cat\/wp-content\/uploads\/2020\/07\/WhatsApp-Image-2020-06-29-at-16.49.47-1.jpeg 1512w\" sizes=\"auto, (max-width:767px) 480px, (max-width:768px) 100vw, 768px\" \/><\/figure><\/li><li class=\"blocks-gallery-item\"><figure><img loading=\"lazy\" decoding=\"async\" width=\"768\" height=\"1024\" src=\"https:\/\/www.carpinteria-aluminio.cat\/wp-content\/uploads\/2020\/07\/unnamed2-768x1024.jpg\" alt=\"\" data-id=\"19108\" data-full-url=\"https:\/\/www.carpinteria-aluminio.cat\/wp-content\/uploads\/2020\/07\/unnamed2.jpg\" data-link=\"https:\/\/www.carpinteria-aluminio.cat\/?attachment_id=19108\" class=\"wp-image-19108\" srcset=\"https:\/\/www.carpinteria-aluminio.cat\/wp-content\/uploads\/2020\/07\/unnamed2-768x1024.jpg 768w, https:\/\/www.carpinteria-aluminio.cat\/wp-content\/uploads\/2020\/07\/unnamed2-225x300.jpg 225w, https:\/\/www.carpinteria-aluminio.cat\/wp-content\/uploads\/2020\/07\/unnamed2-1152x1536.jpg 1152w, https:\/\/www.carpinteria-aluminio.cat\/wp-content\/uploads\/2020\/07\/unnamed2-110x146.jpg 110w, https:\/\/www.carpinteria-aluminio.cat\/wp-content\/uploads\/2020\/07\/unnamed2-38x50.jpg 38w, https:\/\/www.carpinteria-aluminio.cat\/wp-content\/uploads\/2020\/07\/unnamed2-56x75.jpg 56w, https:\/\/www.carpinteria-aluminio.cat\/wp-content\/uploads\/2020\/07\/unnamed2.jpg 1512w\" sizes=\"auto, (max-width:767px) 480px, (max-width:768px) 100vw, 768px\" \/><\/figure><\/li><\/ul><\/figure>\n","protected":false},"excerpt":{"rendered":"<p>Fabricaci\u00f3 i instal\u00b7laci\u00f3 d&#8217;estructura d&#8217;alumini lacat negre amb quarterons. Per a separar cuina de rebedor, en substituci\u00f3 de paret, permetent aix\u00ed l&#8217;entrada de llum alhora que<span class=\"excerpt-hellip\"> [\u2026]<\/span><\/p>\n","protected":false},"author":2,"featured_media":19109,"comment_status":"closed","ping_status":"closed","sticky":false,"template":"","format":"standard","meta":{"_joinchat":[],"footnotes":""},"categories":[40],"tags":[430,128,316,317],"class_list":["post-19113","post","type-post","status-publish","format-standard","has-post-thumbnail","hentry","category-treballs-realitzats","tag-cuina","tag-llum","tag-negre","tag-separadors"],"aioseo_notices":[],"_links":{"self":[{"href":"https:\/\/www.carpinteria-aluminio.cat\/ca\/wp-json\/wp\/v2\/posts\/19113","targetHints":{"allow":["GET"]}}],"collection":[{"href":"https:\/\/www.carpinteria-aluminio.cat\/ca\/wp-json\/wp\/v2\/posts"}],"about":[{"href":"https:\/\/www.carpinteria-aluminio.cat\/ca\/wp-json\/wp\/v2\/types\/post"}],"author":[{"embeddable":true,"href":"https:\/\/www.carpinteria-aluminio.cat\/ca\/wp-json\/wp\/v2\/users\/2"}],"replies":[{"embeddable":true,"href":"https:\/\/www.carpinteria-aluminio.cat\/ca\/wp-json\/wp\/v2\/comments?post=19113"}],"version-history":[{"count":4,"href":"https:\/\/www.carpinteria-aluminio.cat\/ca\/wp-json\/wp\/v2\/posts\/19113\/revisions"}],"predecessor-version":[{"id":21287,"href":"https:\/\/www.carpinteria-aluminio.cat\/ca\/wp-json\/wp\/v2\/posts\/19113\/revisions\/21287"}],"wp:featuredmedia":[{"embeddable":true,"href":"https:\/\/www.carpinteria-aluminio.cat\/ca\/wp-json\/wp\/v2\/media\/19109"}],"wp:attachment":[{"href":"https:\/\/www.carpinteria-aluminio.cat\/ca\/wp-json\/wp\/v2\/media?parent=19113"}],"wp:term":[{"taxonomy":"category","embeddable":true,"href":"https:\/\/www.carpinteria-aluminio.cat\/ca\/wp-json\/wp\/v2\/categories?post=19113"},{"taxonomy":"post_tag","embeddable":true,"href":"https:\/\/www.carpinteria-aluminio.cat\/ca\/wp-json\/wp\/v2\/tags?post=19113"}],"curies":[{"name":"wp","href":"https:\/\/api.w.org\/{rel}","templated":true}]}}