{"id":19237,"date":"2020-10-16T09:59:43","date_gmt":"2020-10-16T08:59:43","guid":{"rendered":"https:\/\/www.carpinteria-aluminio.cat\/?p=19237"},"modified":"2020-10-16T09:59:44","modified_gmt":"2020-10-16T08:59:44","slug":"installacio-i-fabricacio-de-finestres-oscillobatents-dalumini","status":"publish","type":"post","link":"https:\/\/www.carpinteria-aluminio.cat\/ca\/installacio-i-fabricacio-de-finestres-oscillobatents-dalumini\/","title":{"rendered":"Instal\u00b7laci\u00f3 i fabricaci\u00f3 de finestres oscil\u00b7lobatents d&#8217;alumini"},"content":{"rendered":"\n<p>Instal\u00b7laci\u00f3 i fabricaci\u00f3 de finestres oscil\u00b7lobatents d&#8217;alumini lacat negre. A m\u00e9s d&#8217;instal\u00b7laci\u00f3 i fabricaci\u00f3 d&#8217;una petita finestra de lavabo d&#8217;alumini lacat negre amb obertura vertical.<\/p>\n\n\n\n<p>Les finestres oscil\u00b7lobatents s\u00f3n aquelles que tenen la capacitat d&#8217;obertura per eixos: Vertical, \u00e9s a dir que funciona com les finestres practicables convencional, i horitzontal.<\/p>\n\n\n\n<figure class=\"wp-block-gallery columns-2 is-cropped wp-block-gallery-1 is-layout-flex wp-block-gallery-is-layout-flex\"><ul class=\"blocks-gallery-grid\"><li class=\"blocks-gallery-item\"><figure><img loading=\"lazy\" decoding=\"async\" width=\"768\" height=\"1024\" src=\"https:\/\/www.carpinteria-aluminio.cat\/wp-content\/uploads\/2020\/07\/WhatsApp-Image-2020-06-19-at-17.04.06-2-1-768x1024.jpeg\" alt=\"\" data-id=\"19211\" data-link=\"https:\/\/www.carpinteria-aluminio.cat\/?attachment_id=19211\" class=\"wp-image-19211\" srcset=\"https:\/\/www.carpinteria-aluminio.cat\/wp-content\/uploads\/2020\/07\/WhatsApp-Image-2020-06-19-at-17.04.06-2-1-768x1024.jpeg 768w, https:\/\/www.carpinteria-aluminio.cat\/wp-content\/uploads\/2020\/07\/WhatsApp-Image-2020-06-19-at-17.04.06-2-1-225x300.jpeg 225w, https:\/\/www.carpinteria-aluminio.cat\/wp-content\/uploads\/2020\/07\/WhatsApp-Image-2020-06-19-at-17.04.06-2-1-1152x1536.jpeg 1152w, https:\/\/www.carpinteria-aluminio.cat\/wp-content\/uploads\/2020\/07\/WhatsApp-Image-2020-06-19-at-17.04.06-2-1-110x146.jpeg 110w, https:\/\/www.carpinteria-aluminio.cat\/wp-content\/uploads\/2020\/07\/WhatsApp-Image-2020-06-19-at-17.04.06-2-1-38x50.jpeg 38w, https:\/\/www.carpinteria-aluminio.cat\/wp-content\/uploads\/2020\/07\/WhatsApp-Image-2020-06-19-at-17.04.06-2-1-56x75.jpeg 56w, https:\/\/www.carpinteria-aluminio.cat\/wp-content\/uploads\/2020\/07\/WhatsApp-Image-2020-06-19-at-17.04.06-2-1.jpeg 1500w\" sizes=\"auto, (max-width:767px) 480px, (max-width:768px) 100vw, 768px\" \/><\/figure><\/li><li class=\"blocks-gallery-item\"><figure><img loading=\"lazy\" decoding=\"async\" width=\"768\" height=\"1024\" src=\"https:\/\/www.carpinteria-aluminio.cat\/wp-content\/uploads\/2020\/07\/WhatsApp-Image-2020-06-19-at-17.04.08-768x1024.jpeg\" alt=\"\" data-id=\"19214\" data-full-url=\"https:\/\/www.carpinteria-aluminio.cat\/wp-content\/uploads\/2020\/07\/WhatsApp-Image-2020-06-19-at-17.04.08.jpeg\" data-link=\"https:\/\/www.carpinteria-aluminio.cat\/?attachment_id=19214\" class=\"wp-image-19214\" srcset=\"https:\/\/www.carpinteria-aluminio.cat\/wp-content\/uploads\/2020\/07\/WhatsApp-Image-2020-06-19-at-17.04.08-768x1024.jpeg 768w, https:\/\/www.carpinteria-aluminio.cat\/wp-content\/uploads\/2020\/07\/WhatsApp-Image-2020-06-19-at-17.04.08-225x300.jpeg 225w, https:\/\/www.carpinteria-aluminio.cat\/wp-content\/uploads\/2020\/07\/WhatsApp-Image-2020-06-19-at-17.04.08-1152x1536.jpeg 1152w, https:\/\/www.carpinteria-aluminio.cat\/wp-content\/uploads\/2020\/07\/WhatsApp-Image-2020-06-19-at-17.04.08-110x146.jpeg 110w, https:\/\/www.carpinteria-aluminio.cat\/wp-content\/uploads\/2020\/07\/WhatsApp-Image-2020-06-19-at-17.04.08-38x50.jpeg 38w, https:\/\/www.carpinteria-aluminio.cat\/wp-content\/uploads\/2020\/07\/WhatsApp-Image-2020-06-19-at-17.04.08-56x75.jpeg 56w, https:\/\/www.carpinteria-aluminio.cat\/wp-content\/uploads\/2020\/07\/WhatsApp-Image-2020-06-19-at-17.04.08.jpeg 1500w\" sizes=\"auto, (max-width:767px) 480px, (max-width:768px) 100vw, 768px\" \/><\/figure><\/li><\/ul><\/figure>\n\n\n\n<figure class=\"wp-block-gallery columns-2 is-cropped wp-block-gallery-2 is-layout-flex wp-block-gallery-is-layout-flex\"><ul class=\"blocks-gallery-grid\"><li class=\"blocks-gallery-item\"><figure><img loading=\"lazy\" decoding=\"async\" width=\"768\" height=\"1024\" src=\"https:\/\/www.carpinteria-aluminio.cat\/wp-content\/uploads\/2020\/07\/WhatsApp-Image-2020-06-19-at-17.04.08-1-768x1024.jpeg\" alt=\"\" data-id=\"19217\" data-link=\"https:\/\/www.carpinteria-aluminio.cat\/?attachment_id=19217\" class=\"wp-image-19217\" srcset=\"https:\/\/www.carpinteria-aluminio.cat\/wp-content\/uploads\/2020\/07\/WhatsApp-Image-2020-06-19-at-17.04.08-1-768x1024.jpeg 768w, https:\/\/www.carpinteria-aluminio.cat\/wp-content\/uploads\/2020\/07\/WhatsApp-Image-2020-06-19-at-17.04.08-1-225x300.jpeg 225w, https:\/\/www.carpinteria-aluminio.cat\/wp-content\/uploads\/2020\/07\/WhatsApp-Image-2020-06-19-at-17.04.08-1-1152x1536.jpeg 1152w, https:\/\/www.carpinteria-aluminio.cat\/wp-content\/uploads\/2020\/07\/WhatsApp-Image-2020-06-19-at-17.04.08-1-110x146.jpeg 110w, https:\/\/www.carpinteria-aluminio.cat\/wp-content\/uploads\/2020\/07\/WhatsApp-Image-2020-06-19-at-17.04.08-1-38x50.jpeg 38w, https:\/\/www.carpinteria-aluminio.cat\/wp-content\/uploads\/2020\/07\/WhatsApp-Image-2020-06-19-at-17.04.08-1-56x75.jpeg 56w, https:\/\/www.carpinteria-aluminio.cat\/wp-content\/uploads\/2020\/07\/WhatsApp-Image-2020-06-19-at-17.04.08-1.jpeg 1500w\" sizes=\"auto, (max-width:767px) 480px, (max-width:768px) 100vw, 768px\" \/><\/figure><\/li><li class=\"blocks-gallery-item\"><figure><img loading=\"lazy\" decoding=\"async\" width=\"768\" height=\"1024\" src=\"https:\/\/www.carpinteria-aluminio.cat\/wp-content\/uploads\/2020\/07\/WhatsApp-Image-2020-06-19-at-17.04.08-2-768x1024.jpeg\" alt=\"\" data-id=\"19220\" data-link=\"https:\/\/www.carpinteria-aluminio.cat\/?attachment_id=19220\" class=\"wp-image-19220\" srcset=\"https:\/\/www.carpinteria-aluminio.cat\/wp-content\/uploads\/2020\/07\/WhatsApp-Image-2020-06-19-at-17.04.08-2-768x1024.jpeg 768w, https:\/\/www.carpinteria-aluminio.cat\/wp-content\/uploads\/2020\/07\/WhatsApp-Image-2020-06-19-at-17.04.08-2-225x300.jpeg 225w, https:\/\/www.carpinteria-aluminio.cat\/wp-content\/uploads\/2020\/07\/WhatsApp-Image-2020-06-19-at-17.04.08-2-1152x1536.jpeg 1152w, https:\/\/www.carpinteria-aluminio.cat\/wp-content\/uploads\/2020\/07\/WhatsApp-Image-2020-06-19-at-17.04.08-2-110x146.jpeg 110w, https:\/\/www.carpinteria-aluminio.cat\/wp-content\/uploads\/2020\/07\/WhatsApp-Image-2020-06-19-at-17.04.08-2-38x50.jpeg 38w, https:\/\/www.carpinteria-aluminio.cat\/wp-content\/uploads\/2020\/07\/WhatsApp-Image-2020-06-19-at-17.04.08-2-56x75.jpeg 56w, https:\/\/www.carpinteria-aluminio.cat\/wp-content\/uploads\/2020\/07\/WhatsApp-Image-2020-06-19-at-17.04.08-2.jpeg 1500w\" sizes=\"auto, (max-width:767px) 480px, (max-width:768px) 100vw, 768px\" \/><\/figure><\/li><\/ul><\/figure>\n\n\n\n<h2 class=\"wp-block-heading\">Avantatges de les finestres oscil\u00b7lobatents<\/h2>\n\n\n\n<ul class=\"wp-block-list\"><li>Major versatilitat<\/li><li>Alt nivell d&#8217;a\u00efllament ac\u00fastic i t\u00e8rmic<\/li><li>Tancament herm\u00e8tic entre marc i fulla<\/li><li>Permet neteja de la cara exterior des de l&#8217;interior de l&#8217;edifici<\/li><li>Permet regular el nivell de ventilaci\u00f3<\/li><\/ul>\n\n\n\n<figure class=\"wp-block-gallery columns-2 is-cropped wp-block-gallery-3 is-layout-flex wp-block-gallery-is-layout-flex\"><ul class=\"blocks-gallery-grid\"><li class=\"blocks-gallery-item\"><figure><img loading=\"lazy\" decoding=\"async\" width=\"768\" height=\"1024\" src=\"https:\/\/www.carpinteria-aluminio.cat\/wp-content\/uploads\/2020\/07\/WhatsApp-Image-2020-06-19-at-17.04.06-3-1-768x1024.jpeg\" alt=\"\" data-id=\"19229\" data-link=\"https:\/\/www.carpinteria-aluminio.cat\/?attachment_id=19229\" class=\"wp-image-19229\" srcset=\"https:\/\/www.carpinteria-aluminio.cat\/wp-content\/uploads\/2020\/07\/WhatsApp-Image-2020-06-19-at-17.04.06-3-1-768x1024.jpeg 768w, https:\/\/www.carpinteria-aluminio.cat\/wp-content\/uploads\/2020\/07\/WhatsApp-Image-2020-06-19-at-17.04.06-3-1-225x300.jpeg 225w, https:\/\/www.carpinteria-aluminio.cat\/wp-content\/uploads\/2020\/07\/WhatsApp-Image-2020-06-19-at-17.04.06-3-1-1152x1536.jpeg 1152w, https:\/\/www.carpinteria-aluminio.cat\/wp-content\/uploads\/2020\/07\/WhatsApp-Image-2020-06-19-at-17.04.06-3-1-110x146.jpeg 110w, https:\/\/www.carpinteria-aluminio.cat\/wp-content\/uploads\/2020\/07\/WhatsApp-Image-2020-06-19-at-17.04.06-3-1-38x50.jpeg 38w, https:\/\/www.carpinteria-aluminio.cat\/wp-content\/uploads\/2020\/07\/WhatsApp-Image-2020-06-19-at-17.04.06-3-1-56x75.jpeg 56w, https:\/\/www.carpinteria-aluminio.cat\/wp-content\/uploads\/2020\/07\/WhatsApp-Image-2020-06-19-at-17.04.06-3-1.jpeg 1500w\" sizes=\"auto, (max-width:767px) 480px, (max-width:768px) 100vw, 768px\" \/><\/figure><\/li><li class=\"blocks-gallery-item\"><figure><img loading=\"lazy\" decoding=\"async\" width=\"768\" height=\"1024\" src=\"https:\/\/www.carpinteria-aluminio.cat\/wp-content\/uploads\/2020\/07\/WhatsApp-Image-2020-06-19-at-17.04.06-1-768x1024.jpeg\" alt=\"\" data-id=\"19232\" data-full-url=\"https:\/\/www.carpinteria-aluminio.cat\/wp-content\/uploads\/2020\/07\/WhatsApp-Image-2020-06-19-at-17.04.06-1.jpeg\" data-link=\"https:\/\/www.carpinteria-aluminio.cat\/?attachment_id=19232\" class=\"wp-image-19232\" srcset=\"https:\/\/www.carpinteria-aluminio.cat\/wp-content\/uploads\/2020\/07\/WhatsApp-Image-2020-06-19-at-17.04.06-1-768x1024.jpeg 768w, https:\/\/www.carpinteria-aluminio.cat\/wp-content\/uploads\/2020\/07\/WhatsApp-Image-2020-06-19-at-17.04.06-1-225x300.jpeg 225w, https:\/\/www.carpinteria-aluminio.cat\/wp-content\/uploads\/2020\/07\/WhatsApp-Image-2020-06-19-at-17.04.06-1-1152x1536.jpeg 1152w, https:\/\/www.carpinteria-aluminio.cat\/wp-content\/uploads\/2020\/07\/WhatsApp-Image-2020-06-19-at-17.04.06-1-110x146.jpeg 110w, https:\/\/www.carpinteria-aluminio.cat\/wp-content\/uploads\/2020\/07\/WhatsApp-Image-2020-06-19-at-17.04.06-1-38x50.jpeg 38w, https:\/\/www.carpinteria-aluminio.cat\/wp-content\/uploads\/2020\/07\/WhatsApp-Image-2020-06-19-at-17.04.06-1-56x75.jpeg 56w, https:\/\/www.carpinteria-aluminio.cat\/wp-content\/uploads\/2020\/07\/WhatsApp-Image-2020-06-19-at-17.04.06-1.jpeg 1500w\" sizes=\"auto, (max-width:767px) 480px, (max-width:768px) 100vw, 768px\" \/><\/figure><\/li><\/ul><\/figure>\n","protected":false},"excerpt":{"rendered":"<p>Instal\u00b7laci\u00f3 i fabricaci\u00f3 de finestres oscil\u00b7lobatents d&#8217;alumini lacat negre. A m\u00e9s d&#8217;instal\u00b7laci\u00f3 i fabricaci\u00f3 d&#8217;una petita finestra de lavabo d&#8217;alumini lacat negre amb obertura vertical. Les<span class=\"excerpt-hellip\"> [\u2026]<\/span><\/p>\n","protected":false},"author":2,"featured_media":19218,"comment_status":"closed","ping_status":"closed","sticky":false,"template":"","format":"standard","meta":{"_joinchat":[],"footnotes":""},"categories":[40],"tags":[66,678,397,316,524],"class_list":["post-19237","post","type-post","status-publish","format-standard","has-post-thumbnail","hentry","category-treballs-realitzats","tag-alumini-ca","tag-cristall","tag-finestra","tag-negre","tag-oscillobatent"],"aioseo_notices":[],"_links":{"self":[{"href":"https:\/\/www.carpinteria-aluminio.cat\/ca\/wp-json\/wp\/v2\/posts\/19237","targetHints":{"allow":["GET"]}}],"collection":[{"href":"https:\/\/www.carpinteria-aluminio.cat\/ca\/wp-json\/wp\/v2\/posts"}],"about":[{"href":"https:\/\/www.carpinteria-aluminio.cat\/ca\/wp-json\/wp\/v2\/types\/post"}],"author":[{"embeddable":true,"href":"https:\/\/www.carpinteria-aluminio.cat\/ca\/wp-json\/wp\/v2\/users\/2"}],"replies":[{"embeddable":true,"href":"https:\/\/www.carpinteria-aluminio.cat\/ca\/wp-json\/wp\/v2\/comments?post=19237"}],"version-history":[{"count":2,"href":"https:\/\/www.carpinteria-aluminio.cat\/ca\/wp-json\/wp\/v2\/posts\/19237\/revisions"}],"predecessor-version":[{"id":21280,"href":"https:\/\/www.carpinteria-aluminio.cat\/ca\/wp-json\/wp\/v2\/posts\/19237\/revisions\/21280"}],"wp:featuredmedia":[{"embeddable":true,"href":"https:\/\/www.carpinteria-aluminio.cat\/ca\/wp-json\/wp\/v2\/media\/19218"}],"wp:attachment":[{"href":"https:\/\/www.carpinteria-aluminio.cat\/ca\/wp-json\/wp\/v2\/media?parent=19237"}],"wp:term":[{"taxonomy":"category","embeddable":true,"href":"https:\/\/www.carpinteria-aluminio.cat\/ca\/wp-json\/wp\/v2\/categories?post=19237"},{"taxonomy":"post_tag","embeddable":true,"href":"https:\/\/www.carpinteria-aluminio.cat\/ca\/wp-json\/wp\/v2\/tags?post=19237"}],"curies":[{"name":"wp","href":"https:\/\/api.w.org\/{rel}","templated":true}]}}