{"id":20426,"date":"2020-10-16T10:39:03","date_gmt":"2020-10-16T09:39:03","guid":{"rendered":"https:\/\/www.carpinteria-aluminio.cat\/?p=20426"},"modified":"2020-10-16T10:39:04","modified_gmt":"2020-10-16T09:39:04","slug":"lalumini-un-material-sostenible-gracies-a-la-seva-agilitat-per-a-reciclar-se","status":"publish","type":"post","link":"https:\/\/www.carpinteria-aluminio.cat\/ca\/lalumini-un-material-sostenible-gracies-a-la-seva-agilitat-per-a-reciclar-se\/","title":{"rendered":"L&#8217;alumini, un material sostenible gr\u00e0cies a la seva agilitat per a reciclar-se"},"content":{"rendered":"\n<p><em>La circularitat de l&#8217;alumini pot fer que es transformi en un component 100% reciclable, apropiat per al decorat d&#8217;objectes o materials de l&#8217;habitatge com per a l&#8217;elaboraci\u00f3 de muntatges de consum el\u00e8ctric sense deixar de costat el prestigi, la import\u00e0ncia i per a protegir la sostenibilitat de l&#8217;ecosistema. En realitat, gaireb\u00e9 el 75% de l&#8217;extracci\u00f3 d&#8217;aquest material encara segueix en utilitat.<\/em><\/p>\n\n\n\n<p>L&#8217;alumini es compon de propietats s\u00f2lides i fermes, pel fet que no perd les caracter\u00edstiques prim\u00e0ries. Aquesta circumst\u00e0ncia indueix, en responsabilitat, que realitzi el seu benefici m\u00e9s competitiu en l&#8217;\u00e0rea: en minorar la seva secci\u00f3 en les mat\u00e8ries primeres, ja que es resguarden tot el temps, consent que el seu cost de mercat no s&#8217;incrementi m\u00e9s del necessari i, com a resultat, estimula aquesta circularitat per a tornar a ser reutilitzat en altres treballs i utilitats.<\/p>\n\n\n\n<p><strong>El comprom\u00eds del medi ambient amb l&#8217;alumini<\/strong><\/p>\n\n\n\n<p>La riquesa de l&#8217;alumini en la terra possibilita que aquest material es pugui aprofitar \u00edntegrament amb gran neciesa. Aix\u00ed, les proporcions de contaminaci\u00f3 es mitiguen a l&#8217;haver una menor correspond\u00e8ncia de fabricaci\u00f3 i es produeix, a poc a poc, un c\u00e0non de col\u00b7lectivitat sostenible i harm\u00f2nic amb l&#8217;h\u00e0bitat.<\/p>\n\n\n\n<p>Les empreses cada vegada aposten m\u00e9s pels materials que es poden reciclar i reutilitzar, amb la finalitat d&#8217;unir-se al canvi en els costums de consum. La qual cosa, tamb\u00e9 proporciona una moderaci\u00f3 d&#8217;energia, ja que s&#8217;utilitzen menys recursos per a confeccionar; i, com a resultat, es mitiguen tamb\u00e9 el seu import, tant d&#8217;elaboraci\u00f3 com de rebuts el\u00e8ctrics o en adquisici\u00f3 d&#8217;elements per a la preparaci\u00f3 industrial.<\/p>\n\n\n\n<p>L&#8217;alumini s&#8217;aplica com una elecci\u00f3 resistent per a suplantar a materials com els pl\u00e0stics perqu\u00e8 cont\u00e9 un nivell m\u00ednim de toxicitat amb el mitj\u00e0 i suporta una reducci\u00f3 percentual amb els nivells de contaminaci\u00f3.<\/p>\n\n\n\n<p>D&#8217;aquesta manera, es poden fabricar finestres, per exemple amb components m\u00e9s ambientals que no sols col\u00b7laboren a estr\u00e8nyer la petjada de carboni en el m\u00f3n, sin\u00f3 que, tamb\u00e9, presenten una principal solidesa de cara a l&#8217;exterior, a\u00efllant el domicili dels furts que es puguin ocasionar i del soroll.<\/p>\n\n\n\n<p>L&#8217;a\u00efllament t\u00e8rmic, en veritat, \u00e9s una de les ocupacions intel\u00b7ligents amb m\u00e9s demanda i desafiament de futur, es fonamenta en l&#8217;alumini com a mat\u00e8ria primera per a conservar les temperatures m\u00e9s fredes en els mesos d&#8217;estiu i m\u00e9s caloroses en els dies d&#8217;hivern. D&#8217;aquesta manera, el consumidor est\u00e0 capacitat per a economitzar aix\u00ed en calefacci\u00f3, el m\u00e8tode de major consum de llum en la suma del pressupost d&#8217;un rebut mensual.<\/p>\n\n\n\n<figure class=\"wp-block-image size-large\"><img loading=\"lazy\" decoding=\"async\" width=\"825\" height=\"293\" src=\"https:\/\/www.carpinteria-aluminio.cat\/wp-content\/uploads\/2020\/09\/ssss.jpg\" alt=\"\" class=\"wp-image-20532\" srcset=\"https:\/\/www.carpinteria-aluminio.cat\/wp-content\/uploads\/2020\/09\/ssss.jpg 825w, https:\/\/www.carpinteria-aluminio.cat\/wp-content\/uploads\/2020\/09\/ssss-300x107.jpg 300w, https:\/\/www.carpinteria-aluminio.cat\/wp-content\/uploads\/2020\/09\/ssss-768x273.jpg 768w, https:\/\/www.carpinteria-aluminio.cat\/wp-content\/uploads\/2020\/09\/ssss-260x92.jpg 260w, https:\/\/www.carpinteria-aluminio.cat\/wp-content\/uploads\/2020\/09\/ssss-50x18.jpg 50w, https:\/\/www.carpinteria-aluminio.cat\/wp-content\/uploads\/2020\/09\/ssss-150x53.jpg 150w\" sizes=\"auto, (max-width:767px) 480px, (max-width:825px) 100vw, 825px\" \/><\/figure>\n\n\n\n<div class=\"form-control second-textarea\"><strong>L&#8217;estalvi energ\u00e8tic de l&#8217;alumini en el consum d&#8217;energia<\/strong><\/div>&#13;\n<form class=\"formulari form-horizontal\"><\/form><strong>\u00a0<\/strong><\/p>\n\n\n\n<p>Avui dia, el que es pret\u00e9n en els habitatges \u00e9s l&#8217;efici\u00e8ncia energ\u00e8tica, un agent amb doble perspectiva. D&#8217;una banda, es reclama un consum de llum que consumeixi el m\u00ednim possible mitjan\u00e7ant electrodom\u00e8stics i aparells electr\u00f2nics que no desaprofitin prove\u00efment en traslladar i emprar l&#8217;energia. D&#8217;altra banda, en aquest sentit, l&#8217;usuari percep un notable descens en l&#8217;abonament de les factures.<\/p>\n\n\n\n<p>En cortesia de l&#8217;alumini s&#8217;ha pogut descobrir el consum d&#8217;energia que interpreten tant el <a href=\"https:\/\/bombonabutano.com\/info\/utilizar-gas-butano\">gas but\u00e0<\/a> com el <a href=\"https:\/\/propanogas.com\/faq\/poder-calorifico-gas-propano\"><span class=\"hiddenGrammarError\">gas prop\u00e0<\/span><\/a>, dues maneres de fundar el subministrament en la llar i la captaci\u00f3 de la qual de la gent infereix en qu\u00e8 els seus nivells de contaminaci\u00f3 s\u00f3n veritablement sublims, sobretot en el seu transcurs d&#8217;elaboraci\u00f3.<\/p>\n\n\n\n<p>L&#8217;alumini reciclat assisteix al fet que aquests dos gasos expulsin una quantitat m\u00ednima de part\u00edcules nocives, en elaborar-se amb materials que precisen d&#8217;una fabricaci\u00f3 que empra \u00fanicament el 5% d&#8217;energia. Aquesta rendibilitat ecol\u00f2gica, es redueix al 95% en el consum de llum si s&#8217;equip\u00e9s amb els avan\u00e7os d&#8217;extracci\u00f3 de mat\u00e8ries com la bauxita.<\/p>\n","protected":false},"excerpt":{"rendered":"<p>La circularitat de l&#8217;alumini pot fer que es transformi en un component 100% reciclable, apropiat per al decorat d&#8217;objectes o materials de l&#8217;habitatge com per a<span class=\"excerpt-hellip\"> [\u2026]<\/span><\/p>\n","protected":false},"author":2,"featured_media":20416,"comment_status":"closed","ping_status":"closed","sticky":false,"template":"","format":"standard","meta":{"_joinchat":[],"footnotes":""},"categories":[36],"tags":[757,66,745],"class_list":["post-20426","post","type-post","status-publish","format-standard","has-post-thumbnail","hentry","category-noticies","tag-alumini-ca-2","tag-alumini-ca","tag-reciclatge"],"aioseo_notices":[],"_links":{"self":[{"href":"https:\/\/www.carpinteria-aluminio.cat\/ca\/wp-json\/wp\/v2\/posts\/20426","targetHints":{"allow":["GET"]}}],"collection":[{"href":"https:\/\/www.carpinteria-aluminio.cat\/ca\/wp-json\/wp\/v2\/posts"}],"about":[{"href":"https:\/\/www.carpinteria-aluminio.cat\/ca\/wp-json\/wp\/v2\/types\/post"}],"author":[{"embeddable":true,"href":"https:\/\/www.carpinteria-aluminio.cat\/ca\/wp-json\/wp\/v2\/users\/2"}],"replies":[{"embeddable":true,"href":"https:\/\/www.carpinteria-aluminio.cat\/ca\/wp-json\/wp\/v2\/comments?post=20426"}],"version-history":[{"count":5,"href":"https:\/\/www.carpinteria-aluminio.cat\/ca\/wp-json\/wp\/v2\/posts\/20426\/revisions"}],"predecessor-version":[{"id":21297,"href":"https:\/\/www.carpinteria-aluminio.cat\/ca\/wp-json\/wp\/v2\/posts\/20426\/revisions\/21297"}],"wp:featuredmedia":[{"embeddable":true,"href":"https:\/\/www.carpinteria-aluminio.cat\/ca\/wp-json\/wp\/v2\/media\/20416"}],"wp:attachment":[{"href":"https:\/\/www.carpinteria-aluminio.cat\/ca\/wp-json\/wp\/v2\/media?parent=20426"}],"wp:term":[{"taxonomy":"category","embeddable":true,"href":"https:\/\/www.carpinteria-aluminio.cat\/ca\/wp-json\/wp\/v2\/categories?post=20426"},{"taxonomy":"post_tag","embeddable":true,"href":"https:\/\/www.carpinteria-aluminio.cat\/ca\/wp-json\/wp\/v2\/tags?post=20426"}],"curies":[{"name":"wp","href":"https:\/\/api.w.org\/{rel}","templated":true}]}}