{"id":20563,"date":"2020-10-16T09:57:30","date_gmt":"2020-10-16T08:57:30","guid":{"rendered":"https:\/\/www.carpinteria-aluminio.cat\/?p=20563"},"modified":"2020-10-16T09:57:31","modified_gmt":"2020-10-16T08:57:31","slug":"tendal-telo-amb-lona-screen","status":"publish","type":"post","link":"https:\/\/www.carpinteria-aluminio.cat\/ca\/tendal-telo-amb-lona-screen\/","title":{"rendered":"Tendal tel\u00f3 amb lona Screen"},"content":{"rendered":"\n<p>Subministrament i instal\u00b7laci\u00f3 de l&#8217;un tendal tel\u00f3 amb lona Screen i acabats en alumini, perfecte per als mesos d&#8217;estiu. El seu material a\u00eflla perfectament de la calor aportant aquesta tan anhelada ombra i frescor.<\/p>\n\n\n\n<figure class=\"wp-block-gallery columns-2 is-cropped wp-block-gallery-1 is-layout-flex wp-block-gallery-is-layout-flex\"><ul class=\"blocks-gallery-grid\"><li class=\"blocks-gallery-item\"><figure><img loading=\"lazy\" decoding=\"async\" width=\"1024\" height=\"768\" src=\"https:\/\/www.carpinteria-aluminio.cat\/wp-content\/uploads\/2020\/09\/photo_2020-08-17_09-38-00-1024x768.jpg\" alt=\"\" data-id=\"20549\" data-link=\"https:\/\/www.carpinteria-aluminio.cat\/?attachment_id=20549\" class=\"wp-image-20549\" srcset=\"https:\/\/www.carpinteria-aluminio.cat\/wp-content\/uploads\/2020\/09\/photo_2020-08-17_09-38-00-1024x768.jpg 1024w, https:\/\/www.carpinteria-aluminio.cat\/wp-content\/uploads\/2020\/09\/photo_2020-08-17_09-38-00-300x225.jpg 300w, https:\/\/www.carpinteria-aluminio.cat\/wp-content\/uploads\/2020\/09\/photo_2020-08-17_09-38-00-768x576.jpg 768w, https:\/\/www.carpinteria-aluminio.cat\/wp-content\/uploads\/2020\/09\/photo_2020-08-17_09-38-00-195x146.jpg 195w, https:\/\/www.carpinteria-aluminio.cat\/wp-content\/uploads\/2020\/09\/photo_2020-08-17_09-38-00-50x38.jpg 50w, https:\/\/www.carpinteria-aluminio.cat\/wp-content\/uploads\/2020\/09\/photo_2020-08-17_09-38-00-100x75.jpg 100w, https:\/\/www.carpinteria-aluminio.cat\/wp-content\/uploads\/2020\/09\/photo_2020-08-17_09-38-00-960x720.jpg 960w, https:\/\/www.carpinteria-aluminio.cat\/wp-content\/uploads\/2020\/09\/photo_2020-08-17_09-38-00.jpg 1280w\" sizes=\"auto, (max-width:767px) 480px, (max-width:1024px) 100vw, 1024px\" \/><\/figure><\/li><li class=\"blocks-gallery-item\"><figure><img loading=\"lazy\" decoding=\"async\" width=\"1024\" height=\"768\" src=\"https:\/\/www.carpinteria-aluminio.cat\/wp-content\/uploads\/2020\/09\/photo_2020-08-17_09-38-13-1024x768.jpg\" alt=\"\" data-id=\"20552\" data-full-url=\"https:\/\/www.carpinteria-aluminio.cat\/wp-content\/uploads\/2020\/09\/photo_2020-08-17_09-38-13.jpg\" data-link=\"https:\/\/www.carpinteria-aluminio.cat\/?attachment_id=20552\" class=\"wp-image-20552\" srcset=\"https:\/\/www.carpinteria-aluminio.cat\/wp-content\/uploads\/2020\/09\/photo_2020-08-17_09-38-13-1024x768.jpg 1024w, https:\/\/www.carpinteria-aluminio.cat\/wp-content\/uploads\/2020\/09\/photo_2020-08-17_09-38-13-300x225.jpg 300w, https:\/\/www.carpinteria-aluminio.cat\/wp-content\/uploads\/2020\/09\/photo_2020-08-17_09-38-13-768x576.jpg 768w, https:\/\/www.carpinteria-aluminio.cat\/wp-content\/uploads\/2020\/09\/photo_2020-08-17_09-38-13-195x146.jpg 195w, https:\/\/www.carpinteria-aluminio.cat\/wp-content\/uploads\/2020\/09\/photo_2020-08-17_09-38-13-50x38.jpg 50w, https:\/\/www.carpinteria-aluminio.cat\/wp-content\/uploads\/2020\/09\/photo_2020-08-17_09-38-13-100x75.jpg 100w, https:\/\/www.carpinteria-aluminio.cat\/wp-content\/uploads\/2020\/09\/photo_2020-08-17_09-38-13-960x720.jpg 960w, https:\/\/www.carpinteria-aluminio.cat\/wp-content\/uploads\/2020\/09\/photo_2020-08-17_09-38-13.jpg 1280w\" sizes=\"auto, (max-width:767px) 480px, (max-width:1024px) 100vw, 1024px\" \/><\/figure><\/li><\/ul><\/figure>\n\n\n\n<figure class=\"wp-block-gallery aligncenter columns-2 is-cropped wp-block-gallery-2 is-layout-flex wp-block-gallery-is-layout-flex\"><ul class=\"blocks-gallery-grid\"><li class=\"blocks-gallery-item\"><figure><img loading=\"lazy\" decoding=\"async\" width=\"768\" height=\"1024\" src=\"https:\/\/www.carpinteria-aluminio.cat\/wp-content\/uploads\/2020\/09\/photo_2020-08-17_09-37-41-768x1024.jpg\" alt=\"\" data-id=\"20555\" class=\"wp-image-20555\" srcset=\"https:\/\/www.carpinteria-aluminio.cat\/wp-content\/uploads\/2020\/09\/photo_2020-08-17_09-37-41-768x1024.jpg 768w, https:\/\/www.carpinteria-aluminio.cat\/wp-content\/uploads\/2020\/09\/photo_2020-08-17_09-37-41-225x300.jpg 225w, https:\/\/www.carpinteria-aluminio.cat\/wp-content\/uploads\/2020\/09\/photo_2020-08-17_09-37-41-110x146.jpg 110w, https:\/\/www.carpinteria-aluminio.cat\/wp-content\/uploads\/2020\/09\/photo_2020-08-17_09-37-41-38x50.jpg 38w, https:\/\/www.carpinteria-aluminio.cat\/wp-content\/uploads\/2020\/09\/photo_2020-08-17_09-37-41-56x75.jpg 56w, https:\/\/www.carpinteria-aluminio.cat\/wp-content\/uploads\/2020\/09\/photo_2020-08-17_09-37-41.jpg 960w\" sizes=\"auto, (max-width:767px) 480px, (max-width:768px) 100vw, 768px\" \/><\/figure><\/li><li class=\"blocks-gallery-item\"><figure><img loading=\"lazy\" decoding=\"async\" width=\"768\" height=\"1024\" src=\"https:\/\/www.carpinteria-aluminio.cat\/wp-content\/uploads\/2020\/09\/photo_2020-08-17_09-38-08-768x1024.jpg\" alt=\"\" data-id=\"20559\" data-full-url=\"https:\/\/www.carpinteria-aluminio.cat\/wp-content\/uploads\/2020\/09\/photo_2020-08-17_09-38-08.jpg\" data-link=\"https:\/\/www.carpinteria-aluminio.cat\/?attachment_id=20559\" class=\"wp-image-20559\" srcset=\"https:\/\/www.carpinteria-aluminio.cat\/wp-content\/uploads\/2020\/09\/photo_2020-08-17_09-38-08-768x1024.jpg 768w, https:\/\/www.carpinteria-aluminio.cat\/wp-content\/uploads\/2020\/09\/photo_2020-08-17_09-38-08-225x300.jpg 225w, https:\/\/www.carpinteria-aluminio.cat\/wp-content\/uploads\/2020\/09\/photo_2020-08-17_09-38-08-110x146.jpg 110w, https:\/\/www.carpinteria-aluminio.cat\/wp-content\/uploads\/2020\/09\/photo_2020-08-17_09-38-08-38x50.jpg 38w, https:\/\/www.carpinteria-aluminio.cat\/wp-content\/uploads\/2020\/09\/photo_2020-08-17_09-38-08-56x75.jpg 56w, https:\/\/www.carpinteria-aluminio.cat\/wp-content\/uploads\/2020\/09\/photo_2020-08-17_09-38-08.jpg 960w\" sizes=\"auto, (max-width:767px) 480px, (max-width:768px) 100vw, 768px\" \/><\/figure><\/li><\/ul><\/figure>\n","protected":false},"excerpt":{"rendered":"<p>Subministrament i instal\u00b7laci\u00f3 de l&#8217;un tendal tel\u00f3 amb lona Screen i acabats en alumini, perfecte per als mesos d&#8217;estiu. El seu material a\u00eflla perfectament de la<span class=\"excerpt-hellip\"> [\u2026]<\/span><\/p>\n","protected":false},"author":2,"featured_media":20560,"comment_status":"closed","ping_status":"closed","sticky":false,"template":"","format":"standard","meta":{"_joinchat":[],"footnotes":""},"categories":[40],"tags":[445,713,443],"class_list":["post-20563","post","type-post","status-publish","format-standard","has-post-thumbnail","hentry","category-treballs-realitzats","tag-calor-ca","tag-estiu","tag-tendal"],"aioseo_notices":[],"_links":{"self":[{"href":"https:\/\/www.carpinteria-aluminio.cat\/ca\/wp-json\/wp\/v2\/posts\/20563","targetHints":{"allow":["GET"]}}],"collection":[{"href":"https:\/\/www.carpinteria-aluminio.cat\/ca\/wp-json\/wp\/v2\/posts"}],"about":[{"href":"https:\/\/www.carpinteria-aluminio.cat\/ca\/wp-json\/wp\/v2\/types\/post"}],"author":[{"embeddable":true,"href":"https:\/\/www.carpinteria-aluminio.cat\/ca\/wp-json\/wp\/v2\/users\/2"}],"replies":[{"embeddable":true,"href":"https:\/\/www.carpinteria-aluminio.cat\/ca\/wp-json\/wp\/v2\/comments?post=20563"}],"version-history":[{"count":8,"href":"https:\/\/www.carpinteria-aluminio.cat\/ca\/wp-json\/wp\/v2\/posts\/20563\/revisions"}],"predecessor-version":[{"id":21278,"href":"https:\/\/www.carpinteria-aluminio.cat\/ca\/wp-json\/wp\/v2\/posts\/20563\/revisions\/21278"}],"wp:featuredmedia":[{"embeddable":true,"href":"https:\/\/www.carpinteria-aluminio.cat\/ca\/wp-json\/wp\/v2\/media\/20560"}],"wp:attachment":[{"href":"https:\/\/www.carpinteria-aluminio.cat\/ca\/wp-json\/wp\/v2\/media?parent=20563"}],"wp:term":[{"taxonomy":"category","embeddable":true,"href":"https:\/\/www.carpinteria-aluminio.cat\/ca\/wp-json\/wp\/v2\/categories?post=20563"},{"taxonomy":"post_tag","embeddable":true,"href":"https:\/\/www.carpinteria-aluminio.cat\/ca\/wp-json\/wp\/v2\/tags?post=20563"}],"curies":[{"name":"wp","href":"https:\/\/api.w.org\/{rel}","templated":true}]}}