{"id":20739,"date":"2020-10-16T10:38:52","date_gmt":"2020-10-16T09:38:52","guid":{"rendered":"https:\/\/www.carpinteria-aluminio.cat\/?p=20739"},"modified":"2020-10-16T10:38:52","modified_gmt":"2020-10-16T09:38:52","slug":"claus-per-a-obtenir-finestres-eficients-amb-gran-aillament","status":"publish","type":"post","link":"https:\/\/www.carpinteria-aluminio.cat\/ca\/claus-per-a-obtenir-finestres-eficients-amb-gran-aillament\/","title":{"rendered":"Claus per a obtenir finestres eficients amb gran a\u00efllament"},"content":{"rendered":"\n<div class=\"wp-block-image\"><figure class=\"aligncenter size-large\"><img loading=\"lazy\" decoding=\"async\" width=\"588\" height=\"439\" src=\"https:\/\/www.carpinteria-aluminio.cat\/wp-content\/uploads\/2020\/09\/ventana-aluminio.png\" alt=\"\" class=\"wp-image-20732\" srcset=\"https:\/\/www.carpinteria-aluminio.cat\/wp-content\/uploads\/2020\/09\/ventana-aluminio.png 588w, https:\/\/www.carpinteria-aluminio.cat\/wp-content\/uploads\/2020\/09\/ventana-aluminio-300x224.png 300w, https:\/\/www.carpinteria-aluminio.cat\/wp-content\/uploads\/2020\/09\/ventana-aluminio-196x146.png 196w, https:\/\/www.carpinteria-aluminio.cat\/wp-content\/uploads\/2020\/09\/ventana-aluminio-50x37.png 50w, https:\/\/www.carpinteria-aluminio.cat\/wp-content\/uploads\/2020\/09\/ventana-aluminio-100x75.png 100w\" sizes=\"auto, (max-width:767px) 480px, 588px\" \/><\/figure><\/div>\n\n\n\n<p>Una reorganitzaci\u00f3 dels nostres costums de consum en la llar pot implicar un gran progr\u00e9s per a <a href=\"https:\/\/selectra.es\/energia\/info\/ahorro\/reducir-consumo-energetico-hogar\">economitzar en els rebuts el\u00e8ctrics de l&#8217;habitatge.<\/a> En aquest aspecte, la uni\u00f3 entre l&#8217;interior i l&#8217;exterior m\u00e9s directe del qual es disposa, determinen l&#8217;estructura per a minorar el desemborsament en la tarifa d&#8217;energia i, majorment, en els m\u00e8todes de climatitzaci\u00f3.<\/p>\n\n\n\n<p>Triar la finestra m\u00e9s eficient \u00e9s un tema molt relatiu, hi ha moltes opcions i anir\u00e0 en funci\u00f3 de les necessitats i els requeriments que es determinin.<\/p>\n\n\n\n<p><strong>L&#8217;efici\u00e8ncia energ\u00e8tica<\/strong> aferma la garantia dels dispositius per a gastar el just i necessari en energia. Per tant en aquesta not\u00edcia et vam mostrar els aspectes b\u00e0sics a dur a terme per a continuar en el cam\u00ed d&#8217;instal\u00b7lacions que emprin els medis naturals en les finestres, amb la finalitat de consolidar un prove\u00efment que produeixi una quantitat inferior de restes contaminants per a l&#8217;ecosistema.<\/p>\n\n\n\n<p><strong>Causes a considerar durant el muntatge de finestres eficients<\/strong><\/p>\n\n\n\n<p><strong>Una finestra eficient<\/strong> s&#8217;acull en aquest concepte quan el seu muntatge <span class=\"hiddenGrammarError\">vela<\/span> pels seg\u00fcents aspectes que componen un sistema que es beneficia dels mitjans inextingibles i avantatjosos que exposa la naturalesa, com succeeix amb el vent o el Sol:<\/p>\n\n\n\n<p>En optar per una venda cal considerar uns certs aspectes:<\/p>\n\n\n\n<figure class=\"wp-block-table\"><table><tbody><tr><td><strong>A\u00efllament t\u00e8rmic<\/strong><\/td><td>Amb l&#8217;ajuda de l&#8217;etiqueta energ\u00e8tica de les finestres, podem estar al corrent de les caracter\u00edstiques t\u00e8rmiques d&#8217;aquesta.<\/td><\/tr><tr><td><strong>A\u00efllament ac\u00fastic<\/strong><\/td><td>Analitza els nivells de soroll de l&#8217;exterior, i aix\u00ed podrem definir amb major exactitud la resposta ac\u00fastica que requerim aplicar.<\/td><\/tr><tr><td><strong>Resist\u00e8ncia<\/strong><\/td><td>L&#8217;estanquitat d&#8217;una finestra s&#8217;estableix com la seva habilitat per a resistir a la inserci\u00f3 d&#8217;aigua quan la fusteria est\u00e0 tancada.<\/td><\/tr><tr><td><strong>Funcionalitat<\/strong><\/td><td>En el mercat podrem trobar diversos models d&#8217;obertura, el qual cadascun coopera amb obertures i est\u00e8tica diferent.<\/td><\/tr><\/tbody><\/table><\/figure>\n\n\n\n<ul class=\"wp-block-list\"><li><strong>El segellament de juntes<\/strong><\/li><\/ul>\n\n\n\n<p>Els buits que queden en el contorn d&#8217;una finestra generen p\u00e8rdues de temperatura i fragilitat en l&#8217;estructura de la casa. Un segellament perfecte s&#8217;aplica en les juntes de dilataci\u00f3 per a prohibir que la temperatura de l&#8217;exterior no entre i la de l&#8217;interior no s&#8217;escapi. D&#8217;aquesta manera, s&#8217;evita la transfer\u00e8ncia d&#8217;energia com la goma, escuma pl\u00e0stica o silicona.<\/p>\n\n\n\n<p>Els segellaments <strong>avalen l&#8217;estanquitat de l&#8217;aigua, de l&#8217;aire, t\u00e8rmic i ac\u00fastic<\/strong> amb impactes enormement gratificants.<\/p>\n\n\n\n<p>Mentre no tinguem les nostres <strong>finestres ben col\u00b7locades en els murs de l&#8217;immoble i correctament segellades, no aconseguirem disposar de la rendibilitat d&#8217;un bon a\u00efllament.<\/strong><\/p>\n\n\n\n<ul class=\"wp-block-list\"><li><strong>El material m\u00e9s eficient per a les finestres<\/strong><\/li><\/ul>\n\n\n\n<p>Ara com ara, les alternatives m\u00e9s cotitzades s\u00f3n les finestres de policlorur de vinil i alumini, dos materials que, en l&#8217;actualitat, han exhibit una veritable durada i resist\u00e8ncia amb previsi\u00f3 a llarg termini. Dominen valors a\u00efllants que, si es combinen amb un bon envidrament, el desenlla\u00e7 no deixa indiferents als consumidors.<\/p>\n\n\n\n<ul class=\"wp-block-list\"><li><strong>La pintura de les parets<\/strong><\/li><\/ul>\n\n\n\n<p>Per\u00f2, sens dubte, no tots els valors s&#8217;han de focalitzar en les finestres, sin\u00f3 en les diverses \u00e0rees de la casa que, d&#8217;igual forma cooperen per a establir un entorn protegit i privilegiat per a l&#8217;a\u00efllament. Incloure una pintura de paret a\u00efllant pot refrenar amb major proporci\u00f3 la calor i el fred de l&#8217;interior del domicili.<\/p>\n\n\n\n<p>La <strong>pintura a\u00efllant<\/strong> genera un impacte climatitzador comen\u00e7ant per les particularitats micro esf\u00e8riques que la componen, capacitades per a establir una cambra cuirassada perqu\u00e8 impacto la radiaci\u00f3 solar que es congrega en la finestra per a preservar l&#8217;habitatge a un nivell de temperatura natural, minorant aix\u00ed l&#8217;\u00fas de sistemes i instal\u00b7lacions de climatitzacions en la llar.<\/p>\n\n\n\n<p>La percepci\u00f3 de calor o frescor que provoca la pintura a\u00efllant no sols mitiga el consum el\u00e8ctric de la casa, sin\u00f3 que tamb\u00e9, disposa del privilegi d&#8217;eludir problemes de salut. Alguns mecanismes com els aires condicionats provoquen dolors en la gola o complicacions de salut a llarg termini a causa que la temperatura del cos no s&#8217;habitua a l&#8217;exhibici\u00f3 tan directa i poc moderada amb l&#8217;exterior.<\/p>\n\n\n\n<ul class=\"wp-block-list\"><li><strong>Dom\u00f2tica, l&#8217;aposta segura<\/strong><\/li><\/ul>\n\n\n\n<p>La dom\u00f2tica, sens dubte, atribueix una refer\u00e8ncia m\u00e9s revolucion\u00e0ria i segura per a salvaguardar l&#8217;a\u00efllament de les finestres. Aquesta classe de finestres intel\u00b7ligents es fonamenten d&#8217;un m\u00e8tode que automatitza tots els dispositius electr\u00f2nics de l&#8217;habitatge i aix\u00ed aconseguir supervisar les seves comeses mitjan\u00e7ant la connexi\u00f3 a Internet. Aix\u00ed, el client, des de la dist\u00e0ncia, \u00e9s capa\u00e7 d&#8217;encendre i apagar les seves diferents modalitats de consum.<\/p>\n\n\n\n<p>Entre molts exemples, la dom\u00f2tica pot incrementar de manera significativa l&#8217;efici\u00e8ncia en les finestres, aix\u00ed com:<\/p>\n\n\n\n<div class=\"wp-block-media-text alignwide is-stacked-on-mobile\"><figure class=\"wp-block-media-text__media\"><img loading=\"lazy\" decoding=\"async\" width=\"200\" height=\"300\" src=\"https:\/\/www.carpinteria-aluminio.cat\/wp-content\/uploads\/2020\/09\/domotica-200x300-1.png\" alt=\"\" class=\"wp-image-20729\" srcset=\"https:\/\/www.carpinteria-aluminio.cat\/wp-content\/uploads\/2020\/09\/domotica-200x300-1.png 200w, https:\/\/www.carpinteria-aluminio.cat\/wp-content\/uploads\/2020\/09\/domotica-200x300-1-97x146.png 97w, https:\/\/www.carpinteria-aluminio.cat\/wp-content\/uploads\/2020\/09\/domotica-200x300-1-33x50.png 33w, https:\/\/www.carpinteria-aluminio.cat\/wp-content\/uploads\/2020\/09\/domotica-200x300-1-50x75.png 50w\" sizes=\"auto, (max-width:767px) 200px, 200px\" \/><\/figure><div class=\"wp-block-media-text__content\">\n<pre class=\"wp-block-verse\"><strong>Supervisi\u00f3 de temperatura:<\/strong> C\u00e0lcul en totes les \u00e0rees de la temperatura amb capacitat d'automatitzar accions de reacci\u00f3.\r\n<strong>Supervisi\u00f3 solar:<\/strong> Gr\u00e0cies al sensor ultraviolat es pot dominar l'\u00edndex UV exterior admetent la millora de la radiaci\u00f3 solar.\r\n<strong>Supervisi\u00f3 d'humitat:<\/strong> El sensor acciona la regulaci\u00f3 dels nivells d'humitat en totes les \u00e0rees de la casa per mitj\u00e0 de la ventilaci\u00f3 dirigida.<\/pre>\n<\/div><\/div>\n\n\n\n<p><strong>Els sistemes dom\u00f2tics per a les nostres finestres de l&#8217;habitatge ens faran una vida m\u00e9s f\u00e0cil, aportant seguretat, un confort extra i sobretot estalvi energ\u00e8tic.<\/strong><\/p>\n","protected":false},"excerpt":{"rendered":"<p>Una reorganitzaci\u00f3 dels nostres costums de consum en la llar pot implicar un gran progr\u00e9s per a economitzar en els rebuts el\u00e8ctrics de l&#8217;habitatge. En aquest<span class=\"excerpt-hellip\"> [\u2026]<\/span><\/p>\n","protected":false},"author":2,"featured_media":20736,"comment_status":"closed","ping_status":"closed","sticky":false,"template":"","format":"standard","meta":{"_joinchat":[],"footnotes":""},"categories":[36],"tags":[137,139,130],"class_list":["post-20739","post","type-post","status-publish","format-standard","has-post-thumbnail","hentry","category-noticies","tag-aillament","tag-energia-ca","tag-finestres"],"aioseo_notices":[],"_links":{"self":[{"href":"https:\/\/www.carpinteria-aluminio.cat\/ca\/wp-json\/wp\/v2\/posts\/20739","targetHints":{"allow":["GET"]}}],"collection":[{"href":"https:\/\/www.carpinteria-aluminio.cat\/ca\/wp-json\/wp\/v2\/posts"}],"about":[{"href":"https:\/\/www.carpinteria-aluminio.cat\/ca\/wp-json\/wp\/v2\/types\/post"}],"author":[{"embeddable":true,"href":"https:\/\/www.carpinteria-aluminio.cat\/ca\/wp-json\/wp\/v2\/users\/2"}],"replies":[{"embeddable":true,"href":"https:\/\/www.carpinteria-aluminio.cat\/ca\/wp-json\/wp\/v2\/comments?post=20739"}],"version-history":[{"count":2,"href":"https:\/\/www.carpinteria-aluminio.cat\/ca\/wp-json\/wp\/v2\/posts\/20739\/revisions"}],"predecessor-version":[{"id":21295,"href":"https:\/\/www.carpinteria-aluminio.cat\/ca\/wp-json\/wp\/v2\/posts\/20739\/revisions\/21295"}],"wp:featuredmedia":[{"embeddable":true,"href":"https:\/\/www.carpinteria-aluminio.cat\/ca\/wp-json\/wp\/v2\/media\/20736"}],"wp:attachment":[{"href":"https:\/\/www.carpinteria-aluminio.cat\/ca\/wp-json\/wp\/v2\/media?parent=20739"}],"wp:term":[{"taxonomy":"category","embeddable":true,"href":"https:\/\/www.carpinteria-aluminio.cat\/ca\/wp-json\/wp\/v2\/categories?post=20739"},{"taxonomy":"post_tag","embeddable":true,"href":"https:\/\/www.carpinteria-aluminio.cat\/ca\/wp-json\/wp\/v2\/tags?post=20739"}],"curies":[{"name":"wp","href":"https:\/\/api.w.org\/{rel}","templated":true}]}}