{"id":23618,"date":"2021-01-29T09:10:53","date_gmt":"2021-01-29T08:10:53","guid":{"rendered":"https:\/\/www.carpinteria-aluminio.cat\/?p=23618"},"modified":"2021-01-29T09:10:54","modified_gmt":"2021-01-29T08:10:54","slug":"mampara-de-bany-de-fulla-fixa","status":"publish","type":"post","link":"https:\/\/www.carpinteria-aluminio.cat\/ca\/mampara-de-bany-de-fulla-fixa\/","title":{"rendered":"Mampara de bany de fulla fixa"},"content":{"rendered":"\n<p>Instal\u00b7laci\u00f3 d&#8217;una mampara d&#8217;una fulla de cristall temperat que va fix, cobrint la part frontal de la banyera, per\u00f2 deixant un espai obert per a accedir a ella.<\/p>\n\n\n\n<p>Avui dia, els panells de fulla fixa per a la dutxa, resulten molt funcionals i c\u00f2modes tant a l&#8217;hora d&#8217;usar-ho com de mantenir-ho. L&#8217;acc\u00e9s a la dutxa o banyera \u00e9s f\u00e0cil, no t\u00e9 per qu\u00e8 haver-hi esquitxades i la seva neteja \u00e9s m\u00e9s senzilla al no portar a penes perfileria. La robustesa de la mampara de dutxa es reafirma amb un vidre temperat i una esquadra ancorada a paret que aporta major estabilitat i que impedeix la vibraci\u00f3 del cristall.<\/p>\n\n\n\n<div class=\"wp-block-image\"><figure class=\"aligncenter size-large is-resized\"><img loading=\"lazy\" decoding=\"async\" src=\"https:\/\/www.carpinteria-aluminio.cat\/wp-content\/uploads\/2020\/12\/WhatsApp-Image-2020-12-10-at-22.31.11.jpeg\" alt=\"\" class=\"wp-image-23614\" width=\"406\" height=\"447\" srcset=\"https:\/\/www.carpinteria-aluminio.cat\/wp-content\/uploads\/2020\/12\/WhatsApp-Image-2020-12-10-at-22.31.11.jpeg 892w, https:\/\/www.carpinteria-aluminio.cat\/wp-content\/uploads\/2020\/12\/WhatsApp-Image-2020-12-10-at-22.31.11-272x300.jpeg 272w, https:\/\/www.carpinteria-aluminio.cat\/wp-content\/uploads\/2020\/12\/WhatsApp-Image-2020-12-10-at-22.31.11-768x846.jpeg 768w, https:\/\/www.carpinteria-aluminio.cat\/wp-content\/uploads\/2020\/12\/WhatsApp-Image-2020-12-10-at-22.31.11-132x146.jpeg 132w, https:\/\/www.carpinteria-aluminio.cat\/wp-content\/uploads\/2020\/12\/WhatsApp-Image-2020-12-10-at-22.31.11-45x50.jpeg 45w, https:\/\/www.carpinteria-aluminio.cat\/wp-content\/uploads\/2020\/12\/WhatsApp-Image-2020-12-10-at-22.31.11-68x75.jpeg 68w\" sizes=\"auto, (max-width:767px) 406px, 406px\" \/><\/figure><\/div>\n","protected":false},"excerpt":{"rendered":"<p>Instal\u00b7laci\u00f3 d&#8217;una mampara d&#8217;una fulla de cristall temperat que va fix, cobrint la part frontal de la banyera, per\u00f2 deixant un espai obert per a accedir<span class=\"excerpt-hellip\"> [\u2026]<\/span><\/p>\n","protected":false},"author":2,"featured_media":23615,"comment_status":"closed","ping_status":"closed","sticky":false,"template":"","format":"standard","meta":{"_joinchat":[],"footnotes":""},"categories":[40],"tags":[732,770,611],"class_list":["post-23618","post","type-post","status-publish","format-standard","has-post-thumbnail","hentry","category-treballs-realitzats","tag-cristall-armat","tag-mampara-de-bany","tag-vidre-temperat"],"aioseo_notices":[],"_links":{"self":[{"href":"https:\/\/www.carpinteria-aluminio.cat\/ca\/wp-json\/wp\/v2\/posts\/23618","targetHints":{"allow":["GET"]}}],"collection":[{"href":"https:\/\/www.carpinteria-aluminio.cat\/ca\/wp-json\/wp\/v2\/posts"}],"about":[{"href":"https:\/\/www.carpinteria-aluminio.cat\/ca\/wp-json\/wp\/v2\/types\/post"}],"author":[{"embeddable":true,"href":"https:\/\/www.carpinteria-aluminio.cat\/ca\/wp-json\/wp\/v2\/users\/2"}],"replies":[{"embeddable":true,"href":"https:\/\/www.carpinteria-aluminio.cat\/ca\/wp-json\/wp\/v2\/comments?post=23618"}],"version-history":[{"count":2,"href":"https:\/\/www.carpinteria-aluminio.cat\/ca\/wp-json\/wp\/v2\/posts\/23618\/revisions"}],"predecessor-version":[{"id":24359,"href":"https:\/\/www.carpinteria-aluminio.cat\/ca\/wp-json\/wp\/v2\/posts\/23618\/revisions\/24359"}],"wp:featuredmedia":[{"embeddable":true,"href":"https:\/\/www.carpinteria-aluminio.cat\/ca\/wp-json\/wp\/v2\/media\/23615"}],"wp:attachment":[{"href":"https:\/\/www.carpinteria-aluminio.cat\/ca\/wp-json\/wp\/v2\/media?parent=23618"}],"wp:term":[{"taxonomy":"category","embeddable":true,"href":"https:\/\/www.carpinteria-aluminio.cat\/ca\/wp-json\/wp\/v2\/categories?post=23618"},{"taxonomy":"post_tag","embeddable":true,"href":"https:\/\/www.carpinteria-aluminio.cat\/ca\/wp-json\/wp\/v2\/tags?post=23618"}],"curies":[{"name":"wp","href":"https:\/\/api.w.org\/{rel}","templated":true}]}}