{"id":24278,"date":"2021-02-12T09:18:51","date_gmt":"2021-02-12T08:18:51","guid":{"rendered":"https:\/\/www.carpinteria-aluminio.cat\/?p=24278"},"modified":"2021-02-12T09:18:51","modified_gmt":"2021-02-12T08:18:51","slug":"tendal-vertical-a-barcelona","status":"publish","type":"post","link":"https:\/\/www.carpinteria-aluminio.cat\/ca\/tendal-vertical-a-barcelona\/","title":{"rendered":"Tendal vertical a Barcelona"},"content":{"rendered":"\n<p>Instal\u00b7laci\u00f3 d&#8217;un TENDAL TEL\u00d3 amb lona acr\u00edlica a Barcelona. Denominat tamb\u00e9 TENDAL VERTICAL Model de tendal molt com\u00fa en balcons el qual baixa com el seu nom indica en vertical, \u00e9s a dir a plom, podent anar amb guies o sense, segons la modalitat d&#8217;aquest. El tendal tel\u00f3 m\u00e9s com\u00fa \u00e9s el que baixa des de la l\u00ednia exterior del sostre de la terrassa i en baixar hi ha la possibilitat de ser agafat a la barana amb uns bra\u00e7os que admeten diverses posicions.<\/p>\n\n\n\n<figure class=\"wp-block-image size-large\"><img loading=\"lazy\" decoding=\"async\" width=\"1024\" height=\"477\" src=\"https:\/\/www.carpinteria-aluminio.cat\/wp-content\/uploads\/2021\/01\/toldo-1024x477.jpg\" alt=\"\" class=\"wp-image-24274\" srcset=\"https:\/\/www.carpinteria-aluminio.cat\/wp-content\/uploads\/2021\/01\/toldo-1024x477.jpg 1024w, https:\/\/www.carpinteria-aluminio.cat\/wp-content\/uploads\/2021\/01\/toldo-300x140.jpg 300w, https:\/\/www.carpinteria-aluminio.cat\/wp-content\/uploads\/2021\/01\/toldo-768x358.jpg 768w, https:\/\/www.carpinteria-aluminio.cat\/wp-content\/uploads\/2021\/01\/toldo-1536x716.jpg 1536w, https:\/\/www.carpinteria-aluminio.cat\/wp-content\/uploads\/2021\/01\/toldo-2048x955.jpg 2048w, https:\/\/www.carpinteria-aluminio.cat\/wp-content\/uploads\/2021\/01\/toldo-260x121.jpg 260w, https:\/\/www.carpinteria-aluminio.cat\/wp-content\/uploads\/2021\/01\/toldo-50x23.jpg 50w, https:\/\/www.carpinteria-aluminio.cat\/wp-content\/uploads\/2021\/01\/toldo-150x70.jpg 150w\" sizes=\"auto, (max-width:767px) 480px, (max-width:1024px) 100vw, 1024px\" \/><\/figure>\n","protected":false},"excerpt":{"rendered":"<p>Instal\u00b7laci\u00f3 d&#8217;un TENDAL TEL\u00d3 amb lona acr\u00edlica a Barcelona. Denominat tamb\u00e9 TENDAL VERTICAL Model de tendal molt com\u00fa en balcons el qual baixa com el seu<span class=\"excerpt-hellip\"> [\u2026]<\/span><\/p>\n","protected":false},"author":2,"featured_media":24275,"comment_status":"closed","ping_status":"closed","sticky":false,"template":"","format":"standard","meta":{"_joinchat":[],"footnotes":""},"categories":[40],"tags":[66,712],"class_list":["post-24278","post","type-post","status-publish","format-standard","has-post-thumbnail","hentry","category-treballs-realitzats","tag-alumini-ca","tag-tendals"],"aioseo_notices":[],"_links":{"self":[{"href":"https:\/\/www.carpinteria-aluminio.cat\/ca\/wp-json\/wp\/v2\/posts\/24278","targetHints":{"allow":["GET"]}}],"collection":[{"href":"https:\/\/www.carpinteria-aluminio.cat\/ca\/wp-json\/wp\/v2\/posts"}],"about":[{"href":"https:\/\/www.carpinteria-aluminio.cat\/ca\/wp-json\/wp\/v2\/types\/post"}],"author":[{"embeddable":true,"href":"https:\/\/www.carpinteria-aluminio.cat\/ca\/wp-json\/wp\/v2\/users\/2"}],"replies":[{"embeddable":true,"href":"https:\/\/www.carpinteria-aluminio.cat\/ca\/wp-json\/wp\/v2\/comments?post=24278"}],"version-history":[{"count":2,"href":"https:\/\/www.carpinteria-aluminio.cat\/ca\/wp-json\/wp\/v2\/posts\/24278\/revisions"}],"predecessor-version":[{"id":24724,"href":"https:\/\/www.carpinteria-aluminio.cat\/ca\/wp-json\/wp\/v2\/posts\/24278\/revisions\/24724"}],"wp:featuredmedia":[{"embeddable":true,"href":"https:\/\/www.carpinteria-aluminio.cat\/ca\/wp-json\/wp\/v2\/media\/24275"}],"wp:attachment":[{"href":"https:\/\/www.carpinteria-aluminio.cat\/ca\/wp-json\/wp\/v2\/media?parent=24278"}],"wp:term":[{"taxonomy":"category","embeddable":true,"href":"https:\/\/www.carpinteria-aluminio.cat\/ca\/wp-json\/wp\/v2\/categories?post=24278"},{"taxonomy":"post_tag","embeddable":true,"href":"https:\/\/www.carpinteria-aluminio.cat\/ca\/wp-json\/wp\/v2\/tags?post=24278"}],"curies":[{"name":"wp","href":"https:\/\/api.w.org\/{rel}","templated":true}]}}