{"id":25255,"date":"2021-03-19T12:19:51","date_gmt":"2021-03-19T11:19:51","guid":{"rendered":"https:\/\/www.carpinteria-aluminio.cat\/?p=25255"},"modified":"2021-03-19T12:19:51","modified_gmt":"2021-03-19T11:19:51","slug":"finestra-en-forma-darc","status":"publish","type":"post","link":"https:\/\/www.carpinteria-aluminio.cat\/ca\/finestra-en-forma-darc\/","title":{"rendered":"Finestra en forma d&#8217;arc"},"content":{"rendered":"\n<p>Normalment pensem que la forma de les finestres ha de ser quadrada o rectangular, per\u00f2 existeixen tantes formes com puguis imaginar.<\/p>\n\n\n\n<p>En aquest cas vam fer l&#8217;instal\u00b7laci\u00f3 d&#8217;una finestra d&#8217;alumini en forma d&#8217;arc. Composta per dues fulles fixes laterals i dos practicables en el centre, en alumini lacat blanc i vidre de cambra 4\/22\/4 Climalit transparent.<\/p>\n\n\n\n<div class=\"wp-block-image is-style-default\"><figure class=\"aligncenter size-large is-resized\"><img loading=\"lazy\" decoding=\"async\" src=\"https:\/\/www.carpinteria-aluminio.cat\/wp-content\/uploads\/2021\/03\/ventana-arco-aluminio-1024x843.jpg\" alt=\"\" class=\"wp-image-25251\" width=\"768\" height=\"632\" srcset=\"https:\/\/www.carpinteria-aluminio.cat\/wp-content\/uploads\/2021\/03\/ventana-arco-aluminio-1024x843.jpg 1024w, https:\/\/www.carpinteria-aluminio.cat\/wp-content\/uploads\/2021\/03\/ventana-arco-aluminio-300x247.jpg 300w, https:\/\/www.carpinteria-aluminio.cat\/wp-content\/uploads\/2021\/03\/ventana-arco-aluminio-768x632.jpg 768w, https:\/\/www.carpinteria-aluminio.cat\/wp-content\/uploads\/2021\/03\/ventana-arco-aluminio-1536x1265.jpg 1536w, https:\/\/www.carpinteria-aluminio.cat\/wp-content\/uploads\/2021\/03\/ventana-arco-aluminio-177x146.jpg 177w, https:\/\/www.carpinteria-aluminio.cat\/wp-content\/uploads\/2021\/03\/ventana-arco-aluminio-50x41.jpg 50w, https:\/\/www.carpinteria-aluminio.cat\/wp-content\/uploads\/2021\/03\/ventana-arco-aluminio-91x75.jpg 91w, https:\/\/www.carpinteria-aluminio.cat\/wp-content\/uploads\/2021\/03\/ventana-arco-aluminio.jpg 1839w\" sizes=\"auto, (max-width:767px) 480px, (max-width:768px) 100vw, 768px\" \/><\/figure><\/div>\n\n\n\n<p>Existeixen diverses raons per les quals triar aquest tipus de finestra, per\u00f2 les majors s\u00f3n:<\/p>\n\n\n\n<ul class=\"wp-block-list\"><li>Al contrari dels angles i l\u00ednies rectes, l&#8217;estil corb crea una major harmonia en la llar i aix\u00f2 contribueix al nostre benestar diari.<\/li><li>En ser practicables, les finestres corbes mant\u00e9 una molt bona efici\u00e8ncia energ\u00e8tica.<\/li><li>I les m\u00e9s important, s&#8217;adapta perfectament als teus gustos i necessitats.<\/li><\/ul>\n\n\n\n<p>Si t&#8217;interessa instal\u00b7lar aquest tipus de finestres en la teva llar, no dubtis a posar-te en contacte amb el nostre equip.<\/p>\n\n\n\n<p><\/p>\n","protected":false},"excerpt":{"rendered":"<p>Normalment pensem que la forma de les finestres ha de ser quadrada o rectangular, per\u00f2 existeixen tantes formes com puguis imaginar. En aquest cas vam fer<span class=\"excerpt-hellip\"> [\u2026]<\/span><\/p>\n","protected":false},"author":2,"featured_media":0,"comment_status":"closed","ping_status":"closed","sticky":false,"template":"","format":"standard","meta":{"_joinchat":[],"footnotes":""},"categories":[40],"tags":[757,822],"class_list":["post-25255","post","type-post","status-publish","format-standard","hentry","category-treballs-realitzats","tag-alumini-ca-2","tag-finestral-dalumini"],"aioseo_notices":[],"_links":{"self":[{"href":"https:\/\/www.carpinteria-aluminio.cat\/ca\/wp-json\/wp\/v2\/posts\/25255","targetHints":{"allow":["GET"]}}],"collection":[{"href":"https:\/\/www.carpinteria-aluminio.cat\/ca\/wp-json\/wp\/v2\/posts"}],"about":[{"href":"https:\/\/www.carpinteria-aluminio.cat\/ca\/wp-json\/wp\/v2\/types\/post"}],"author":[{"embeddable":true,"href":"https:\/\/www.carpinteria-aluminio.cat\/ca\/wp-json\/wp\/v2\/users\/2"}],"replies":[{"embeddable":true,"href":"https:\/\/www.carpinteria-aluminio.cat\/ca\/wp-json\/wp\/v2\/comments?post=25255"}],"version-history":[{"count":2,"href":"https:\/\/www.carpinteria-aluminio.cat\/ca\/wp-json\/wp\/v2\/posts\/25255\/revisions"}],"predecessor-version":[{"id":25415,"href":"https:\/\/www.carpinteria-aluminio.cat\/ca\/wp-json\/wp\/v2\/posts\/25255\/revisions\/25415"}],"wp:attachment":[{"href":"https:\/\/www.carpinteria-aluminio.cat\/ca\/wp-json\/wp\/v2\/media?parent=25255"}],"wp:term":[{"taxonomy":"category","embeddable":true,"href":"https:\/\/www.carpinteria-aluminio.cat\/ca\/wp-json\/wp\/v2\/categories?post=25255"},{"taxonomy":"post_tag","embeddable":true,"href":"https:\/\/www.carpinteria-aluminio.cat\/ca\/wp-json\/wp\/v2\/tags?post=25255"}],"curies":[{"name":"wp","href":"https:\/\/api.w.org\/{rel}","templated":true}]}}