{"id":31232,"date":"2022-01-26T15:15:41","date_gmt":"2022-01-26T14:15:41","guid":{"rendered":"https:\/\/www.carpinteria-aluminio.cat\/?p=31232"},"modified":"2022-01-26T15:15:42","modified_gmt":"2022-01-26T14:15:42","slug":"balconera-corredissa-slide-rpt-panoramica","status":"publish","type":"post","link":"https:\/\/www.carpinteria-aluminio.cat\/ca\/balconera-corredissa-slide-rpt-panoramica\/","title":{"rendered":"Balconera corredissa Slide RPT Panoramica"},"content":{"rendered":"\n<p>Aquest treball consisteix en la fabricaci\u00f3 i instal\u00b7laci\u00f3 d&#8217;una balconera corredissa (2190mm x 1990mm) de dues fulles amb vidre climalit\u00ae 4-22-4 sgg planitherm 4s\u00ae de la s\u00e8rie ALG SLIDE RPT PANORAMICA amb maneta d&#8217;acer inoxidable amb tanca 4 punts + micro-ventilaci\u00f3 en lacat blanc i registre de persiana termo-ac\u00fastic individual, amb folre de 45 mm.<\/p>\n\n<p>Climalit \u00e9s la marca de refer\u00e8ncia per als dobles i triples envidraments a\u00efllants a Europa i la primera marca d&#8217;envidrament a Espanya amb una solera de m\u00e9s de 3 d\u00e8cades.<\/p>\n\n<figure class=\"wp-block-gallery columns-3 is-cropped wp-block-gallery-1 is-layout-flex wp-block-gallery-is-layout-flex\"><ul class=\"blocks-gallery-grid\"><li class=\"blocks-gallery-item\"><figure><a href=\"https:\/\/www.carpinteria-aluminio.cat\/wp-content\/uploads\/2022\/01\/1b36320f-c3f3-439d-bdbf-8112e453ad65.jpg\"><img loading=\"lazy\" decoding=\"async\" width=\"461\" height=\"1024\" src=\"https:\/\/www.carpinteria-aluminio.cat\/wp-content\/uploads\/2022\/01\/1b36320f-c3f3-439d-bdbf-8112e453ad65-461x1024.jpg\" alt=\"\" data-id=\"31219\" data-full-url=\"https:\/\/www.carpinteria-aluminio.cat\/wp-content\/uploads\/2022\/01\/1b36320f-c3f3-439d-bdbf-8112e453ad65.jpg\" data-link=\"https:\/\/www.carpinteria-aluminio.cat\/?attachment_id=31219\" class=\"wp-image-31219\" srcset=\"https:\/\/www.carpinteria-aluminio.cat\/wp-content\/uploads\/2022\/01\/1b36320f-c3f3-439d-bdbf-8112e453ad65-461x1024.jpg 461w, https:\/\/www.carpinteria-aluminio.cat\/wp-content\/uploads\/2022\/01\/1b36320f-c3f3-439d-bdbf-8112e453ad65-135x300.jpg 135w, https:\/\/www.carpinteria-aluminio.cat\/wp-content\/uploads\/2022\/01\/1b36320f-c3f3-439d-bdbf-8112e453ad65-768x1707.jpg 768w, https:\/\/www.carpinteria-aluminio.cat\/wp-content\/uploads\/2022\/01\/1b36320f-c3f3-439d-bdbf-8112e453ad65-691x1536.jpg 691w, https:\/\/www.carpinteria-aluminio.cat\/wp-content\/uploads\/2022\/01\/1b36320f-c3f3-439d-bdbf-8112e453ad65-66x146.jpg 66w, https:\/\/www.carpinteria-aluminio.cat\/wp-content\/uploads\/2022\/01\/1b36320f-c3f3-439d-bdbf-8112e453ad65-23x50.jpg 23w, https:\/\/www.carpinteria-aluminio.cat\/wp-content\/uploads\/2022\/01\/1b36320f-c3f3-439d-bdbf-8112e453ad65-34x75.jpg 34w, https:\/\/www.carpinteria-aluminio.cat\/wp-content\/uploads\/2022\/01\/1b36320f-c3f3-439d-bdbf-8112e453ad65.jpg 900w\" sizes=\"auto, (max-width:767px) 461px, 461px\" \/><\/a><\/figure><\/li><li class=\"blocks-gallery-item\"><figure><a href=\"https:\/\/www.carpinteria-aluminio.cat\/wp-content\/uploads\/2022\/01\/3cfdcfbc-0871-47dc-a6a9-220d4349d41f.jpg\"><img loading=\"lazy\" decoding=\"async\" width=\"461\" height=\"1024\" src=\"https:\/\/www.carpinteria-aluminio.cat\/wp-content\/uploads\/2022\/01\/3cfdcfbc-0871-47dc-a6a9-220d4349d41f-461x1024.jpg\" alt=\"\" data-id=\"31222\" data-full-url=\"https:\/\/www.carpinteria-aluminio.cat\/wp-content\/uploads\/2022\/01\/3cfdcfbc-0871-47dc-a6a9-220d4349d41f.jpg\" data-link=\"https:\/\/www.carpinteria-aluminio.cat\/?attachment_id=31222\" class=\"wp-image-31222\" srcset=\"https:\/\/www.carpinteria-aluminio.cat\/wp-content\/uploads\/2022\/01\/3cfdcfbc-0871-47dc-a6a9-220d4349d41f-461x1024.jpg 461w, https:\/\/www.carpinteria-aluminio.cat\/wp-content\/uploads\/2022\/01\/3cfdcfbc-0871-47dc-a6a9-220d4349d41f-135x300.jpg 135w, https:\/\/www.carpinteria-aluminio.cat\/wp-content\/uploads\/2022\/01\/3cfdcfbc-0871-47dc-a6a9-220d4349d41f-768x1707.jpg 768w, https:\/\/www.carpinteria-aluminio.cat\/wp-content\/uploads\/2022\/01\/3cfdcfbc-0871-47dc-a6a9-220d4349d41f-691x1536.jpg 691w, https:\/\/www.carpinteria-aluminio.cat\/wp-content\/uploads\/2022\/01\/3cfdcfbc-0871-47dc-a6a9-220d4349d41f-66x146.jpg 66w, https:\/\/www.carpinteria-aluminio.cat\/wp-content\/uploads\/2022\/01\/3cfdcfbc-0871-47dc-a6a9-220d4349d41f-23x50.jpg 23w, https:\/\/www.carpinteria-aluminio.cat\/wp-content\/uploads\/2022\/01\/3cfdcfbc-0871-47dc-a6a9-220d4349d41f-34x75.jpg 34w, https:\/\/www.carpinteria-aluminio.cat\/wp-content\/uploads\/2022\/01\/3cfdcfbc-0871-47dc-a6a9-220d4349d41f.jpg 900w\" sizes=\"auto, (max-width:767px) 461px, 461px\" \/><\/a><\/figure><\/li><li class=\"blocks-gallery-item\"><figure><a href=\"https:\/\/www.carpinteria-aluminio.cat\/wp-content\/uploads\/2022\/01\/4ecae9e2-0891-4d56-9ca0-0371273e39a5.jpg\"><img loading=\"lazy\" decoding=\"async\" width=\"461\" height=\"1024\" src=\"https:\/\/www.carpinteria-aluminio.cat\/wp-content\/uploads\/2022\/01\/4ecae9e2-0891-4d56-9ca0-0371273e39a5-461x1024.jpg\" alt=\"\" data-id=\"31225\" data-full-url=\"https:\/\/www.carpinteria-aluminio.cat\/wp-content\/uploads\/2022\/01\/4ecae9e2-0891-4d56-9ca0-0371273e39a5.jpg\" data-link=\"https:\/\/www.carpinteria-aluminio.cat\/?attachment_id=31225\" class=\"wp-image-31225\" srcset=\"https:\/\/www.carpinteria-aluminio.cat\/wp-content\/uploads\/2022\/01\/4ecae9e2-0891-4d56-9ca0-0371273e39a5-461x1024.jpg 461w, https:\/\/www.carpinteria-aluminio.cat\/wp-content\/uploads\/2022\/01\/4ecae9e2-0891-4d56-9ca0-0371273e39a5-135x300.jpg 135w, https:\/\/www.carpinteria-aluminio.cat\/wp-content\/uploads\/2022\/01\/4ecae9e2-0891-4d56-9ca0-0371273e39a5-768x1708.jpg 768w, https:\/\/www.carpinteria-aluminio.cat\/wp-content\/uploads\/2022\/01\/4ecae9e2-0891-4d56-9ca0-0371273e39a5-691x1536.jpg 691w, https:\/\/www.carpinteria-aluminio.cat\/wp-content\/uploads\/2022\/01\/4ecae9e2-0891-4d56-9ca0-0371273e39a5-66x146.jpg 66w, https:\/\/www.carpinteria-aluminio.cat\/wp-content\/uploads\/2022\/01\/4ecae9e2-0891-4d56-9ca0-0371273e39a5-22x50.jpg 22w, https:\/\/www.carpinteria-aluminio.cat\/wp-content\/uploads\/2022\/01\/4ecae9e2-0891-4d56-9ca0-0371273e39a5-34x75.jpg 34w, https:\/\/www.carpinteria-aluminio.cat\/wp-content\/uploads\/2022\/01\/4ecae9e2-0891-4d56-9ca0-0371273e39a5.jpg 921w\" sizes=\"auto, (max-width:767px) 461px, 461px\" \/><\/a><\/figure><\/li><\/ul><\/figure>\n\n<p><\/p>\n","protected":false},"excerpt":{"rendered":"<p>Aquest treball consisteix en la fabricaci\u00f3 i instal\u00b7laci\u00f3 d&#8217;una balconera corredissa (2190mm x 1990mm) de dues fulles amb vidre climalit\u00ae 4-22-4 sgg planitherm 4s\u00ae de la<span class=\"excerpt-hellip\"> [\u2026]<\/span><\/p>\n","protected":false},"author":2,"featured_media":31220,"comment_status":"closed","ping_status":"closed","sticky":false,"template":"","format":"standard","meta":{"_joinchat":[],"footnotes":""},"categories":[40],"tags":[638,757,787,535,822,130,308,597,311],"class_list":["post-31232","post","type-post","status-publish","format-standard","has-post-thumbnail","hentry","category-treballs-realitzats","tag-acabados-de-perfiles-de-aluminio-ca","tag-alumini-ca-2","tag-balconera-ca","tag-barcelona-ca","tag-finestral-dalumini","tag-finestres","tag-lacat","tag-tancament-alumini-barcelona","tag-vidre"],"aioseo_notices":[],"_links":{"self":[{"href":"https:\/\/www.carpinteria-aluminio.cat\/ca\/wp-json\/wp\/v2\/posts\/31232","targetHints":{"allow":["GET"]}}],"collection":[{"href":"https:\/\/www.carpinteria-aluminio.cat\/ca\/wp-json\/wp\/v2\/posts"}],"about":[{"href":"https:\/\/www.carpinteria-aluminio.cat\/ca\/wp-json\/wp\/v2\/types\/post"}],"author":[{"embeddable":true,"href":"https:\/\/www.carpinteria-aluminio.cat\/ca\/wp-json\/wp\/v2\/users\/2"}],"replies":[{"embeddable":true,"href":"https:\/\/www.carpinteria-aluminio.cat\/ca\/wp-json\/wp\/v2\/comments?post=31232"}],"version-history":[{"count":3,"href":"https:\/\/www.carpinteria-aluminio.cat\/ca\/wp-json\/wp\/v2\/posts\/31232\/revisions"}],"predecessor-version":[{"id":31379,"href":"https:\/\/www.carpinteria-aluminio.cat\/ca\/wp-json\/wp\/v2\/posts\/31232\/revisions\/31379"}],"wp:featuredmedia":[{"embeddable":true,"href":"https:\/\/www.carpinteria-aluminio.cat\/ca\/wp-json\/wp\/v2\/media\/31220"}],"wp:attachment":[{"href":"https:\/\/www.carpinteria-aluminio.cat\/ca\/wp-json\/wp\/v2\/media?parent=31232"}],"wp:term":[{"taxonomy":"category","embeddable":true,"href":"https:\/\/www.carpinteria-aluminio.cat\/ca\/wp-json\/wp\/v2\/categories?post=31232"},{"taxonomy":"post_tag","embeddable":true,"href":"https:\/\/www.carpinteria-aluminio.cat\/ca\/wp-json\/wp\/v2\/tags?post=31232"}],"curies":[{"name":"wp","href":"https:\/\/api.w.org\/{rel}","templated":true}]}}