{"id":37195,"date":"2022-09-29T07:13:47","date_gmt":"2022-09-29T06:13:47","guid":{"rendered":"https:\/\/www.carpinteria-aluminio.cat\/?p=37195"},"modified":"2022-09-29T07:13:47","modified_gmt":"2022-09-29T06:13:47","slug":"tendal-telo-tipus-mediterrani","status":"publish","type":"post","link":"https:\/\/www.carpinteria-aluminio.cat\/ca\/tendal-telo-tipus-mediterrani\/","title":{"rendered":"Tendal tel\u00f3 tipus Mediterrani"},"content":{"rendered":"\n<p>Instal\u00b7laci\u00f3 de tendal tel\u00f3 tipus Mediterrani. Aquest senzill i efica\u00e7 model de tendal \u00e9s ideal per a la seva col\u00b7locaci\u00f3 en balcons.<\/p>\n\n<p>T\u00e9 un sistema singular de bra\u00e7 d&#8217;uns *50cm que se subjecta sobre la barra davantera del tendal, permetent-li dues posicions: extensible en arribar a l&#8217;altura de la barana o totalment vertical a ella.&#13;\n<\/p>\n\n<p>Existeix un extens cataleg de lones tant acr\u00edliques, com screen i soltis.<\/p>\n\n<p>Recalcar que, tota la seva estructura, acabats i perfils s\u00f3n d&#8217;alumini d&#8217;alta qualitat, tamb\u00e9 disponible en diferents lacats.<\/p>\n\n<figure class=\"wp-block-gallery has-nested-images columns-default is-cropped wp-block-gallery-1 is-layout-flex wp-block-gallery-is-layout-flex\">\n<figure class=\"wp-block-image size-large\"><a href=\"https:\/\/www.carpinteria-aluminio.cat\/wp-content\/uploads\/2022\/09\/WhatsApp-Image-2022-09-22-at-17.08.02.jpeg\"><img loading=\"lazy\" decoding=\"async\" width=\"576\" height=\"1024\" data-id=\"37183\" src=\"https:\/\/www.carpinteria-aluminio.cat\/wp-content\/uploads\/2022\/09\/WhatsApp-Image-2022-09-22-at-17.08.02-576x1024.jpeg\" alt=\"\" class=\"wp-image-37183\" srcset=\"https:\/\/www.carpinteria-aluminio.cat\/wp-content\/uploads\/2022\/09\/WhatsApp-Image-2022-09-22-at-17.08.02-576x1024.jpeg 576w, https:\/\/www.carpinteria-aluminio.cat\/wp-content\/uploads\/2022\/09\/WhatsApp-Image-2022-09-22-at-17.08.02-169x300.jpeg 169w, https:\/\/www.carpinteria-aluminio.cat\/wp-content\/uploads\/2022\/09\/WhatsApp-Image-2022-09-22-at-17.08.02-768x1365.jpeg 768w, https:\/\/www.carpinteria-aluminio.cat\/wp-content\/uploads\/2022\/09\/WhatsApp-Image-2022-09-22-at-17.08.02-864x1536.jpeg 864w, https:\/\/www.carpinteria-aluminio.cat\/wp-content\/uploads\/2022\/09\/WhatsApp-Image-2022-09-22-at-17.08.02-82x146.jpeg 82w, https:\/\/www.carpinteria-aluminio.cat\/wp-content\/uploads\/2022\/09\/WhatsApp-Image-2022-09-22-at-17.08.02-28x50.jpeg 28w, https:\/\/www.carpinteria-aluminio.cat\/wp-content\/uploads\/2022\/09\/WhatsApp-Image-2022-09-22-at-17.08.02-42x75.jpeg 42w, https:\/\/www.carpinteria-aluminio.cat\/wp-content\/uploads\/2022\/09\/WhatsApp-Image-2022-09-22-at-17.08.02.jpeg 900w\" sizes=\"auto, (max-width:767px) 480px, 576px\" \/><\/a><\/figure>\n\n\n\n<figure class=\"wp-block-image size-large\"><a href=\"https:\/\/www.carpinteria-aluminio.cat\/wp-content\/uploads\/2022\/09\/WhatsApp-Image-2022-09-22-at-17.08.25.jpeg\"><img loading=\"lazy\" decoding=\"async\" width=\"576\" height=\"1024\" data-id=\"37186\" src=\"https:\/\/www.carpinteria-aluminio.cat\/wp-content\/uploads\/2022\/09\/WhatsApp-Image-2022-09-22-at-17.08.25-576x1024.jpeg\" alt=\"\" class=\"wp-image-37186\" srcset=\"https:\/\/www.carpinteria-aluminio.cat\/wp-content\/uploads\/2022\/09\/WhatsApp-Image-2022-09-22-at-17.08.25-576x1024.jpeg 576w, https:\/\/www.carpinteria-aluminio.cat\/wp-content\/uploads\/2022\/09\/WhatsApp-Image-2022-09-22-at-17.08.25-169x300.jpeg 169w, https:\/\/www.carpinteria-aluminio.cat\/wp-content\/uploads\/2022\/09\/WhatsApp-Image-2022-09-22-at-17.08.25-768x1365.jpeg 768w, https:\/\/www.carpinteria-aluminio.cat\/wp-content\/uploads\/2022\/09\/WhatsApp-Image-2022-09-22-at-17.08.25-864x1536.jpeg 864w, https:\/\/www.carpinteria-aluminio.cat\/wp-content\/uploads\/2022\/09\/WhatsApp-Image-2022-09-22-at-17.08.25-82x146.jpeg 82w, https:\/\/www.carpinteria-aluminio.cat\/wp-content\/uploads\/2022\/09\/WhatsApp-Image-2022-09-22-at-17.08.25-28x50.jpeg 28w, https:\/\/www.carpinteria-aluminio.cat\/wp-content\/uploads\/2022\/09\/WhatsApp-Image-2022-09-22-at-17.08.25-42x75.jpeg 42w, https:\/\/www.carpinteria-aluminio.cat\/wp-content\/uploads\/2022\/09\/WhatsApp-Image-2022-09-22-at-17.08.25.jpeg 900w\" sizes=\"auto, (max-width:767px) 480px, 576px\" \/><\/a><\/figure>\n\n\n\n<figure class=\"wp-block-image size-large\"><a href=\"https:\/\/www.carpinteria-aluminio.cat\/wp-content\/uploads\/2022\/09\/WhatsApp-Image-2022-09-22-at-17.08.47.jpeg\"><img loading=\"lazy\" decoding=\"async\" width=\"576\" height=\"1024\" data-id=\"37189\" src=\"https:\/\/www.carpinteria-aluminio.cat\/wp-content\/uploads\/2022\/09\/WhatsApp-Image-2022-09-22-at-17.08.47-576x1024.jpeg\" alt=\"\" class=\"wp-image-37189\" srcset=\"https:\/\/www.carpinteria-aluminio.cat\/wp-content\/uploads\/2022\/09\/WhatsApp-Image-2022-09-22-at-17.08.47-576x1024.jpeg 576w, https:\/\/www.carpinteria-aluminio.cat\/wp-content\/uploads\/2022\/09\/WhatsApp-Image-2022-09-22-at-17.08.47-169x300.jpeg 169w, https:\/\/www.carpinteria-aluminio.cat\/wp-content\/uploads\/2022\/09\/WhatsApp-Image-2022-09-22-at-17.08.47-768x1365.jpeg 768w, https:\/\/www.carpinteria-aluminio.cat\/wp-content\/uploads\/2022\/09\/WhatsApp-Image-2022-09-22-at-17.08.47-864x1536.jpeg 864w, https:\/\/www.carpinteria-aluminio.cat\/wp-content\/uploads\/2022\/09\/WhatsApp-Image-2022-09-22-at-17.08.47-82x146.jpeg 82w, https:\/\/www.carpinteria-aluminio.cat\/wp-content\/uploads\/2022\/09\/WhatsApp-Image-2022-09-22-at-17.08.47-28x50.jpeg 28w, https:\/\/www.carpinteria-aluminio.cat\/wp-content\/uploads\/2022\/09\/WhatsApp-Image-2022-09-22-at-17.08.47-42x75.jpeg 42w, https:\/\/www.carpinteria-aluminio.cat\/wp-content\/uploads\/2022\/09\/WhatsApp-Image-2022-09-22-at-17.08.47.jpeg 900w\" sizes=\"auto, (max-width:767px) 480px, 576px\" \/><\/a><\/figure>\n<\/figure>\n\n<p><\/p>\n","protected":false},"excerpt":{"rendered":"<p>Instal\u00b7laci\u00f3 de tendal tel\u00f3 tipus Mediterrani. Aquest senzill i efica\u00e7 model de tendal \u00e9s ideal per a la seva col\u00b7locaci\u00f3 en balcons. T\u00e9 un sistema singular<span class=\"excerpt-hellip\"> [\u2026]<\/span><\/p>\n","protected":false},"author":2,"featured_media":37187,"comment_status":"closed","ping_status":"closed","sticky":false,"template":"","format":"standard","meta":{"_joinchat":[],"footnotes":""},"categories":[40],"tags":[638,757,66,787,535,443],"class_list":["post-37195","post","type-post","status-publish","format-standard","has-post-thumbnail","hentry","category-treballs-realitzats","tag-acabados-de-perfiles-de-aluminio-ca","tag-alumini-ca-2","tag-alumini-ca","tag-balconera-ca","tag-barcelona-ca","tag-tendal"],"aioseo_notices":[],"_links":{"self":[{"href":"https:\/\/www.carpinteria-aluminio.cat\/ca\/wp-json\/wp\/v2\/posts\/37195","targetHints":{"allow":["GET"]}}],"collection":[{"href":"https:\/\/www.carpinteria-aluminio.cat\/ca\/wp-json\/wp\/v2\/posts"}],"about":[{"href":"https:\/\/www.carpinteria-aluminio.cat\/ca\/wp-json\/wp\/v2\/types\/post"}],"author":[{"embeddable":true,"href":"https:\/\/www.carpinteria-aluminio.cat\/ca\/wp-json\/wp\/v2\/users\/2"}],"replies":[{"embeddable":true,"href":"https:\/\/www.carpinteria-aluminio.cat\/ca\/wp-json\/wp\/v2\/comments?post=37195"}],"version-history":[{"count":4,"href":"https:\/\/www.carpinteria-aluminio.cat\/ca\/wp-json\/wp\/v2\/posts\/37195\/revisions"}],"predecessor-version":[{"id":37355,"href":"https:\/\/www.carpinteria-aluminio.cat\/ca\/wp-json\/wp\/v2\/posts\/37195\/revisions\/37355"}],"wp:featuredmedia":[{"embeddable":true,"href":"https:\/\/www.carpinteria-aluminio.cat\/ca\/wp-json\/wp\/v2\/media\/37187"}],"wp:attachment":[{"href":"https:\/\/www.carpinteria-aluminio.cat\/ca\/wp-json\/wp\/v2\/media?parent=37195"}],"wp:term":[{"taxonomy":"category","embeddable":true,"href":"https:\/\/www.carpinteria-aluminio.cat\/ca\/wp-json\/wp\/v2\/categories?post=37195"},{"taxonomy":"post_tag","embeddable":true,"href":"https:\/\/www.carpinteria-aluminio.cat\/ca\/wp-json\/wp\/v2\/tags?post=37195"}],"curies":[{"name":"wp","href":"https:\/\/api.w.org\/{rel}","templated":true}]}}