{"id":37854,"date":"2022-10-31T10:04:53","date_gmt":"2022-10-31T09:04:53","guid":{"rendered":"https:\/\/www.carpinteria-aluminio.cat\/?p=37854"},"modified":"2022-10-31T10:04:55","modified_gmt":"2022-10-31T09:04:55","slug":"beneficis-dinstallar-plaques-solars-en-la-teva-llar","status":"publish","type":"post","link":"https:\/\/www.carpinteria-aluminio.cat\/ca\/beneficis-dinstallar-plaques-solars-en-la-teva-llar\/","title":{"rendered":"Beneficis d&#8217;instal\u00b7lar Plaques Solars en la teva llar"},"content":{"rendered":"\n<p>L&#8217;energia t\u00e9 una gran pres\u00e8ncia i influ\u00e8ncia en el nostre dia a dia, el seu impacte mediambiental i econ\u00f2mic evid\u00e8ncia l&#8217;especial import\u00e0ncia d&#8217;utilitzar fonts d&#8217;energia renovables, amb l&#8217;energia solar com a punta de llan\u00e7a.<\/p>\n\n\n\n<p>Com a societat, el consum i la gesti\u00f3 eficient de l&#8217;energia \u00e9s un dels principals reptes als quals ens enfrontem en l&#8217;actualitat.<\/p>\n\n\n\n<p>Encara que sembla que tota aquesta renovaci\u00f3 comen\u00e7a ara, la realitat \u00e9s que les empreses porten anys posant en marxa programes d&#8217;efici\u00e8ncia energ\u00e8tica destinats a optimitzar el consum d&#8217;energia efectuant diferents accions i incloent instal\u00b7lacions de baix consum automatitzant, monitorant i racionalitzant els seus diversos equips i el seu manteniment.<\/p>\n\n\n\n<p>Podem canviar el dest\u00ed del nostre planeta amb petites accions que sumen molt a aquesta lluita contra el canvi clim\u00e0tic i que a m\u00e9s, ens repercutir\u00e0 en un estalvi econ\u00f2mic que agrairem.<\/p>\n\n\n\n<p>La instal\u00b7laci\u00f3 de plaques solars \u00e9s una font de molt\u00edssims beneficis, tant per a la butxaca de les persones com per a la transformaci\u00f3 que hem de fer per a cuidar del nostre planeta i tenir entorns m\u00e9s nets, verds i sostenibles.<\/p>\n\n\n\n<p><strong>L&#8217;energia solar, amb difer\u00e8ncia l&#8217;energia amb m\u00e9s beneficis<\/strong><\/p>\n\n\n\n<p>Com ja hem comentat anteriorment, l&#8217;energia solar \u00e9s la joia de la corona, ja que \u00e9s una de les m\u00e9s f\u00e0cils de produir, \u00e9s ecol\u00f2gica, tremendament adaptable i al contrari de l&#8217;altres, contribueix al desenvolupament sostenible ja que no genera emissions i redueix l&#8217;\u00fas de combustibles f\u00f2ssils. A m\u00e9s podem transformar-la en electricitat segons la demanda i aprofitar els excedents una vegada emmagatzemada.<\/p>\n\n\n\n<div class=\"wp-block-image\"><figure class=\"aligncenter size-large is-resized\"><a href=\"https:\/\/www.carpinteria-aluminio.cat\/wp-content\/uploads\/2022\/07\/WhatsApp-Image-2022-06-09-at-7.22.13-PM.jpeg\"><img loading=\"lazy\" decoding=\"async\" src=\"https:\/\/www.carpinteria-aluminio.cat\/wp-content\/uploads\/2022\/07\/WhatsApp-Image-2022-06-09-at-7.22.13-PM-1024x768.jpeg\" alt=\"\" class=\"wp-image-35389\" width=\"762\" height=\"572\" srcset=\"https:\/\/www.carpinteria-aluminio.cat\/wp-content\/uploads\/2022\/07\/WhatsApp-Image-2022-06-09-at-7.22.13-PM-1024x768.jpeg 1024w, https:\/\/www.carpinteria-aluminio.cat\/wp-content\/uploads\/2022\/07\/WhatsApp-Image-2022-06-09-at-7.22.13-PM-300x225.jpeg 300w, https:\/\/www.carpinteria-aluminio.cat\/wp-content\/uploads\/2022\/07\/WhatsApp-Image-2022-06-09-at-7.22.13-PM-768x576.jpeg 768w, https:\/\/www.carpinteria-aluminio.cat\/wp-content\/uploads\/2022\/07\/WhatsApp-Image-2022-06-09-at-7.22.13-PM-1536x1152.jpeg 1536w, https:\/\/www.carpinteria-aluminio.cat\/wp-content\/uploads\/2022\/07\/WhatsApp-Image-2022-06-09-at-7.22.13-PM-195x146.jpeg 195w, https:\/\/www.carpinteria-aluminio.cat\/wp-content\/uploads\/2022\/07\/WhatsApp-Image-2022-06-09-at-7.22.13-PM-50x38.jpeg 50w, https:\/\/www.carpinteria-aluminio.cat\/wp-content\/uploads\/2022\/07\/WhatsApp-Image-2022-06-09-at-7.22.13-PM-100x75.jpeg 100w, https:\/\/www.carpinteria-aluminio.cat\/wp-content\/uploads\/2022\/07\/WhatsApp-Image-2022-06-09-at-7.22.13-PM-960x720.jpeg 960w, https:\/\/www.carpinteria-aluminio.cat\/wp-content\/uploads\/2022\/07\/WhatsApp-Image-2022-06-09-at-7.22.13-PM.jpeg 2000w\" sizes=\"auto, (max-width:767px) 480px, 762px\" \/><\/a><\/figure><\/div>\n\n\n\n<p><strong>Impuls de les empreses al model de generaci\u00f3 distribu\u00efda<\/strong><\/p>\n\n\n\n<p>Les empreses d&#8217;energia solar impulsen la reconversi\u00f3 del model de generaci\u00f3 centralitzada per a combinar-lo amb el model de generaci\u00f3 distribu\u00efda, per a afavorir l&#8217;autoconsum i l&#8217;estalvi energ\u00e8tic.<\/p>\n\n\n\n<p>\r\nAquest tipus de model allibera la gesti\u00f3 de l&#8217;energia, basant-se en la provisi\u00f3 de l&#8217;electricitat a trav\u00e9s de sistemes que es trobin prop dels llocs on es consumeix, d&#8217;aquesta manera s&#8217;evita la fugida d&#8217;energia i utilitza fonts renovables com a instal\u00b7lacions fotovoltaiques. A m\u00e9s dels seus grans beneficis econ\u00f2mics i mediambientals, aquesta generaci\u00f3 redueix l&#8217;emissi\u00f3 de gasos contaminants i CO\u2082, augmenta la seguretat de subministrament i rebaixa el preu ja que no dep\u00e8n tant d&#8217;energies importades d&#8217;altres zones.\r\n<\/p>\n\n\n\n<p><strong>S\u00f3n una inversi\u00f3 sense riscos<\/strong><\/p>\n\n\n\n<p>La instal\u00b7laci\u00f3 de panells solars \u00e9s invertir sense risc per a la nostra butxaca, sin\u00f3 que a m\u00e9s cuidem el planeta. Invertir en plaques solars revaloritzar\u00e0 l&#8217;habitatge oferint un estalvi mensual en la factura de la llum. Es poden amortitzar durant els primers 7\/8 anys, encara que \u00f2bviament dependr\u00e0 en gran manera de la grand\u00e0ria i tipus d&#8217;instal\u00b7laci\u00f3. Per part seva, les plaques solars tenen de 25 a 30 anys de vida.<\/p>\n\n\n\n<p><strong>\u00c9s la m\u00e9s barata de les fonts d&#8217;energia<\/strong><\/p>\n\n\n\n<p>Avui dia l&#8217;energia solar \u00e9s la font d&#8217;electricitat m\u00e9s barata i la que major potencial t\u00e9 en els pr\u00f2xims anys. En els \u00faltims anys, s&#8217;ha multiplicat l&#8217;efici\u00e8ncia de les plaques solars en 1,5. \u00c9s a dir, ara mateix podem treure 1,5 vegades m\u00e9s energia d&#8217;una sola placa.<\/p>\n\n\n\n<p><strong>Potenciem la cura del planeta<\/strong><\/p>\n\n\n\n<p>Instal\u00b7lar plaques solars a casa multiplica la generaci\u00f3 d&#8217;energia d&#8217;origen renovable.Transformant la teulada de la nostra llar o empresa, podr\u00edem passar del 39% de producci\u00f3 el\u00e8ctrica renovable que hi ha actualment a Espanya al 81%. Si potenciem l&#8217;energia solar estarem molt m\u00e9s prop d&#8217;un m\u00f3n que funcioni al 100% amb energia verda. D&#8217;aquesta manera, a m\u00e9s, estalviem en el transport de l&#8217;energia evitant p\u00e8rdues i fent m\u00e9s eficient tot aquest proc\u00e9s, traspassant aquest estalvi de la factura de la llum a nosaltres els usuaris.<\/p>\n\n\n\n<p><strong>F\u00e0cil d&#8217;instal\u00b7lar<\/strong><\/p>\n\n\n\n<p>Per a gaudir d&#8217;un sistema d&#8217;autoconsum d&#8217;energia amb plaques solars s\u00f3n necessaris dos requisits, \u00f2bviament, una o m\u00e9s plaques solars i un inversor de corrent continu que transformi aquest corrent, a corrent altern i que vagi connectat mitjan\u00e7ant cable a les plaques fotovoltaiques.<\/p>\n\n\n\n<p>\u00c9s ben sabut que gr\u00e0cies a aquests panells s&#8217;aconsegueix convertir l&#8217;energia que rebem del sol en electricitat, per\u00f2 la pot\u00e8ncia que es rep \u00e9s incompatible amb els 220V que es rep en les llars. Com que l&#8217;electricitat que arriba dels panells \u00e9s de corrent continu i t\u00e9 un voltatge inestable. Per aix\u00f2 \u00e9s necessari l&#8217;\u00fas d&#8217;un inversor, ja que s&#8217;adapta en tot moment i de manera instant\u00e0nia a les condicions clim\u00e0tiques extraient la m\u00e0xima quantitat d&#8217;energia de les plaques solars.A m\u00e9s per a obtenir una seguretat total la instal\u00b7laci\u00f3 porta incorporats un magnetot\u00e8rmic i un diferencial, per a evitar-nos qualsevol situaci\u00f3 desagradable.<\/p>\n\n\n\n<p>Gr\u00e0cies al Reial decret 244\/2019 d&#8217;autoconsum, la regulaci\u00f3 actual, \u00e9s m\u00e9s f\u00e0cil que mai instal\u00b7lar plaques solars en el nostre habitatge o negoci, ja que els tr\u00e0mits administratius s&#8217;han redu\u00eft en gran manera i el m\u00e9s important \u00e9s que s&#8217;han eliminat bretxes econ\u00f2miques com per exemple el \u201cimpost al sol\u201d o l&#8217;obligaci\u00f3 d&#8217;instal\u00b7lar un comptador de generaci\u00f3 per a una instal\u00b7laci\u00f3 individual. Fins i tot amb aquest Reial decret ens permet aprofitar l&#8217;energia excedent\u00e0ria de manera molt simple, reduint aix\u00ed els temps de l&#8217;amortitzaci\u00f3 que hagi pogut suposar la instal\u00b7laci\u00f3.<\/p>\n\n\n\n<div class=\"wp-block-image\"><figure class=\"aligncenter size-large is-resized\"><a href=\"https:\/\/www.carpinteria-aluminio.cat\/wp-content\/uploads\/2022\/07\/WhatsApp-Image-2022-06-09-at-7.21.36-PM.jpeg\"><img decoding=\"async\" src=\"https:\/\/www.carpinteria-aluminio.cat\/wp-content\/uploads\/2022\/07\/WhatsApp-Image-2022-06-09-at-7.21.36-PM-1024x894.jpeg\" alt=\"\" class=\"wp-image-35392\" width=\"-38\" height=\"-33\" srcset=\"https:\/\/www.carpinteria-aluminio.cat\/wp-content\/uploads\/2022\/07\/WhatsApp-Image-2022-06-09-at-7.21.36-PM-1024x894.jpeg 1024w, https:\/\/www.carpinteria-aluminio.cat\/wp-content\/uploads\/2022\/07\/WhatsApp-Image-2022-06-09-at-7.21.36-PM-300x262.jpeg 300w, https:\/\/www.carpinteria-aluminio.cat\/wp-content\/uploads\/2022\/07\/WhatsApp-Image-2022-06-09-at-7.21.36-PM-768x671.jpeg 768w, https:\/\/www.carpinteria-aluminio.cat\/wp-content\/uploads\/2022\/07\/WhatsApp-Image-2022-06-09-at-7.21.36-PM-1536x1341.jpeg 1536w, https:\/\/www.carpinteria-aluminio.cat\/wp-content\/uploads\/2022\/07\/WhatsApp-Image-2022-06-09-at-7.21.36-PM-167x146.jpeg 167w, https:\/\/www.carpinteria-aluminio.cat\/wp-content\/uploads\/2022\/07\/WhatsApp-Image-2022-06-09-at-7.21.36-PM-50x44.jpeg 50w, https:\/\/www.carpinteria-aluminio.cat\/wp-content\/uploads\/2022\/07\/WhatsApp-Image-2022-06-09-at-7.21.36-PM-86x75.jpeg 86w, https:\/\/www.carpinteria-aluminio.cat\/wp-content\/uploads\/2022\/07\/WhatsApp-Image-2022-06-09-at-7.21.36-PM.jpeg 2048w\" sizes=\"(max-width:767px) 480px, (max-width:1024px) 100vw, 1024px\" \/><\/a><\/figure><\/div>\n\n\n\n<p><strong>Ponsico fabrica i instal\u00b7la l&#8217;estructura d&#8217;alumini<\/strong><\/p>\n\n\n\n<p>Conscients del canvi que necessita el planeta, des de Ponsico hem sabut incorporar als nostres treballs la instal\u00b7laci\u00f3 d&#8217;estructures on descansen les plaques solars. Fabricada totalment en alumini, l&#8217;estructura no demandar\u00e0 manteniment ja que l&#8217;alumini \u00e9s un material molt resistent i aguanta sense cap problema les inclem\u00e8ncies i l&#8217;esdevenir del pas del temps.<\/p>\n\n\n\n<p>I per a mostra un bot\u00f3, les fotos que es poden visualitzar en aquest post s\u00f3n un treball realitzat per nosaltres mateixos. Consisteix en la fabricaci\u00f3 i instal\u00b7laci\u00f3 d&#8217;una estructura d&#8217;alumini tipus p\u00e8rgola per a plaques solars.<\/p>\n\n\n\n<p>Si necessites una estructura on col\u00b7locar els teus panells solars, no dubtis a contactar sense comprom\u00eds amb nosotr@s i t&#8217;atendrem amb els dubtes que puguis tenir.<\/p>\n\n\n\n<div class=\"wp-block-image\"><figure class=\"aligncenter size-large\"><a href=\"https:\/\/www.carpinteria-aluminio.cat\/wp-content\/uploads\/2022\/07\/WhatsApp-Image-2022-06-09-at-7.22.14-PM.jpeg\"><img loading=\"lazy\" decoding=\"async\" width=\"1024\" height=\"474\" src=\"https:\/\/www.carpinteria-aluminio.cat\/wp-content\/uploads\/2022\/07\/WhatsApp-Image-2022-06-09-at-7.22.14-PM-1024x474.jpeg\" alt=\"\" class=\"wp-image-35395\" srcset=\"https:\/\/www.carpinteria-aluminio.cat\/wp-content\/uploads\/2022\/07\/WhatsApp-Image-2022-06-09-at-7.22.14-PM-1024x474.jpeg 1024w, https:\/\/www.carpinteria-aluminio.cat\/wp-content\/uploads\/2022\/07\/WhatsApp-Image-2022-06-09-at-7.22.14-PM-300x139.jpeg 300w, https:\/\/www.carpinteria-aluminio.cat\/wp-content\/uploads\/2022\/07\/WhatsApp-Image-2022-06-09-at-7.22.14-PM-768x355.jpeg 768w, https:\/\/www.carpinteria-aluminio.cat\/wp-content\/uploads\/2022\/07\/WhatsApp-Image-2022-06-09-at-7.22.14-PM-260x120.jpeg 260w, https:\/\/www.carpinteria-aluminio.cat\/wp-content\/uploads\/2022\/07\/WhatsApp-Image-2022-06-09-at-7.22.14-PM-50x23.jpeg 50w, https:\/\/www.carpinteria-aluminio.cat\/wp-content\/uploads\/2022\/07\/WhatsApp-Image-2022-06-09-at-7.22.14-PM-150x69.jpeg 150w, https:\/\/www.carpinteria-aluminio.cat\/wp-content\/uploads\/2022\/07\/WhatsApp-Image-2022-06-09-at-7.22.14-PM.jpeg 1051w\" sizes=\"auto, (max-width:767px) 480px, (max-width:1024px) 100vw, 1024px\" \/><\/a><\/figure><\/div>\n","protected":false},"excerpt":{"rendered":"<p>L&#8217;energia t\u00e9 una gran pres\u00e8ncia i influ\u00e8ncia en el nostre dia a dia, el seu impacte mediambiental i econ\u00f2mic evid\u00e8ncia l&#8217;especial import\u00e0ncia d&#8217;utilitzar fonts d&#8217;energia renovables,<span class=\"excerpt-hellip\"> [\u2026]<\/span><\/p>\n","protected":false},"author":2,"featured_media":35390,"comment_status":"closed","ping_status":"closed","sticky":false,"template":"","format":"standard","meta":{"_joinchat":{"telephone":"+34640396700"},"footnotes":""},"categories":[36,40],"tags":[638,66,757,535,597],"class_list":["post-37854","post","type-post","status-publish","format-standard","has-post-thumbnail","hentry","category-noticies","category-treballs-realitzats","tag-acabados-de-perfiles-de-aluminio-ca","tag-alumini-ca","tag-alumini-ca-2","tag-barcelona-ca","tag-tancament-alumini-barcelona"],"aioseo_notices":[],"_links":{"self":[{"href":"https:\/\/www.carpinteria-aluminio.cat\/ca\/wp-json\/wp\/v2\/posts\/37854","targetHints":{"allow":["GET"]}}],"collection":[{"href":"https:\/\/www.carpinteria-aluminio.cat\/ca\/wp-json\/wp\/v2\/posts"}],"about":[{"href":"https:\/\/www.carpinteria-aluminio.cat\/ca\/wp-json\/wp\/v2\/types\/post"}],"author":[{"embeddable":true,"href":"https:\/\/www.carpinteria-aluminio.cat\/ca\/wp-json\/wp\/v2\/users\/2"}],"replies":[{"embeddable":true,"href":"https:\/\/www.carpinteria-aluminio.cat\/ca\/wp-json\/wp\/v2\/comments?post=37854"}],"version-history":[{"count":3,"href":"https:\/\/www.carpinteria-aluminio.cat\/ca\/wp-json\/wp\/v2\/posts\/37854\/revisions"}],"predecessor-version":[{"id":38020,"href":"https:\/\/www.carpinteria-aluminio.cat\/ca\/wp-json\/wp\/v2\/posts\/37854\/revisions\/38020"}],"wp:featuredmedia":[{"embeddable":true,"href":"https:\/\/www.carpinteria-aluminio.cat\/ca\/wp-json\/wp\/v2\/media\/35390"}],"wp:attachment":[{"href":"https:\/\/www.carpinteria-aluminio.cat\/ca\/wp-json\/wp\/v2\/media?parent=37854"}],"wp:term":[{"taxonomy":"category","embeddable":true,"href":"https:\/\/www.carpinteria-aluminio.cat\/ca\/wp-json\/wp\/v2\/categories?post=37854"},{"taxonomy":"post_tag","embeddable":true,"href":"https:\/\/www.carpinteria-aluminio.cat\/ca\/wp-json\/wp\/v2\/tags?post=37854"}],"curies":[{"name":"wp","href":"https:\/\/api.w.org\/{rel}","templated":true}]}}