{"id":62220,"date":"2025-02-07T10:32:59","date_gmt":"2025-02-07T09:32:59","guid":{"rendered":"https:\/\/www.carpinteria-aluminio.cat\/?p=62220"},"modified":"2025-02-07T10:33:00","modified_gmt":"2025-02-07T09:33:00","slug":"nova-divisio-dinteriors","status":"publish","type":"post","link":"https:\/\/www.carpinteria-aluminio.cat\/ca\/nova-divisio-dinteriors\/","title":{"rendered":"NOVA &#8211; Divisi\u00f3 d&#8217;interiors"},"content":{"rendered":"\n<p>Nou sistema de divisi\u00f3 d&#8217;interiors d&#8217;ALUGOM que redefineix el concepte d&#8217;espais moderns combinant disseny minimalista i una sensaci\u00f3 d&#8217;amplitud que transforma cada ambient. Aquest sistema d&#8217;alumini innovador est\u00e0 dissenyat amb l\u00ednies pures i elegants, ideal per crear entorns funcionals i visualment impactants. <\/p>\n\n<p>Amb un perfil frontal de 26,5 mm als marcs i 35 mm als travessers, aquestes divisions interiors no nom\u00e9s separen espais, sin\u00f3 que tamb\u00e9 realcen la llum natural, generant una atmosfera \u00e0mplia i lluminosa.<\/p>\n\n<p>La flexibilitat en els tipus dobertura (abatibles, corredisses o pivotants) permet adaptar aquest sistema a les necessitats espec\u00edfiques de cada projecte. Gr\u00e0cies a aix\u00f2, cada instal\u00b7laci\u00f3 amb <strong>NOVA<\/strong> es converteix en un element distintiu que aporta tant practicitat com estil, dotant cada espai d&#8217;una personalitat \u00fanica. <\/p>\n\n<p>Treballem de la m\u00e0 amb el nostre fabricant d&#8217;alumini ALUGOM per oferir-te aquest producte d&#8217;alta qualitat, i ens encarreguem de la seva fabricaci\u00f3 i instal\u00b7laci\u00f3 amb la precisi\u00f3 i la cura que mereix el teu projecte.<\/p>\n\n<figure class=\"wp-block-gallery has-nested-images columns-default is-cropped wp-block-gallery-1 is-layout-flex wp-block-gallery-is-layout-flex\">\n<figure class=\"wp-block-image size-large\"><a href=\"https:\/\/www.carpinteria-aluminio.cat\/wp-content\/uploads\/2025\/02\/Nova_Fijo-1-1024x819.jpg\"><img loading=\"lazy\" decoding=\"async\" width=\"1024\" height=\"819\" data-id=\"62213\" src=\"https:\/\/www.carpinteria-aluminio.cat\/wp-content\/uploads\/2025\/02\/Nova_Fijo-1-1024x819.jpg\" alt=\"\" class=\"wp-image-62213\" srcset=\"https:\/\/www.carpinteria-aluminio.cat\/wp-content\/uploads\/2025\/02\/Nova_Fijo-1-1024x819.jpg 1024w, https:\/\/www.carpinteria-aluminio.cat\/wp-content\/uploads\/2025\/02\/Nova_Fijo-1-300x240.jpg 300w, https:\/\/www.carpinteria-aluminio.cat\/wp-content\/uploads\/2025\/02\/Nova_Fijo-1-768x614.jpg 768w, https:\/\/www.carpinteria-aluminio.cat\/wp-content\/uploads\/2025\/02\/Nova_Fijo-1-94x75.jpg 94w, https:\/\/www.carpinteria-aluminio.cat\/wp-content\/uploads\/2025\/02\/Nova_Fijo-1-480x384.jpg 480w, https:\/\/www.carpinteria-aluminio.cat\/wp-content\/uploads\/2025\/02\/Nova_Fijo-1.jpg 1125w\" sizes=\"auto, (max-width:767px) 480px, (max-width:1024px) 100vw, 1024px\" \/><\/a><\/figure>\n<\/figure>\n","protected":false},"excerpt":{"rendered":"<p>Nou sistema de divisi\u00f3 d&#8217;interiors d&#8217;ALUGOM que redefineix el concepte d&#8217;espais moderns combinant disseny minimalista i una sensaci\u00f3 d&#8217;amplitud que transforma cada ambient. Aquest sistema d&#8217;alumini<span class=\"excerpt-hellip\"> [\u2026]<\/span><\/p>\n","protected":false},"author":2,"featured_media":62214,"comment_status":"closed","ping_status":"closed","sticky":false,"template":"","format":"standard","meta":{"_joinchat":[],"footnotes":""},"categories":[36],"tags":[638,757,787,535,822,130,308,597,311],"class_list":["post-62220","post","type-post","status-publish","format-standard","has-post-thumbnail","hentry","category-noticies","tag-acabados-de-perfiles-de-aluminio-ca","tag-alumini-ca-2","tag-balconera-ca","tag-barcelona-ca","tag-finestral-dalumini","tag-finestres","tag-lacat","tag-tancament-alumini-barcelona","tag-vidre"],"aioseo_notices":[],"_links":{"self":[{"href":"https:\/\/www.carpinteria-aluminio.cat\/ca\/wp-json\/wp\/v2\/posts\/62220","targetHints":{"allow":["GET"]}}],"collection":[{"href":"https:\/\/www.carpinteria-aluminio.cat\/ca\/wp-json\/wp\/v2\/posts"}],"about":[{"href":"https:\/\/www.carpinteria-aluminio.cat\/ca\/wp-json\/wp\/v2\/types\/post"}],"author":[{"embeddable":true,"href":"https:\/\/www.carpinteria-aluminio.cat\/ca\/wp-json\/wp\/v2\/users\/2"}],"replies":[{"embeddable":true,"href":"https:\/\/www.carpinteria-aluminio.cat\/ca\/wp-json\/wp\/v2\/comments?post=62220"}],"version-history":[{"count":2,"href":"https:\/\/www.carpinteria-aluminio.cat\/ca\/wp-json\/wp\/v2\/posts\/62220\/revisions"}],"predecessor-version":[{"id":62266,"href":"https:\/\/www.carpinteria-aluminio.cat\/ca\/wp-json\/wp\/v2\/posts\/62220\/revisions\/62266"}],"wp:featuredmedia":[{"embeddable":true,"href":"https:\/\/www.carpinteria-aluminio.cat\/ca\/wp-json\/wp\/v2\/media\/62214"}],"wp:attachment":[{"href":"https:\/\/www.carpinteria-aluminio.cat\/ca\/wp-json\/wp\/v2\/media?parent=62220"}],"wp:term":[{"taxonomy":"category","embeddable":true,"href":"https:\/\/www.carpinteria-aluminio.cat\/ca\/wp-json\/wp\/v2\/categories?post=62220"},{"taxonomy":"post_tag","embeddable":true,"href":"https:\/\/www.carpinteria-aluminio.cat\/ca\/wp-json\/wp\/v2\/tags?post=62220"}],"curies":[{"name":"wp","href":"https:\/\/api.w.org\/{rel}","templated":true}]}}