{"id":62685,"date":"2025-02-17T13:48:06","date_gmt":"2025-02-17T12:48:06","guid":{"rendered":"https:\/\/www.carpinteria-aluminio.cat\/?p=62685"},"modified":"2025-02-17T13:48:14","modified_gmt":"2025-02-17T12:48:14","slug":"finestra-oscillo-batent-de-dues-fulles-amb-vidre-climalit-4-16-4-sunguard-amb-persiana-i-registre-termoacustic","status":"publish","type":"post","link":"https:\/\/www.carpinteria-aluminio.cat\/ca\/finestra-oscillo-batent-de-dues-fulles-amb-vidre-climalit-4-16-4-sunguard-amb-persiana-i-registre-termoacustic\/","title":{"rendered":"Finestra oscil\u00b7lo-batent de dues fulles amb vidre climalit\u00ae 4-16-4 sunguard amb persiana i registre termoac\u00fastic"},"content":{"rendered":"\n<p>Substituci\u00f3 de finestra oscil\u00b7lo-batent de dues fulles amb vidre climalit\u00ae 4-16-4 amb tractament sunguard de la s\u00e8rie 350 EUR. en lacat blanc amb registre de persiana termoac\u00fastic individual, persiana modalum r45 d&#8217;alumini termoac\u00fastica + pe\u00e7a netejapersianes, amb folre de 60 x 44 mm. Mida: 1700 x 1330+350 mm.  <\/p>\n\n<figure class=\"wp-block-gallery has-nested-images columns-default is-cropped wp-block-gallery-1 is-layout-flex wp-block-gallery-is-layout-flex\">\n<figure class=\"wp-block-image size-large\"><a href=\"https:\/\/www.carpinteria-aluminio.cat\/wp-content\/uploads\/2025\/02\/IMG-20250215-WA0020-1-768x1024.jpg\"><img loading=\"lazy\" decoding=\"async\" width=\"768\" height=\"1024\" data-id=\"62540\" src=\"https:\/\/www.carpinteria-aluminio.cat\/wp-content\/uploads\/2025\/02\/IMG-20250215-WA0020-1-768x1024.jpg\" alt=\"\" class=\"wp-image-62540\" srcset=\"https:\/\/www.carpinteria-aluminio.cat\/wp-content\/uploads\/2025\/02\/IMG-20250215-WA0020-1-768x1024.jpg 768w, https:\/\/www.carpinteria-aluminio.cat\/wp-content\/uploads\/2025\/02\/IMG-20250215-WA0020-1-225x300.jpg 225w, https:\/\/www.carpinteria-aluminio.cat\/wp-content\/uploads\/2025\/02\/IMG-20250215-WA0020-1-1152x1536.jpg 1152w, https:\/\/www.carpinteria-aluminio.cat\/wp-content\/uploads\/2025\/02\/IMG-20250215-WA0020-1-56x75.jpg 56w, https:\/\/www.carpinteria-aluminio.cat\/wp-content\/uploads\/2025\/02\/IMG-20250215-WA0020-1-480x640.jpg 480w, https:\/\/www.carpinteria-aluminio.cat\/wp-content\/uploads\/2025\/02\/IMG-20250215-WA0020-1.jpg 1536w\" sizes=\"auto, (max-width:767px) 480px, (max-width:768px) 100vw, 768px\" \/><\/a><\/figure>\n\n\n\n<figure class=\"wp-block-image size-large\"><a href=\"https:\/\/www.carpinteria-aluminio.cat\/wp-content\/uploads\/2025\/02\/IMG-20250215-WA0019-1-768x1024.jpg\"><img loading=\"lazy\" decoding=\"async\" width=\"768\" height=\"1024\" data-id=\"62545\" src=\"https:\/\/www.carpinteria-aluminio.cat\/wp-content\/uploads\/2025\/02\/IMG-20250215-WA0019-1-768x1024.jpg\" alt=\"\" class=\"wp-image-62545\" srcset=\"https:\/\/www.carpinteria-aluminio.cat\/wp-content\/uploads\/2025\/02\/IMG-20250215-WA0019-1-768x1024.jpg 768w, https:\/\/www.carpinteria-aluminio.cat\/wp-content\/uploads\/2025\/02\/IMG-20250215-WA0019-1-225x300.jpg 225w, https:\/\/www.carpinteria-aluminio.cat\/wp-content\/uploads\/2025\/02\/IMG-20250215-WA0019-1-1152x1536.jpg 1152w, https:\/\/www.carpinteria-aluminio.cat\/wp-content\/uploads\/2025\/02\/IMG-20250215-WA0019-1-56x75.jpg 56w, https:\/\/www.carpinteria-aluminio.cat\/wp-content\/uploads\/2025\/02\/IMG-20250215-WA0019-1-480x640.jpg 480w, https:\/\/www.carpinteria-aluminio.cat\/wp-content\/uploads\/2025\/02\/IMG-20250215-WA0019-1.jpg 1442w\" sizes=\"auto, (max-width:767px) 480px, (max-width:768px) 100vw, 768px\" \/><\/a><\/figure>\n<\/figure>\n\n<figure class=\"wp-block-gallery has-nested-images columns-default is-cropped wp-block-gallery-2 is-layout-flex wp-block-gallery-is-layout-flex\">\n<figure class=\"wp-block-image size-large\"><a href=\"https:\/\/www.carpinteria-aluminio.cat\/wp-content\/uploads\/2025\/02\/IMG-20250215-WA0017-1-768x1024.jpg\"><img loading=\"lazy\" decoding=\"async\" width=\"768\" height=\"1024\" data-id=\"62550\" src=\"https:\/\/www.carpinteria-aluminio.cat\/wp-content\/uploads\/2025\/02\/IMG-20250215-WA0017-1-768x1024.jpg\" alt=\"\" class=\"wp-image-62550\" srcset=\"https:\/\/www.carpinteria-aluminio.cat\/wp-content\/uploads\/2025\/02\/IMG-20250215-WA0017-1-768x1024.jpg 768w, https:\/\/www.carpinteria-aluminio.cat\/wp-content\/uploads\/2025\/02\/IMG-20250215-WA0017-1-225x300.jpg 225w, https:\/\/www.carpinteria-aluminio.cat\/wp-content\/uploads\/2025\/02\/IMG-20250215-WA0017-1-1152x1536.jpg 1152w, https:\/\/www.carpinteria-aluminio.cat\/wp-content\/uploads\/2025\/02\/IMG-20250215-WA0017-1-56x75.jpg 56w, https:\/\/www.carpinteria-aluminio.cat\/wp-content\/uploads\/2025\/02\/IMG-20250215-WA0017-1-480x640.jpg 480w, https:\/\/www.carpinteria-aluminio.cat\/wp-content\/uploads\/2025\/02\/IMG-20250215-WA0017-1.jpg 1490w\" sizes=\"auto, (max-width:767px) 480px, (max-width:768px) 100vw, 768px\" \/><\/a><\/figure>\n\n\n\n<figure class=\"wp-block-image size-large\"><a href=\"https:\/\/www.carpinteria-aluminio.cat\/wp-content\/uploads\/2025\/02\/IMG-20250215-WA0018-1-768x1024.jpg\"><img loading=\"lazy\" decoding=\"async\" width=\"768\" height=\"1024\" data-id=\"62555\" src=\"https:\/\/www.carpinteria-aluminio.cat\/wp-content\/uploads\/2025\/02\/IMG-20250215-WA0018-1-768x1024.jpg\" alt=\"\" class=\"wp-image-62555\" srcset=\"https:\/\/www.carpinteria-aluminio.cat\/wp-content\/uploads\/2025\/02\/IMG-20250215-WA0018-1-768x1024.jpg 768w, https:\/\/www.carpinteria-aluminio.cat\/wp-content\/uploads\/2025\/02\/IMG-20250215-WA0018-1-225x300.jpg 225w, https:\/\/www.carpinteria-aluminio.cat\/wp-content\/uploads\/2025\/02\/IMG-20250215-WA0018-1-1152x1536.jpg 1152w, https:\/\/www.carpinteria-aluminio.cat\/wp-content\/uploads\/2025\/02\/IMG-20250215-WA0018-1-56x75.jpg 56w, https:\/\/www.carpinteria-aluminio.cat\/wp-content\/uploads\/2025\/02\/IMG-20250215-WA0018-1-480x640.jpg 480w, https:\/\/www.carpinteria-aluminio.cat\/wp-content\/uploads\/2025\/02\/IMG-20250215-WA0018-1.jpg 1508w\" sizes=\"auto, (max-width:767px) 480px, (max-width:768px) 100vw, 768px\" \/><\/a><\/figure>\n<\/figure>\n","protected":false},"excerpt":{"rendered":"<p>Substituci\u00f3 de finestra oscil\u00b7lo-batent de dues fulles amb vidre climalit\u00ae 4-16-4 amb tractament sunguard de la s\u00e8rie 350 EUR. en lacat blanc amb registre de persiana<span class=\"excerpt-hellip\"> [\u2026]<\/span><\/p>\n","protected":false},"author":2,"featured_media":62556,"comment_status":"closed","ping_status":"closed","sticky":false,"template":"","format":"standard","meta":{"_joinchat":[],"footnotes":""},"categories":[40],"tags":[638,757,787,535,822,130,308,597,311],"class_list":["post-62685","post","type-post","status-publish","format-standard","has-post-thumbnail","hentry","category-treballs-realitzats","tag-acabados-de-perfiles-de-aluminio-ca","tag-alumini-ca-2","tag-balconera-ca","tag-barcelona-ca","tag-finestral-dalumini","tag-finestres","tag-lacat","tag-tancament-alumini-barcelona","tag-vidre"],"aioseo_notices":[],"_links":{"self":[{"href":"https:\/\/www.carpinteria-aluminio.cat\/ca\/wp-json\/wp\/v2\/posts\/62685","targetHints":{"allow":["GET"]}}],"collection":[{"href":"https:\/\/www.carpinteria-aluminio.cat\/ca\/wp-json\/wp\/v2\/posts"}],"about":[{"href":"https:\/\/www.carpinteria-aluminio.cat\/ca\/wp-json\/wp\/v2\/types\/post"}],"author":[{"embeddable":true,"href":"https:\/\/www.carpinteria-aluminio.cat\/ca\/wp-json\/wp\/v2\/users\/2"}],"replies":[{"embeddable":true,"href":"https:\/\/www.carpinteria-aluminio.cat\/ca\/wp-json\/wp\/v2\/comments?post=62685"}],"version-history":[{"count":2,"href":"https:\/\/www.carpinteria-aluminio.cat\/ca\/wp-json\/wp\/v2\/posts\/62685\/revisions"}],"predecessor-version":[{"id":62693,"href":"https:\/\/www.carpinteria-aluminio.cat\/ca\/wp-json\/wp\/v2\/posts\/62685\/revisions\/62693"}],"wp:featuredmedia":[{"embeddable":true,"href":"https:\/\/www.carpinteria-aluminio.cat\/ca\/wp-json\/wp\/v2\/media\/62556"}],"wp:attachment":[{"href":"https:\/\/www.carpinteria-aluminio.cat\/ca\/wp-json\/wp\/v2\/media?parent=62685"}],"wp:term":[{"taxonomy":"category","embeddable":true,"href":"https:\/\/www.carpinteria-aluminio.cat\/ca\/wp-json\/wp\/v2\/categories?post=62685"},{"taxonomy":"post_tag","embeddable":true,"href":"https:\/\/www.carpinteria-aluminio.cat\/ca\/wp-json\/wp\/v2\/tags?post=62685"}],"curies":[{"name":"wp","href":"https:\/\/api.w.org\/{rel}","templated":true}]}}