{"id":62817,"date":"2025-02-21T09:31:57","date_gmt":"2025-02-21T08:31:57","guid":{"rendered":"https:\/\/www.carpinteria-aluminio.cat\/?p=62817"},"modified":"2025-02-21T09:31:57","modified_gmt":"2025-02-21T08:31:57","slug":"substituim-antic-tancament-de-fusta-per-una-nova-estructura-dalumini-mes-eficient-estetica-i-amb-mes-entrada-de-llum","status":"publish","type":"post","link":"https:\/\/www.carpinteria-aluminio.cat\/ca\/substituim-antic-tancament-de-fusta-per-una-nova-estructura-dalumini-mes-eficient-estetica-i-amb-mes-entrada-de-llum\/","title":{"rendered":"Substitu\u00efm antic tancament de fusta per una nova estructura d&#8217;alumini m\u00e9s eficient, est\u00e8tica i amb m\u00e9s entrada de llum."},"content":{"rendered":"\n<p>Substitu\u00efm l&#8217;antic tancament de fusta per una nova estructura d&#8217;alumini m\u00e9s eficient, est\u00e8tica i amb m\u00e9s entrada de llum.<\/p>\n\n<p>El tancament est\u00e0 compost per una porta practicable d\u00b4una fulla amb vidre climalit\u00ae 4-16-4 sunguard de la s\u00e8rie 350 EUR. en lacat blanc, afegint una persiana monobloc (stil bloc), amb folre de 45 mm, i una finestra corredissa de dues fulles amb vidre climalit\u00ae 4-10-4 sunguard de la s\u00e8rie SILVER 70 Creu Recte en lacat blanc, afegint tamb\u00e9 persiana monobloc (stil bloc), amb folre. <\/p>\n\n<figure class=\"wp-block-gallery has-nested-images columns-default is-cropped wp-block-gallery-1 is-layout-flex wp-block-gallery-is-layout-flex\">\n<figure class=\"wp-block-image size-large\"><a href=\"https:\/\/www.carpinteria-aluminio.cat\/wp-content\/uploads\/2025\/02\/IMG-20250209-WA0002.jpg\"><img loading=\"lazy\" decoding=\"async\" width=\"768\" height=\"1024\" data-id=\"62513\" src=\"https:\/\/www.carpinteria-aluminio.cat\/wp-content\/uploads\/2025\/02\/IMG-20250209-WA0002-768x1024.jpg\" alt=\"\" class=\"wp-image-62513\" srcset=\"https:\/\/www.carpinteria-aluminio.cat\/wp-content\/uploads\/2025\/02\/IMG-20250209-WA0002-768x1024.jpg 768w, https:\/\/www.carpinteria-aluminio.cat\/wp-content\/uploads\/2025\/02\/IMG-20250209-WA0002-225x300.jpg 225w, https:\/\/www.carpinteria-aluminio.cat\/wp-content\/uploads\/2025\/02\/IMG-20250209-WA0002-1152x1536.jpg 1152w, https:\/\/www.carpinteria-aluminio.cat\/wp-content\/uploads\/2025\/02\/IMG-20250209-WA0002-56x75.jpg 56w, https:\/\/www.carpinteria-aluminio.cat\/wp-content\/uploads\/2025\/02\/IMG-20250209-WA0002-480x640.jpg 480w, https:\/\/www.carpinteria-aluminio.cat\/wp-content\/uploads\/2025\/02\/IMG-20250209-WA0002.jpg 1536w\" sizes=\"auto, (max-width:767px) 480px, (max-width:768px) 100vw, 768px\" \/><\/a><\/figure>\n\n\n\n<figure class=\"wp-block-image size-large\"><a href=\"https:\/\/www.carpinteria-aluminio.cat\/wp-content\/uploads\/2025\/02\/IMG-20250209-WA0003-768x1024.jpg\"><img loading=\"lazy\" decoding=\"async\" width=\"768\" height=\"1024\" data-id=\"62511\" src=\"https:\/\/www.carpinteria-aluminio.cat\/wp-content\/uploads\/2025\/02\/IMG-20250209-WA0003-768x1024.jpg\" alt=\"\" class=\"wp-image-62511\" srcset=\"https:\/\/www.carpinteria-aluminio.cat\/wp-content\/uploads\/2025\/02\/IMG-20250209-WA0003-768x1024.jpg 768w, https:\/\/www.carpinteria-aluminio.cat\/wp-content\/uploads\/2025\/02\/IMG-20250209-WA0003-225x300.jpg 225w, https:\/\/www.carpinteria-aluminio.cat\/wp-content\/uploads\/2025\/02\/IMG-20250209-WA0003-1152x1536.jpg 1152w, https:\/\/www.carpinteria-aluminio.cat\/wp-content\/uploads\/2025\/02\/IMG-20250209-WA0003-56x75.jpg 56w, https:\/\/www.carpinteria-aluminio.cat\/wp-content\/uploads\/2025\/02\/IMG-20250209-WA0003-480x640.jpg 480w, https:\/\/www.carpinteria-aluminio.cat\/wp-content\/uploads\/2025\/02\/IMG-20250209-WA0003.jpg 1536w\" sizes=\"auto, (max-width:767px) 480px, (max-width:768px) 100vw, 768px\" \/><\/a><\/figure>\n<\/figure>\n","protected":false},"excerpt":{"rendered":"<p>Substitu\u00efm l&#8217;antic tancament de fusta per una nova estructura d&#8217;alumini m\u00e9s eficient, est\u00e8tica i amb m\u00e9s entrada de llum. El tancament est\u00e0 compost per una porta<span class=\"excerpt-hellip\"> [\u2026]<\/span><\/p>\n","protected":false},"author":2,"featured_media":62514,"comment_status":"closed","ping_status":"closed","sticky":false,"template":"","format":"standard","meta":{"_joinchat":[],"footnotes":""},"categories":[40],"tags":[638,757,787,535,822,130,308,597,311],"class_list":["post-62817","post","type-post","status-publish","format-standard","has-post-thumbnail","hentry","category-treballs-realitzats","tag-acabados-de-perfiles-de-aluminio-ca","tag-alumini-ca-2","tag-balconera-ca","tag-barcelona-ca","tag-finestral-dalumini","tag-finestres","tag-lacat","tag-tancament-alumini-barcelona","tag-vidre"],"aioseo_notices":[],"_links":{"self":[{"href":"https:\/\/www.carpinteria-aluminio.cat\/ca\/wp-json\/wp\/v2\/posts\/62817","targetHints":{"allow":["GET"]}}],"collection":[{"href":"https:\/\/www.carpinteria-aluminio.cat\/ca\/wp-json\/wp\/v2\/posts"}],"about":[{"href":"https:\/\/www.carpinteria-aluminio.cat\/ca\/wp-json\/wp\/v2\/types\/post"}],"author":[{"embeddable":true,"href":"https:\/\/www.carpinteria-aluminio.cat\/ca\/wp-json\/wp\/v2\/users\/2"}],"replies":[{"embeddable":true,"href":"https:\/\/www.carpinteria-aluminio.cat\/ca\/wp-json\/wp\/v2\/comments?post=62817"}],"version-history":[{"count":2,"href":"https:\/\/www.carpinteria-aluminio.cat\/ca\/wp-json\/wp\/v2\/posts\/62817\/revisions"}],"predecessor-version":[{"id":62825,"href":"https:\/\/www.carpinteria-aluminio.cat\/ca\/wp-json\/wp\/v2\/posts\/62817\/revisions\/62825"}],"wp:featuredmedia":[{"embeddable":true,"href":"https:\/\/www.carpinteria-aluminio.cat\/ca\/wp-json\/wp\/v2\/media\/62514"}],"wp:attachment":[{"href":"https:\/\/www.carpinteria-aluminio.cat\/ca\/wp-json\/wp\/v2\/media?parent=62817"}],"wp:term":[{"taxonomy":"category","embeddable":true,"href":"https:\/\/www.carpinteria-aluminio.cat\/ca\/wp-json\/wp\/v2\/categories?post=62817"},{"taxonomy":"post_tag","embeddable":true,"href":"https:\/\/www.carpinteria-aluminio.cat\/ca\/wp-json\/wp\/v2\/tags?post=62817"}],"curies":[{"name":"wp","href":"https:\/\/api.w.org\/{rel}","templated":true}]}}