{"id":63078,"date":"2025-02-27T07:44:23","date_gmt":"2025-02-27T06:44:23","guid":{"rendered":"https:\/\/www.carpinteria-aluminio.cat\/?p=63078"},"modified":"2025-02-27T07:44:25","modified_gmt":"2025-02-27T06:44:25","slug":"persiana-dalumini-termoacustica-motoritzada-amb-comandament-a-distancia","status":"publish","type":"post","link":"https:\/\/www.carpinteria-aluminio.cat\/ca\/persiana-dalumini-termoacustica-motoritzada-amb-comandament-a-distancia\/","title":{"rendered":"Persiana d&#8217;alumini termoac\u00fastica motoritzada amb comandament a dist\u00e0ncia"},"content":{"rendered":"\n<p>Persiana d&#8217;alumini termoac\u00fastica model Minor en lacat blanc amb moto W\u00fcrth amb comandament a dist\u00e0ncia.  <\/p>\n\n<figure class=\"wp-block-gallery has-nested-images columns-default is-cropped wp-block-gallery-1 is-layout-flex wp-block-gallery-is-layout-flex\">\n<figure class=\"wp-block-image size-large\"><a href=\"https:\/\/www.carpinteria-aluminio.cat\/wp-content\/uploads\/2025\/02\/Imagen-de-WhatsApp-2025-02-20-a-las-21.09.35_2575ca1d-768x1024.jpg\"><img loading=\"lazy\" decoding=\"async\" width=\"768\" height=\"1024\" data-id=\"63001\" src=\"https:\/\/www.carpinteria-aluminio.cat\/wp-content\/uploads\/2025\/02\/Imagen-de-WhatsApp-2025-02-20-a-las-21.09.35_2575ca1d-768x1024.jpg\" alt=\"\" class=\"wp-image-63001\" srcset=\"https:\/\/www.carpinteria-aluminio.cat\/wp-content\/uploads\/2025\/02\/Imagen-de-WhatsApp-2025-02-20-a-las-21.09.35_2575ca1d-768x1024.jpg 768w, https:\/\/www.carpinteria-aluminio.cat\/wp-content\/uploads\/2025\/02\/Imagen-de-WhatsApp-2025-02-20-a-las-21.09.35_2575ca1d-225x300.jpg 225w, https:\/\/www.carpinteria-aluminio.cat\/wp-content\/uploads\/2025\/02\/Imagen-de-WhatsApp-2025-02-20-a-las-21.09.35_2575ca1d-56x75.jpg 56w, https:\/\/www.carpinteria-aluminio.cat\/wp-content\/uploads\/2025\/02\/Imagen-de-WhatsApp-2025-02-20-a-las-21.09.35_2575ca1d-480x640.jpg 480w, https:\/\/www.carpinteria-aluminio.cat\/wp-content\/uploads\/2025\/02\/Imagen-de-WhatsApp-2025-02-20-a-las-21.09.35_2575ca1d.jpg 1028w\" sizes=\"auto, (max-width:767px) 480px, (max-width:768px) 100vw, 768px\" \/><\/a><\/figure>\n\n\n\n<figure class=\"wp-block-image size-large\"><a href=\"https:\/\/www.carpinteria-aluminio.cat\/wp-content\/uploads\/2025\/02\/Imagen-de-WhatsApp-2025-02-20-a-las-21.09.35_9ef09558-768x1024.jpg\"><img loading=\"lazy\" decoding=\"async\" width=\"768\" height=\"1024\" data-id=\"63002\" src=\"https:\/\/www.carpinteria-aluminio.cat\/wp-content\/uploads\/2025\/02\/Imagen-de-WhatsApp-2025-02-20-a-las-21.09.35_9ef09558-768x1024.jpg\" alt=\"\" class=\"wp-image-63002\" srcset=\"https:\/\/www.carpinteria-aluminio.cat\/wp-content\/uploads\/2025\/02\/Imagen-de-WhatsApp-2025-02-20-a-las-21.09.35_9ef09558-768x1024.jpg 768w, https:\/\/www.carpinteria-aluminio.cat\/wp-content\/uploads\/2025\/02\/Imagen-de-WhatsApp-2025-02-20-a-las-21.09.35_9ef09558-225x300.jpg 225w, https:\/\/www.carpinteria-aluminio.cat\/wp-content\/uploads\/2025\/02\/Imagen-de-WhatsApp-2025-02-20-a-las-21.09.35_9ef09558-56x75.jpg 56w, https:\/\/www.carpinteria-aluminio.cat\/wp-content\/uploads\/2025\/02\/Imagen-de-WhatsApp-2025-02-20-a-las-21.09.35_9ef09558-480x640.jpg 480w, https:\/\/www.carpinteria-aluminio.cat\/wp-content\/uploads\/2025\/02\/Imagen-de-WhatsApp-2025-02-20-a-las-21.09.35_9ef09558.jpg 969w\" sizes=\"auto, (max-width:767px) 480px, (max-width:768px) 100vw, 768px\" \/><\/a><\/figure>\n<\/figure>\n","protected":false},"excerpt":{"rendered":"<p>Persiana d&#8217;alumini termoac\u00fastica model Minor en lacat blanc amb moto W\u00fcrth amb comandament a dist\u00e0ncia.<\/p>\n","protected":false},"author":2,"featured_media":63003,"comment_status":"closed","ping_status":"closed","sticky":false,"template":"","format":"standard","meta":{"_joinchat":[],"footnotes":""},"categories":[40],"tags":[638,757,787,535,822,130,308,597,311],"class_list":["post-63078","post","type-post","status-publish","format-standard","has-post-thumbnail","hentry","category-treballs-realitzats","tag-acabados-de-perfiles-de-aluminio-ca","tag-alumini-ca-2","tag-balconera-ca","tag-barcelona-ca","tag-finestral-dalumini","tag-finestres","tag-lacat","tag-tancament-alumini-barcelona","tag-vidre"],"aioseo_notices":[],"_links":{"self":[{"href":"https:\/\/www.carpinteria-aluminio.cat\/ca\/wp-json\/wp\/v2\/posts\/63078","targetHints":{"allow":["GET"]}}],"collection":[{"href":"https:\/\/www.carpinteria-aluminio.cat\/ca\/wp-json\/wp\/v2\/posts"}],"about":[{"href":"https:\/\/www.carpinteria-aluminio.cat\/ca\/wp-json\/wp\/v2\/types\/post"}],"author":[{"embeddable":true,"href":"https:\/\/www.carpinteria-aluminio.cat\/ca\/wp-json\/wp\/v2\/users\/2"}],"replies":[{"embeddable":true,"href":"https:\/\/www.carpinteria-aluminio.cat\/ca\/wp-json\/wp\/v2\/comments?post=63078"}],"version-history":[{"count":2,"href":"https:\/\/www.carpinteria-aluminio.cat\/ca\/wp-json\/wp\/v2\/posts\/63078\/revisions"}],"predecessor-version":[{"id":63086,"href":"https:\/\/www.carpinteria-aluminio.cat\/ca\/wp-json\/wp\/v2\/posts\/63078\/revisions\/63086"}],"wp:featuredmedia":[{"embeddable":true,"href":"https:\/\/www.carpinteria-aluminio.cat\/ca\/wp-json\/wp\/v2\/media\/63003"}],"wp:attachment":[{"href":"https:\/\/www.carpinteria-aluminio.cat\/ca\/wp-json\/wp\/v2\/media?parent=63078"}],"wp:term":[{"taxonomy":"category","embeddable":true,"href":"https:\/\/www.carpinteria-aluminio.cat\/ca\/wp-json\/wp\/v2\/categories?post=63078"},{"taxonomy":"post_tag","embeddable":true,"href":"https:\/\/www.carpinteria-aluminio.cat\/ca\/wp-json\/wp\/v2\/tags?post=63078"}],"curies":[{"name":"wp","href":"https:\/\/api.w.org\/{rel}","templated":true}]}}