{"id":69651,"date":"2025-07-21T08:56:39","date_gmt":"2025-07-21T07:56:39","guid":{"rendered":"https:\/\/www.carpinteria-aluminio.cat\/?p=69651"},"modified":"2025-07-21T08:56:40","modified_gmt":"2025-07-21T07:56:40","slug":"finestres-practicables-de-dues-fulles-amb-vidre-climalit-4-22-4-sunguard-hp-60-40-de-la-serie-stilo-60rpt","status":"publish","type":"post","link":"https:\/\/www.carpinteria-aluminio.cat\/ca\/finestres-practicables-de-dues-fulles-amb-vidre-climalit-4-22-4-sunguard-hp-60-40-de-la-serie-stilo-60rpt\/","title":{"rendered":"Finestres practicables de dues fulles amb vidre Climalit 4-22-4 Sunguard HP 60\/40 de la s\u00e8rie Stilo 60RPT"},"content":{"rendered":"\n<p>Finestres practicable de dues fulles amb vidre Climalit 4-22-4 sunguard HP 60\/40 de la s\u00e8rie Stilo 60 RPT, amb trencament de pont t\u00e8rmic, en lacat blanc amb registre de persiana termo-ac\u00fastic individual, amb folre de 45 mm.  <\/p>\n\n<figure class=\"wp-block-gallery has-nested-images columns-default is-cropped wp-block-gallery-1 is-layout-flex wp-block-gallery-is-layout-flex\">\n<figure class=\"wp-block-image size-large\"><a href=\"https:\/\/www.carpinteria-aluminio.cat\/wp-content\/uploads\/2025\/07\/Imagen-de-WhatsApp-2025-07-17-a-las-18.12.45_fe0a4e52-1-768x1024.jpg\"><img loading=\"lazy\" decoding=\"async\" width=\"768\" height=\"1024\" data-id=\"69640\" src=\"https:\/\/www.carpinteria-aluminio.cat\/wp-content\/uploads\/2025\/07\/Imagen-de-WhatsApp-2025-07-17-a-las-18.12.45_fe0a4e52-1-768x1024.jpg\" alt=\"\" class=\"wp-image-69640\" srcset=\"https:\/\/www.carpinteria-aluminio.cat\/wp-content\/uploads\/2025\/07\/Imagen-de-WhatsApp-2025-07-17-a-las-18.12.45_fe0a4e52-1-768x1024.jpg 768w, https:\/\/www.carpinteria-aluminio.cat\/wp-content\/uploads\/2025\/07\/Imagen-de-WhatsApp-2025-07-17-a-las-18.12.45_fe0a4e52-1-225x300.jpg 225w, https:\/\/www.carpinteria-aluminio.cat\/wp-content\/uploads\/2025\/07\/Imagen-de-WhatsApp-2025-07-17-a-las-18.12.45_fe0a4e52-1-1152x1536.jpg 1152w, https:\/\/www.carpinteria-aluminio.cat\/wp-content\/uploads\/2025\/07\/Imagen-de-WhatsApp-2025-07-17-a-las-18.12.45_fe0a4e52-1-56x75.jpg 56w, https:\/\/www.carpinteria-aluminio.cat\/wp-content\/uploads\/2025\/07\/Imagen-de-WhatsApp-2025-07-17-a-las-18.12.45_fe0a4e52-1-480x640.jpg 480w, https:\/\/www.carpinteria-aluminio.cat\/wp-content\/uploads\/2025\/07\/Imagen-de-WhatsApp-2025-07-17-a-las-18.12.45_fe0a4e52-1.jpg 1536w\" sizes=\"auto, (max-width:767px) 480px, (max-width:768px) 100vw, 768px\" \/><\/a><\/figure>\n\n\n\n<figure class=\"wp-block-image size-large\"><a href=\"https:\/\/www.carpinteria-aluminio.cat\/wp-content\/uploads\/2025\/07\/Imagen-de-WhatsApp-2025-07-17-a-las-18.12.54_55d2e506-1-768x1024.jpg\"><img loading=\"lazy\" decoding=\"async\" width=\"768\" height=\"1024\" data-id=\"69643\" src=\"https:\/\/www.carpinteria-aluminio.cat\/wp-content\/uploads\/2025\/07\/Imagen-de-WhatsApp-2025-07-17-a-las-18.12.54_55d2e506-1-768x1024.jpg\" alt=\"\" class=\"wp-image-69643\" srcset=\"https:\/\/www.carpinteria-aluminio.cat\/wp-content\/uploads\/2025\/07\/Imagen-de-WhatsApp-2025-07-17-a-las-18.12.54_55d2e506-1-768x1024.jpg 768w, https:\/\/www.carpinteria-aluminio.cat\/wp-content\/uploads\/2025\/07\/Imagen-de-WhatsApp-2025-07-17-a-las-18.12.54_55d2e506-1-225x300.jpg 225w, https:\/\/www.carpinteria-aluminio.cat\/wp-content\/uploads\/2025\/07\/Imagen-de-WhatsApp-2025-07-17-a-las-18.12.54_55d2e506-1-1152x1536.jpg 1152w, https:\/\/www.carpinteria-aluminio.cat\/wp-content\/uploads\/2025\/07\/Imagen-de-WhatsApp-2025-07-17-a-las-18.12.54_55d2e506-1-56x75.jpg 56w, https:\/\/www.carpinteria-aluminio.cat\/wp-content\/uploads\/2025\/07\/Imagen-de-WhatsApp-2025-07-17-a-las-18.12.54_55d2e506-1-480x640.jpg 480w, https:\/\/www.carpinteria-aluminio.cat\/wp-content\/uploads\/2025\/07\/Imagen-de-WhatsApp-2025-07-17-a-las-18.12.54_55d2e506-1.jpg 1536w\" sizes=\"auto, (max-width:767px) 480px, (max-width:768px) 100vw, 768px\" \/><\/a><\/figure>\n<\/figure>\n","protected":false},"excerpt":{"rendered":"<p>Finestres practicable de dues fulles amb vidre Climalit 4-22-4 sunguard HP 60\/40 de la s\u00e8rie Stilo 60 RPT, amb trencament de pont t\u00e8rmic, en lacat blanc<span class=\"excerpt-hellip\"> [\u2026]<\/span><\/p>\n","protected":false},"author":2,"featured_media":69645,"comment_status":"closed","ping_status":"closed","sticky":false,"template":"","format":"standard","meta":{"_joinchat":[],"footnotes":""},"categories":[40],"tags":[638,757,787,535,822,130,308,597,311],"class_list":["post-69651","post","type-post","status-publish","format-standard","has-post-thumbnail","hentry","category-treballs-realitzats","tag-acabados-de-perfiles-de-aluminio-ca","tag-alumini-ca-2","tag-balconera-ca","tag-barcelona-ca","tag-finestral-dalumini","tag-finestres","tag-lacat","tag-tancament-alumini-barcelona","tag-vidre"],"aioseo_notices":[],"_links":{"self":[{"href":"https:\/\/www.carpinteria-aluminio.cat\/ca\/wp-json\/wp\/v2\/posts\/69651","targetHints":{"allow":["GET"]}}],"collection":[{"href":"https:\/\/www.carpinteria-aluminio.cat\/ca\/wp-json\/wp\/v2\/posts"}],"about":[{"href":"https:\/\/www.carpinteria-aluminio.cat\/ca\/wp-json\/wp\/v2\/types\/post"}],"author":[{"embeddable":true,"href":"https:\/\/www.carpinteria-aluminio.cat\/ca\/wp-json\/wp\/v2\/users\/2"}],"replies":[{"embeddable":true,"href":"https:\/\/www.carpinteria-aluminio.cat\/ca\/wp-json\/wp\/v2\/comments?post=69651"}],"version-history":[{"count":2,"href":"https:\/\/www.carpinteria-aluminio.cat\/ca\/wp-json\/wp\/v2\/posts\/69651\/revisions"}],"predecessor-version":[{"id":69745,"href":"https:\/\/www.carpinteria-aluminio.cat\/ca\/wp-json\/wp\/v2\/posts\/69651\/revisions\/69745"}],"wp:featuredmedia":[{"embeddable":true,"href":"https:\/\/www.carpinteria-aluminio.cat\/ca\/wp-json\/wp\/v2\/media\/69645"}],"wp:attachment":[{"href":"https:\/\/www.carpinteria-aluminio.cat\/ca\/wp-json\/wp\/v2\/media?parent=69651"}],"wp:term":[{"taxonomy":"category","embeddable":true,"href":"https:\/\/www.carpinteria-aluminio.cat\/ca\/wp-json\/wp\/v2\/categories?post=69651"},{"taxonomy":"post_tag","embeddable":true,"href":"https:\/\/www.carpinteria-aluminio.cat\/ca\/wp-json\/wp\/v2\/tags?post=69651"}],"curies":[{"name":"wp","href":"https:\/\/api.w.org\/{rel}","templated":true}]}}