{"id":6978,"date":"2013-01-25T18:35:49","date_gmt":"2013-01-25T18:35:49","guid":{"rendered":"https:\/\/www.carpinteria-aluminio.cat\/que-es-medeix-en-un-certificat-energetic\/"},"modified":"2013-01-25T18:35:49","modified_gmt":"2013-01-25T18:35:49","slug":"que-es-medeix-en-un-certificat-energetic","status":"publish","type":"post","link":"https:\/\/www.carpinteria-aluminio.cat\/ca\/que-es-medeix-en-un-certificat-energetic\/","title":{"rendered":"Qu\u00e8 es medeix en un certificat energ\u00e8tic?"},"content":{"rendered":"<p>Segons el PROYECTO DE REAL DECRETO POR EL QUE SE APRUEBA EL PROCEDIMIENTO B\u00c1SICO PARA LA CERTIFICACI\u00d3N DE LA EFICIENCIA ENERG\u00c9TICA DE LOS EDIFICIOS es mesurar\u00e1n els seg\u00fcents aspectes a l&#8217;hora d&#8217;evaluar la categoria energ\u00e8tica d&#8217;un edifici o habitatge: a) Disseny, empla\u00e7ament i orientaci\u00f3 de l&#8217;edifici. b) Condicions ambientals interiors i condicions clim\u00e0tiques exteriors. c) Caracter\u00edstiques t\u00e8rmiques dels tancaments. d) Sistemes solars passius i protecci\u00f3 solar. e) Instal\u00b7lacions t\u00e8rmiques dels edificis individuals i col\u00b7lectives (calefacci\u00f3, refrigeraci\u00f3 i producci\u00f3 d&#8217;aigua calenta) i sistemes de calefacci\u00f3 i refrigeraci\u00f3 urbana; incloent les caracter\u00edstiques de a\u00efllament de canonades i conductes. f) Ventilaci\u00f3 natural i mec\u00e0nica. g) Instal\u00b7laci\u00f3 d&#8217;il\u00b7luminaci\u00f3 interior artificial. h) Il\u00b7luminaci\u00f3 natural. i) Sistemes solars actius o altres sistemes de calefacci\u00f3 o producci\u00f3 d&#8217;electricitat basats en fonts d&#8217;energia renovables. j) Electricitat produ\u00efda per cogeneraci\u00f3. <a title=\"Etiqueta de calificaci\u00f3 energ\u00e8tica global\"><img loading=\"lazy\" decoding=\"async\" class=\"alignnone size-full wp-image-1008\" src=\"https:\/\/www.carpinteria-aluminio.cat\/wp-content\/uploads\/2013\/01\/Etiqueta-calificaci\u00f3n-energetica-global.png\" alt=\"Etiqueta calificaci\u00f3n energ\u00e9tica global\" width=\"600\" height=\"172\" srcset=\"https:\/\/www.carpinteria-aluminio.cat\/wp-content\/uploads\/2013\/01\/Etiqueta-calificaci\u00f3n-energetica-global.png 828w, https:\/\/www.carpinteria-aluminio.cat\/wp-content\/uploads\/2013\/01\/Etiqueta-calificaci\u00f3n-energetica-global-300x85.png 300w, https:\/\/www.carpinteria-aluminio.cat\/wp-content\/uploads\/2013\/01\/Etiqueta-calificaci\u00f3n-energetica-global-500x143.png 500w\" sizes=\"auto, (max-width:767px) 480px, 600px\" \/><\/a> Per a m\u00e9s informaci\u00f3 visiti la p\u00e0gina del <a href=\"http:\/\/www.minetur.gob.es\/energia\/es-ES\/Participacion\/Paginas\/Cerradas\/PRDeficiencia_energetica_edificios.aspx\" target=\"_blank\">Ministerio de Industria, Energ\u00eda y Turismo<\/a><\/p>\n","protected":false},"excerpt":{"rendered":"<p>Segons el PROYECTO DE REAL DECRETO POR EL QUE SE APRUEBA EL PROCEDIMIENTO B\u00c1SICO PARA LA CERTIFICACI\u00d3N DE LA EFICIENCIA ENERG\u00c9TICA DE LOS EDIFICIOS es mesurar\u00e1n<span class=\"excerpt-hellip\"> [\u2026]<\/span><\/p>\n","protected":false},"author":3,"featured_media":0,"comment_status":"open","ping_status":"open","sticky":false,"template":"","format":"standard","meta":{"_joinchat":[],"footnotes":""},"categories":[36],"tags":[],"class_list":["post-6978","post","type-post","status-publish","format-standard","hentry","category-noticies"],"aioseo_notices":[],"_links":{"self":[{"href":"https:\/\/www.carpinteria-aluminio.cat\/ca\/wp-json\/wp\/v2\/posts\/6978","targetHints":{"allow":["GET"]}}],"collection":[{"href":"https:\/\/www.carpinteria-aluminio.cat\/ca\/wp-json\/wp\/v2\/posts"}],"about":[{"href":"https:\/\/www.carpinteria-aluminio.cat\/ca\/wp-json\/wp\/v2\/types\/post"}],"author":[{"embeddable":true,"href":"https:\/\/www.carpinteria-aluminio.cat\/ca\/wp-json\/wp\/v2\/users\/3"}],"replies":[{"embeddable":true,"href":"https:\/\/www.carpinteria-aluminio.cat\/ca\/wp-json\/wp\/v2\/comments?post=6978"}],"version-history":[{"count":0,"href":"https:\/\/www.carpinteria-aluminio.cat\/ca\/wp-json\/wp\/v2\/posts\/6978\/revisions"}],"wp:attachment":[{"href":"https:\/\/www.carpinteria-aluminio.cat\/ca\/wp-json\/wp\/v2\/media?parent=6978"}],"wp:term":[{"taxonomy":"category","embeddable":true,"href":"https:\/\/www.carpinteria-aluminio.cat\/ca\/wp-json\/wp\/v2\/categories?post=6978"},{"taxonomy":"post_tag","embeddable":true,"href":"https:\/\/www.carpinteria-aluminio.cat\/ca\/wp-json\/wp\/v2\/tags?post=6978"}],"curies":[{"name":"wp","href":"https:\/\/api.w.org\/{rel}","templated":true}]}}