{"id":7032,"date":"2013-02-08T15:46:07","date_gmt":"2013-02-08T15:46:07","guid":{"rendered":"https:\/\/www.carpinteria-aluminio.cat\/finestra-dalumini-lacat-fusta-noguera-b-7\/"},"modified":"2013-02-08T15:46:07","modified_gmt":"2013-02-08T15:46:07","slug":"finestra-dalumini-lacat-fusta-noguera-b-7","status":"publish","type":"post","link":"https:\/\/www.carpinteria-aluminio.cat\/ca\/finestra-dalumini-lacat-fusta-noguera-b-7\/","title":{"rendered":"Finestra d&#8217;alumini lacat fusta noguera b-7"},"content":{"rendered":"<div id=\"attachment_1283\" style=\"width: 310px\" class=\"wp-caption alignleft\"><a href=\"https:\/\/www.carpinteria-aluminio.cat\/wp-content\/uploads\/2013\/02\/20130208_120944_resized.jpg\" target=\"_blank\"><img loading=\"lazy\" decoding=\"async\" aria-describedby=\"caption-attachment-1283\" class=\" wp-image-1283\" style=\"color: #333333; margin: 0px; border: 0px;\" title=\"Finestra d\u00b4alumini lacat fusta\" src=\"https:\/\/www.carpinteria-aluminio.cat\/wp-content\/uploads\/2013\/02\/20130208_120944_resized-225x300.jpg\" alt=\"Finestra d\u00b4alumini lacat fusta\" width=\"300\" height=\"380\" \/><\/a><p id=\"caption-attachment-1283\" class=\"wp-caption-text\">Finestra d\u00b4alumini lacat fusta<\/p><\/div>\n<div id=\"attachment_1284\" style=\"width: 310px\" class=\"wp-caption alignleft\"><a href=\"https:\/\/www.carpinteria-aluminio.cat\/wp-content\/uploads\/2013\/02\/20130208_121912_resized.jpg\" target=\"_blank\"><img loading=\"lazy\" decoding=\"async\" aria-describedby=\"caption-attachment-1284\" class=\" wp-image-1284\" style=\"margin: 0px; border: 0px;\" title=\"Finestra d\u00b4alumini lacat fusta\" src=\"https:\/\/www.carpinteria-aluminio.cat\/wp-content\/uploads\/2013\/02\/20130208_121912_resized-225x300.jpg\" alt=\"Finestra d\u00b4alumini lacat fusta\" width=\"300\" height=\"380\" \/><\/a><p id=\"caption-attachment-1284\" class=\"wp-caption-text\">Finestra d\u00b4alumini lacat fusta<\/p><\/div>\n<div id=\"attachment_1285\" style=\"width: 310px\" class=\"wp-caption alignleft\"><a href=\"https:\/\/www.carpinteria-aluminio.cat\/wp-content\/uploads\/2013\/02\/IMG_0071.jpg\" target=\"_blank\"><img loading=\"lazy\" decoding=\"async\" aria-describedby=\"caption-attachment-1285\" class=\" wp-image-1285\" style=\"margin: 0px; border: 0px;\" title=\"Mostres de lacat fusta\" src=\"https:\/\/www.carpinteria-aluminio.cat\/wp-content\/uploads\/2013\/02\/IMG_0071-300x200.jpg\" alt=\"Mostres de lacat fusta\" width=\"300\" height=\"220\" \/><\/a><p id=\"caption-attachment-1285\" class=\"wp-caption-text\">Mostres de lacat fusta<\/p><\/div>\n<div id=\"attachment_1291\" style=\"width: 310px\" class=\"wp-caption alignleft\"><a href=\"https:\/\/www.carpinteria-aluminio.cat\/wp-content\/uploads\/2013\/02\/20130208_121125_resized.jpg\" target=\"_blank\"><img loading=\"lazy\" decoding=\"async\" aria-describedby=\"caption-attachment-1291\" class=\" wp-image-1291\" style=\"margin: 0px; border: 0px;\" title=\"Finestra d\u00b4alumini lacat fusta\" src=\"https:\/\/www.carpinteria-aluminio.cat\/wp-content\/uploads\/2013\/02\/20130208_121125_resized-300x225.jpg\" alt=\"Finestra d\u00b4alumini lacat fusta\" width=\"300\" height=\"220\" \/><\/a><p id=\"caption-attachment-1291\" class=\"wp-caption-text\">Finestra d\u00b4alumini lacat fusta<\/p><\/div>\n<p style=\"text-align: justify;\"><a href=\"https:\/\/www.carpinteria-aluminio.cat\/wp-content\/uploads\/2013\/02\/20130208_121912_resized.jpg\" target=\"_blank\">\u00a0 \u00a0 \u00a0 \u00a0 \u00a0 \u00a0 \u00a0<\/a> <a href=\"https:\/\/www.carpinteria-aluminio.cat\/ca\/productos-carpinteria-aluminio-barcelona\/venta-ventanas-aluminio-barcelona\/\" target=\"_blank\">Finestra<\/a> <a href=\"https:\/\/www.carpinteria-aluminio.cat\/ca\/el-aluminio-informacion-sobre-su-origen-extraccion-composicion-reciclaje-ventajas-caracteristicas-y-cualidades-de-unos-de-los-materiales-mas-utilizados-en-la-industria-en-la-actualidad\/\" target=\"_blank\">d&#8217;alumini <\/a>corredissa es la <a href=\"https:\/\/www.carpinteria-aluminio.cat\/ca\/servicios\/perfiles-ensayos-carpinteria-aluminio\/\" target=\"_blank\">s\u00e8rie <\/a><a href=\"https:\/\/www.carpinteria-aluminio.cat\/ca\/serie-corredera-a-70-de-alugom-por-ponsico-s-c-p-para-carpinteria-de-aluminio-en-barcelona\/\" target=\"_blank\">A-70<\/a> <a href=\"https:\/\/www.carpinteria-aluminio.cat\/wp-content\/uploads\/2013\/02\/20130219_110414_resized.jpg\" target=\"_blank\">nou corb<\/a>, amb <a href=\"https:\/\/www.carpinteria-aluminio.cat\/ca\/productos-carpinteria-aluminio-barcelona\/venta-vidrios-barcelona\/\" target=\"_blank\">vidre<\/a> de <a href=\"https:\/\/www.carpinteria-aluminio.cat\/wp-content\/uploads\/2012\/08\/20130321_191341_resized.jpg\" target=\"_blank\">cambra<\/a> 4\/6\/<a href=\"https:\/\/www.carpinteria-aluminio.cat\/wp-content\/uploads\/2012\/08\/IMG_2056_resized.jpg\" target=\"_blank\">mate \u00e0cid<\/a>, <a href=\"https:\/\/www.carpinteria-aluminio.cat\/wp-content\/uploads\/2013\/02\/IMG_0071.jpg\" target=\"_blank\">lacat fusta<\/a> noguera b-7.Instal\u00b7lada al districte de Sant Andreu a Barcelona, el temps de durada del muntatge ha estat de dues hores emprades per dos operaris.Aquest tipus d&#8217;acabats ofereixen calidesa a la llar, amb una extensa varietat de models podem triar aquell que m\u00e9s s&#8217;assembli als nostres mobles o portes de fusta d&#8217;interior, per a una millor combinaci\u00f3 i harmon\u00eda.Com podem apreciar a la fotografia, en aquest tipus de finestres solem emprar <a href=\"https:\/\/www.carpinteria-aluminio.cat\/ca\/sellado-de-silicona-neutra-de-gama-alta-en-puertas-y-ventanas-de-carpinteria-de-aluminio\/\" target=\"_blank\">silicona <\/a>negra neutra, ja que combina m\u00e9s amb les ferramentes i les gomes utilitzades, a m\u00e9s de ser un color mes sofert amb la bruticia.Es fabriquen textures rugoses o llises en els lacats fusta per assemblar encara m\u00e9s a una fusta polida,basta, envernissada o natural &#8230; Amb la possibilitat d&#8217;incloure trencament de pont t\u00e8rmic <a href=\"https:\/\/www.carpinteria-aluminio.cat\/ca\/servicios\/perfiles-ensayos-carpinteria-aluminio\/\" target=\"_blank\">(RPT)<\/a>, aconseguirem un a\u00efllament superior a la fusta o el PVC, ja que aquest sistema evita la transmit\u00e0ncia t\u00e8rmica a l&#8217;interior de la llar, sumat a un vidre <a href=\"https:\/\/www.carpinteria-aluminio.cat\/wp-content\/uploads\/2013\/02\/GUARDIAN-SUN.pdf\" target=\"_blank\">baix emissiu<\/a>, aconseguirem un estalvi energ\u00e8tic anual que a molts ens sorprendria, per a qualsevol aclariment no dubti en posar-se en <a href=\"https:\/\/www.carpinteria-aluminio.cat\/ca\/contacto\/\" target=\"_blank\">contacte<\/a> amb nosaltres.<\/p>\n","protected":false},"excerpt":{"rendered":"<p>\u00a0 \u00a0 \u00a0 \u00a0 \u00a0 \u00a0 \u00a0 Finestra d&#8217;alumini corredissa es la s\u00e8rie A-70 nou corb, amb vidre de cambra 4\/6\/mate \u00e0cid, lacat fusta noguera b-7.Instal\u00b7lada<span class=\"excerpt-hellip\"> [\u2026]<\/span><\/p>\n","protected":false},"author":5,"featured_media":0,"comment_status":"open","ping_status":"open","sticky":false,"template":"","format":"standard","meta":{"_joinchat":[],"footnotes":""},"categories":[40],"tags":[],"class_list":["post-7032","post","type-post","status-publish","format-standard","hentry","category-treballs-realitzats"],"aioseo_notices":[],"_links":{"self":[{"href":"https:\/\/www.carpinteria-aluminio.cat\/ca\/wp-json\/wp\/v2\/posts\/7032","targetHints":{"allow":["GET"]}}],"collection":[{"href":"https:\/\/www.carpinteria-aluminio.cat\/ca\/wp-json\/wp\/v2\/posts"}],"about":[{"href":"https:\/\/www.carpinteria-aluminio.cat\/ca\/wp-json\/wp\/v2\/types\/post"}],"author":[{"embeddable":true,"href":"https:\/\/www.carpinteria-aluminio.cat\/ca\/wp-json\/wp\/v2\/users\/5"}],"replies":[{"embeddable":true,"href":"https:\/\/www.carpinteria-aluminio.cat\/ca\/wp-json\/wp\/v2\/comments?post=7032"}],"version-history":[{"count":0,"href":"https:\/\/www.carpinteria-aluminio.cat\/ca\/wp-json\/wp\/v2\/posts\/7032\/revisions"}],"wp:attachment":[{"href":"https:\/\/www.carpinteria-aluminio.cat\/ca\/wp-json\/wp\/v2\/media?parent=7032"}],"wp:term":[{"taxonomy":"category","embeddable":true,"href":"https:\/\/www.carpinteria-aluminio.cat\/ca\/wp-json\/wp\/v2\/categories?post=7032"},{"taxonomy":"post_tag","embeddable":true,"href":"https:\/\/www.carpinteria-aluminio.cat\/ca\/wp-json\/wp\/v2\/tags?post=7032"}],"curies":[{"name":"wp","href":"https:\/\/api.w.org\/{rel}","templated":true}]}}