{"id":7050,"date":"2013-02-16T11:07:43","date_gmt":"2013-02-16T11:07:43","guid":{"rendered":"https:\/\/www.carpinteria-aluminio.cat\/mampares-de-dutxa-profiltek-des-de-295e\/"},"modified":"2013-02-16T11:07:43","modified_gmt":"2013-02-16T11:07:43","slug":"mampares-de-dutxa-profiltek-des-de-295e","status":"publish","type":"post","link":"https:\/\/www.carpinteria-aluminio.cat\/ca\/mampares-de-dutxa-profiltek-des-de-295e\/","title":{"rendered":"Mampares de dutxa Profiltek des de 295\u20ac"},"content":{"rendered":"<p>Fins al 4 de Mar\u00e7 de 2013 Carpinteria <a href=\"https:\/\/www.carpinteria-aluminio.cat\/ca\/el-aluminio-informacion-sobre-su-origen-extraccion-composicion-reciclaje-ventajas-caracteristicas-y-cualidades-de-unos-de-los-materiales-mas-utilizados-en-la-industria-en-la-actualidad\/\" target=\"_blank\">d&#8217;Alumini <\/a>Ponsico t\u00e9 en oferta aquestes Mampares de dutxa Profiltek de la s\u00e8rie Spring, tant per a dutxa frontal com angular. <a href=\"https:\/\/www.carpinteria-aluminio.cat\/wp-content\/uploads\/2013\/02\/Sin-t\u00edtulo-1.jpg\"><img loading=\"lazy\" decoding=\"async\" class=\"alignleft size-medium wp-image-1586\" src=\"https:\/\/www.carpinteria-aluminio.cat\/wp-content\/uploads\/2013\/02\/Sin-t\u00edtulo-1-300x264.jpg\" alt=\"Sin t\u00edtulo-1\" width=\"300\" height=\"264\" srcset=\"https:\/\/www.carpinteria-aluminio.cat\/wp-content\/uploads\/2013\/02\/Sin-t\u00edtulo-1-300x264.jpg 300w, https:\/\/www.carpinteria-aluminio.cat\/wp-content\/uploads\/2013\/02\/Sin-t\u00edtulo-1-500x441.jpg 500w, https:\/\/www.carpinteria-aluminio.cat\/wp-content\/uploads\/2013\/02\/Sin-t\u00edtulo-1.jpg 746w\" sizes=\"auto, (max-width:767px) 300px, 300px\" \/><\/a> Perfils en cromat i vidre transparent o decorat. Teknoclean: tractament antical del vidre. Preus des de 295\u20ac. Instal\u00b7laci\u00f3 inclosa. IVA no incl\u00f2s (21%) Per a m\u00e9s informaci\u00f3 no dubti en <a href=\"https:\/\/www.carpinteria-aluminio.cat\/contacto\/\" target=\"_blank\">contactar<\/a> amb nosaltres. <a href=\"https:\/\/www.carpinteria-aluminio.cat\/wp-content\/uploads\/2013\/02\/Sin-t\u00edtulo-2.jpg\"><img loading=\"lazy\" decoding=\"async\" class=\"alignleft size-medium wp-image-1587\" src=\"https:\/\/www.carpinteria-aluminio.cat\/wp-content\/uploads\/2013\/02\/Sin-t\u00edtulo-2-300x141.jpg\" alt=\"precios mamparas\" width=\"300\" height=\"141\" srcset=\"https:\/\/www.carpinteria-aluminio.cat\/wp-content\/uploads\/2013\/02\/Sin-t\u00edtulo-2-300x141.jpg 300w, https:\/\/www.carpinteria-aluminio.cat\/wp-content\/uploads\/2013\/02\/Sin-t\u00edtulo-2-500x236.jpg 500w, https:\/\/www.carpinteria-aluminio.cat\/wp-content\/uploads\/2013\/02\/Sin-t\u00edtulo-2.jpg 754w\" sizes=\"auto, (max-width:767px) 300px, 300px\" \/><\/a><\/p>\n","protected":false},"excerpt":{"rendered":"<p>Fins al 4 de Mar\u00e7 de 2013 Carpinteria d&#8217;Alumini Ponsico t\u00e9 en oferta aquestes Mampares de dutxa Profiltek de la s\u00e8rie Spring, tant per a dutxa<span class=\"excerpt-hellip\"> [\u2026]<\/span><\/p>\n","protected":false},"author":4,"featured_media":0,"comment_status":"open","ping_status":"open","sticky":false,"template":"","format":"standard","meta":{"_joinchat":[],"footnotes":""},"categories":[38],"tags":[],"class_list":["post-7050","post","type-post","status-publish","format-standard","hentry","category-ofertes-del-mes"],"aioseo_notices":[],"_links":{"self":[{"href":"https:\/\/www.carpinteria-aluminio.cat\/ca\/wp-json\/wp\/v2\/posts\/7050","targetHints":{"allow":["GET"]}}],"collection":[{"href":"https:\/\/www.carpinteria-aluminio.cat\/ca\/wp-json\/wp\/v2\/posts"}],"about":[{"href":"https:\/\/www.carpinteria-aluminio.cat\/ca\/wp-json\/wp\/v2\/types\/post"}],"author":[{"embeddable":true,"href":"https:\/\/www.carpinteria-aluminio.cat\/ca\/wp-json\/wp\/v2\/users\/4"}],"replies":[{"embeddable":true,"href":"https:\/\/www.carpinteria-aluminio.cat\/ca\/wp-json\/wp\/v2\/comments?post=7050"}],"version-history":[{"count":0,"href":"https:\/\/www.carpinteria-aluminio.cat\/ca\/wp-json\/wp\/v2\/posts\/7050\/revisions"}],"wp:attachment":[{"href":"https:\/\/www.carpinteria-aluminio.cat\/ca\/wp-json\/wp\/v2\/media?parent=7050"}],"wp:term":[{"taxonomy":"category","embeddable":true,"href":"https:\/\/www.carpinteria-aluminio.cat\/ca\/wp-json\/wp\/v2\/categories?post=7050"},{"taxonomy":"post_tag","embeddable":true,"href":"https:\/\/www.carpinteria-aluminio.cat\/ca\/wp-json\/wp\/v2\/tags?post=7050"}],"curies":[{"name":"wp","href":"https:\/\/api.w.org\/{rel}","templated":true}]}}