{"id":7053,"date":"2013-02-18T18:15:41","date_gmt":"2013-02-18T18:15:41","guid":{"rendered":"https:\/\/www.carpinteria-aluminio.cat\/armari-dexterior-lacat-blanc-a-barcelona\/"},"modified":"2013-02-18T18:15:41","modified_gmt":"2013-02-18T18:15:41","slug":"armari-dexterior-lacat-blanc-a-barcelona","status":"publish","type":"post","link":"https:\/\/www.carpinteria-aluminio.cat\/ca\/armari-dexterior-lacat-blanc-a-barcelona\/","title":{"rendered":"Armari d&#8217;exterior lacat blanc a Barcelona"},"content":{"rendered":"<div id=\"attachment_1643\" style=\"width: 200px\" class=\"wp-caption alignleft\"><a href=\"https:\/\/www.carpinteria-aluminio.cat\/wp-content\/uploads\/2013\/02\/20130218_165743_resized.jpg\" target=\"_blank\"><img loading=\"lazy\" decoding=\"async\" aria-describedby=\"caption-attachment-1643\" class=\" wp-image-1643 \" style=\"margin: 0px; border: 0px;\" title=\"Armari d'exterior d'alumini lacat blanc\" src=\"https:\/\/www.carpinteria-aluminio.cat\/wp-content\/uploads\/2013\/02\/20130218_165743_resized-225x300.jpg\" alt=\"Armari d'exterior d'alumini lacat blanc\" width=\"190\" height=\"250\" \/><\/a><p id=\"caption-attachment-1643\" class=\"wp-caption-text\">Armari d&#8217;exterior d&#8217;alumini lacat blanc<\/p><\/div>\n<div id=\"attachment_1644\" style=\"width: 200px\" class=\"wp-caption alignleft\"><a href=\"https:\/\/www.carpinteria-aluminio.cat\/wp-content\/uploads\/2013\/02\/20130218_170006_resized-1.jpg\" target=\"_blank\"><img loading=\"lazy\" decoding=\"async\" aria-describedby=\"caption-attachment-1644\" class=\" wp-image-1644 \" style=\"margin: 0px; border: 0px;\" title=\"Armari d'exterior d'alumini lacat blanc\" src=\"https:\/\/www.carpinteria-aluminio.cat\/wp-content\/uploads\/2013\/02\/20130218_170006_resized-1-225x300.jpg\" alt=\"Armari d'exterior d'alumini lacat blanc\" width=\"190\" height=\"250\" \/><\/a><p id=\"caption-attachment-1644\" class=\"wp-caption-text\">Armari d&#8217;exterior d&#8217;alumini lacat blanc<\/p><\/div>\n<div id=\"attachment_1645\" style=\"width: 200px\" class=\"wp-caption alignleft\"><a href=\"https:\/\/www.carpinteria-aluminio.cat\/wp-content\/uploads\/2013\/02\/20130218_165952_resized.jpg\" target=\"_blank\"><img loading=\"lazy\" decoding=\"async\" aria-describedby=\"caption-attachment-1645\" class=\" wp-image-1645 \" style=\"margin: 0px; border: 0px;\" title=\"Armari d'exterior d'alumini lacat blanc\" src=\"https:\/\/www.carpinteria-aluminio.cat\/wp-content\/uploads\/2013\/02\/20130218_165952_resized-225x300.jpg\" alt=\"Armari d'exterior d'alumini lacat blanc\" width=\"190\" height=\"250\" \/><\/a><p id=\"caption-attachment-1645\" class=\"wp-caption-text\">Armari d&#8217;exterior d&#8217;alumini lacat blanc<\/p><\/div>\n<p style=\"text-align: justify;\">Armari <a href=\"https:\/\/www.carpinteria-aluminio.cat\/ca\/el-aluminio-informacion-sobre-su-origen-extraccion-composicion-reciclaje-ventajas-caracteristicas-y-cualidades-de-unos-de-los-materiales-mas-utilizados-en-la-industria-en-la-actualidad\/\" target=\"_blank\">d&#8217;alumini <\/a>en <a href=\"https:\/\/www.carpinteria-aluminio.cat\/ca\/servicios\/acabados-carpinteria-aluminio-barcelona\/\" target=\"_blank\">lacat<\/a> blanc, compost per dos laterals fixos de la <a href=\"https:\/\/www.carpinteria-aluminio.cat\/ca\/servicios\/perfiles-ensayos-carpinteria-aluminio\/\" target=\"_blank\">s\u00e8rie<\/a> <a href=\"https:\/\/www.carpinteria-aluminio.cat\/ca\/serie-stilo-50-de-alugom-por-ponsico-s-c-p-en-la-carpinteria-de-aluminio\/\" target=\"_blank\">stilo 50<\/a> de <a href=\"https:\/\/www.carpinteria-aluminio.cat\/wp-content\/uploads\/2013\/01\/20130319_114425_resized.jpg\" target=\"_blank\">xapa sandvitx<\/a> lacat blanc i un frontal corred\u00eds de la <a href=\"https:\/\/www.carpinteria-aluminio.cat\/ca\/servicios\/perfiles-ensayos-carpinteria-aluminio\/\" target=\"_blank\">s\u00e8rie <\/a><a href=\"https:\/\/www.carpinteria-aluminio.cat\/ca\/serie-corredera-a-70-de-alugom-por-ponsico-s-c-p-para-carpinteria-de-aluminio-en-barcelona\/\" target=\"_blank\">A-70<\/a> . <a href=\"https:\/\/www.carpinteria-aluminio.cat\/ca\/productos-carpinteria-aluminio-barcelona\/venta-vidrios-barcelona\/\" target=\"_blank\">Vidre<\/a> <a href=\"https:\/\/www.carpinteria-aluminio.cat\/wp-content\/uploads\/2012\/08\/20130403_150618_resized.jpg\" target=\"_blank\">laminat 3+3 butylat mate<\/a>, al frontal, que ofereix seguretat davant una eventual ruptura, ja que a causa de la seva l\u00e0mina adhesiva interna, subjecta el vidre i impedeix caure. A l&#8217;interior de l&#8217;armari realitzem les divisions a gust del client, amb fusta de melamina blanca de 16mm cantejades, tamb\u00e9 es pot realitzar amb la mateixa xapa sandvitx per obtenir un acabat totalment met\u00e0l\u00b7lic. Armari sense cap manteniment, tot i estar a la intemp\u00e8rie, l&#8217;alumini lacat al forn ofereix durabilitat i gran facilitat de neteja. Estructura s\u00f2lida, fins i tot amb el pas dels anys, no notarem cap deteriorament m\u00e9s que lubricar els rodaments o tancaments. Estructura muntada per 3 treballadors en un dia de treball. Depenent de la qualitat dels materials podem ajustar m\u00e9s el preu a gust del client, per qualsevol aclariment no dubti en posar-se en <a href=\"https:\/\/www.carpinteria-aluminio.cat\/ca\/contacto\/\" target=\"_blank\">contacte<\/a> amb nosaltres, una salutaci\u00f3.<\/p>\n","protected":false},"excerpt":{"rendered":"<p>Armari d&#8217;alumini en lacat blanc, compost per dos laterals fixos de la s\u00e8rie stilo 50 de xapa sandvitx lacat blanc i un frontal corred\u00eds de la<span class=\"excerpt-hellip\"> [\u2026]<\/span><\/p>\n","protected":false},"author":5,"featured_media":0,"comment_status":"open","ping_status":"open","sticky":false,"template":"","format":"standard","meta":{"_joinchat":[],"footnotes":""},"categories":[40],"tags":[],"class_list":["post-7053","post","type-post","status-publish","format-standard","hentry","category-treballs-realitzats"],"aioseo_notices":[],"_links":{"self":[{"href":"https:\/\/www.carpinteria-aluminio.cat\/ca\/wp-json\/wp\/v2\/posts\/7053","targetHints":{"allow":["GET"]}}],"collection":[{"href":"https:\/\/www.carpinteria-aluminio.cat\/ca\/wp-json\/wp\/v2\/posts"}],"about":[{"href":"https:\/\/www.carpinteria-aluminio.cat\/ca\/wp-json\/wp\/v2\/types\/post"}],"author":[{"embeddable":true,"href":"https:\/\/www.carpinteria-aluminio.cat\/ca\/wp-json\/wp\/v2\/users\/5"}],"replies":[{"embeddable":true,"href":"https:\/\/www.carpinteria-aluminio.cat\/ca\/wp-json\/wp\/v2\/comments?post=7053"}],"version-history":[{"count":0,"href":"https:\/\/www.carpinteria-aluminio.cat\/ca\/wp-json\/wp\/v2\/posts\/7053\/revisions"}],"wp:attachment":[{"href":"https:\/\/www.carpinteria-aluminio.cat\/ca\/wp-json\/wp\/v2\/media?parent=7053"}],"wp:term":[{"taxonomy":"category","embeddable":true,"href":"https:\/\/www.carpinteria-aluminio.cat\/ca\/wp-json\/wp\/v2\/categories?post=7053"},{"taxonomy":"post_tag","embeddable":true,"href":"https:\/\/www.carpinteria-aluminio.cat\/ca\/wp-json\/wp\/v2\/tags?post=7053"}],"curies":[{"name":"wp","href":"https:\/\/api.w.org\/{rel}","templated":true}]}}