{"id":7062,"date":"2013-02-24T16:00:19","date_gmt":"2013-02-24T15:00:19","guid":{"rendered":"https:\/\/www.carpinteria-aluminio.cat\/vidre-intel%c2%b7ligent-guardian-sun-baix-emissiu\/"},"modified":"2013-02-24T16:00:19","modified_gmt":"2013-02-24T15:00:19","slug":"vidre-intel%c2%b7ligent-guardian-sun-baix-emissiu","status":"publish","type":"post","link":"https:\/\/www.carpinteria-aluminio.cat\/ca\/vidre-intel%c2%b7ligent-guardian-sun-baix-emissiu\/","title":{"rendered":"Vidre intel\u00b7ligent Guardian Sun baix emissiu"},"content":{"rendered":"<p style=\"text-align: justify;\">Les portes i finestres exteriors d&#8217;un habitatge s\u00f3n un element fonamental en quant a l&#8217;estalvi energ\u00e8tic es refereix, ja que \u00e9s on m\u00e9s p\u00e8rdua d&#8217;energia s&#8217;acumula de tots els elements d&#8217;una llar. Per sort avui disposem de productes de qualitat que ajuden a mitigar les p\u00e8rdues energ\u00e8tiques de manera solvent i eficient. Un d&#8217;ells s\u00f3n els vidres baix emissiu, vidres de c\u00e0mera el seu interior est\u00e0 compost per gas arg\u00f3 en lloc d&#8217;aire convencional, el qual ajuda a trencar la conductivitat t\u00e8rmica de l&#8217;exterior a l&#8217;interior de l&#8217;habitatge, que acompanyat del tractament Guardian sun (abaix mencinat), aconseguirem un a\u00efllament energ\u00e8tic encara m\u00e9s superior. Tinguem en compte que s\u00f3n els <a href=\"https:\/\/www.carpinteria-aluminio.cat\/ca\/productos-carpinteria-aluminio-barcelona\/venta-vidrios-barcelona\/\" target=\"_blank\">vidres <\/a>els que ocupen la major superf\u00edcie d&#8217;una porta o finestra exterior, \u00e9s a dir, per on pot haver-hi major transmit\u00e0ncia t\u00e8rmica si no elegim un vidre adequat. D&#8217;altra banda \u00e9s convenient triar una fusteria <a href=\"https:\/\/www.carpinteria-aluminio.cat\/ca\/el-aluminio-informacion-sobre-su-origen-extraccion-composicion-reciclaje-ventajas-caracteristicas-y-cualidades-de-unos-de-los-materiales-mas-utilizados-en-la-industria-en-la-actualidad\/\" target=\"_blank\">d&#8217;alumini <\/a>amb <a href=\"https:\/\/www.carpinteria-aluminio.cat\/ca\/servicios\/perfiles-ensayos-carpinteria-aluminio\/\" target=\"_blank\">perfileria <\/a>trencament de pont t\u00e8rmic (RPT), la qual fa la mateixa funci\u00f3 que els vidres anteriorment esmentats, ja que amb una pe\u00e7a interna al perfil es trenca la transmit\u00e0ncia t\u00e8rmica. Podem afegir <a href=\"https:\/\/www.carpinteria-aluminio.cat\/ca\/productos-carpinteria-aluminio-barcelona\/venta-toldos-barcelona\/\" target=\"_blank\">tendals <\/a>i <a href=\"https:\/\/www.carpinteria-aluminio.cat\/productos-carpinteria-aluminio-barcelona\/venta-persianas-barcelona\/\" target=\"_blank\">persianes <\/a>als tancaments exteriors per tal de crear una c\u00e0mera externa extra per a\u00efllar encara m\u00e9s l&#8217;exterior. Aquest tipus de mesures suposen un estalvi econ\u00f2mic anual que segons el tipus d&#8217;habitatge podrien rondar els 500 euros anuals, la qual cosa significa que en pocs anys amortizar\u00edem la inversi\u00f3 efectuada. Per a qualsevol tipus de consulta o aclariment no dubti en <a href=\"https:\/\/www.carpinteria-aluminio.cat\/ca\/contacto\/\" target=\"_blank\">contactar <\/a>amb nosaltres l&#8217;atendrem sense cap comprom\u00eds.<\/p>\n<p style=\"text-align: center;\"><a href=\"https:\/\/www.carpinteria-aluminio.cat\/wp-content\/uploads\/2013\/02\/GUARDIAN-SUN.pdf\" target=\"_blank\"><img loading=\"lazy\" decoding=\"async\" src=\"https:\/\/www.carpinteria-aluminio.cat\/wp-content\/uploads\/2013\/02\/guardian-sun-723x1024.png\" alt=\"guardian sun\" width=\"620\" height=\"878\" \/><\/a><\/p>\n<p style=\"text-align: center;\"><a href=\"https:\/\/www.carpinteria-aluminio.cat\/wp-content\/uploads\/2013\/02\/GUARDIAN-SUN.pdf\" target=\"_blank\"><img loading=\"lazy\" decoding=\"async\" src=\"https:\/\/www.carpinteria-aluminio.cat\/wp-content\/uploads\/2013\/02\/guardian-sun2-730x1024.png\" alt=\"guardian sun2\" width=\"620\" height=\"869\" \/><\/a><\/p>\n","protected":false},"excerpt":{"rendered":"<p>Les portes i finestres exteriors d&#8217;un habitatge s\u00f3n un element fonamental en quant a l&#8217;estalvi energ\u00e8tic es refereix, ja que \u00e9s on m\u00e9s p\u00e8rdua d&#8217;energia s&#8217;acumula<span class=\"excerpt-hellip\"> [\u2026]<\/span><\/p>\n","protected":false},"author":5,"featured_media":0,"comment_status":"open","ping_status":"open","sticky":false,"template":"","format":"standard","meta":{"_joinchat":[],"footnotes":""},"categories":[36],"tags":[],"class_list":["post-7062","post","type-post","status-publish","format-standard","hentry","category-noticies"],"aioseo_notices":[],"_links":{"self":[{"href":"https:\/\/www.carpinteria-aluminio.cat\/ca\/wp-json\/wp\/v2\/posts\/7062","targetHints":{"allow":["GET"]}}],"collection":[{"href":"https:\/\/www.carpinteria-aluminio.cat\/ca\/wp-json\/wp\/v2\/posts"}],"about":[{"href":"https:\/\/www.carpinteria-aluminio.cat\/ca\/wp-json\/wp\/v2\/types\/post"}],"author":[{"embeddable":true,"href":"https:\/\/www.carpinteria-aluminio.cat\/ca\/wp-json\/wp\/v2\/users\/5"}],"replies":[{"embeddable":true,"href":"https:\/\/www.carpinteria-aluminio.cat\/ca\/wp-json\/wp\/v2\/comments?post=7062"}],"version-history":[{"count":0,"href":"https:\/\/www.carpinteria-aluminio.cat\/ca\/wp-json\/wp\/v2\/posts\/7062\/revisions"}],"wp:attachment":[{"href":"https:\/\/www.carpinteria-aluminio.cat\/ca\/wp-json\/wp\/v2\/media?parent=7062"}],"wp:term":[{"taxonomy":"category","embeddable":true,"href":"https:\/\/www.carpinteria-aluminio.cat\/ca\/wp-json\/wp\/v2\/categories?post=7062"},{"taxonomy":"post_tag","embeddable":true,"href":"https:\/\/www.carpinteria-aluminio.cat\/ca\/wp-json\/wp\/v2\/tags?post=7062"}],"curies":[{"name":"wp","href":"https:\/\/api.w.org\/{rel}","templated":true}]}}