{"id":7068,"date":"2013-03-06T18:00:38","date_gmt":"2013-03-06T17:00:38","guid":{"rendered":"https:\/\/www.carpinteria-aluminio.cat\/finestra-si-no-ets-envas-on-vas\/"},"modified":"2013-03-06T18:00:38","modified_gmt":"2013-03-06T17:00:38","slug":"finestra-si-no-ets-envas-on-vas","status":"publish","type":"post","link":"https:\/\/www.carpinteria-aluminio.cat\/ca\/finestra-si-no-ets-envas-on-vas\/","title":{"rendered":"Finestra, si no ets env\u00e0s, on vas?"},"content":{"rendered":"<p>http:\/\/www.youtube.com\/watch?v=5MzQx8V9noc <div class=\"wrap one\"><div class=\"column column_column one-half column-first\"><\/p>\n<p style=\"text-align: justify;\">Aprofitant la campanya &#8220;informativa&#8221; promoguda per la Generalitat de Catalunya sobre el reciclatge dels diferents tipus d&#8217;envasos, a Metal\u00b7listeria <a href=\"https:\/\/www.carpinteria-aluminio.cat\/ca\/el-aluminio-informacion-sobre-su-origen-extraccion-composicion-reciclaje-ventajas-caracteristicas-y-cualidades-de-unos-de-los-materiales-mas-utilizados-en-la-industria-en-la-actualidad\/\" target=\"_blank\">d&#8217;Alumini <\/a>Ponsico ens ha semblat bona idea informar sobre com es gestionen els residus que es generen en el canvi d&#8217;una finestra. Aix\u00ed els gestionem nosaltres:<\/p>\n<p style=\"text-align: justify;\">Quan s&#8217;extreuen les finestres antigues els residus generats es seleccionen en diferents fam\u00edlies (fusta, vidre, runa, alumini, etc.) i es porten a un punt net gestionat per l&#8217;ajuntament on es dipositen al contenidor corresponent. En el cas dels materials reciclables (vidre i alumini) es separen i es gestionen a trav\u00e9s d&#8217;una empresa de recollida i reciclatge d&#8217;aquests materials.<\/p>\n<p><\/div> <div class=\"column column_column one-half column-last\"> <img loading=\"lazy\" decoding=\"async\" class=\"aligncenter\" src=\"https:\/\/www.carpinteria-aluminio.cat\/wp-content\/uploads\/2013\/02\/DSC_02341-168x300.jpg\" alt=\"Aluminio para reciclar\" width=\"168\" height=\"300\" \/> <\/div><\/div> <img loading=\"lazy\" decoding=\"async\" class=\"size-medium wp-image-1691 aligncenter\" src=\"https:\/\/www.carpinteria-aluminio.cat\/wp-content\/uploads\/2013\/02\/punto_limpio_gestion_residuos_reciclaje_Blog_Reparalia-300x149.jpg\" alt=\"punto_limpio_gestion_residuos_reciclaje_Blog_Reparalia\" width=\"300\" height=\"149\" srcset=\"https:\/\/www.carpinteria-aluminio.cat\/wp-content\/uploads\/2013\/02\/punto_limpio_gestion_residuos_reciclaje_Blog_Reparalia-300x149.jpg 300w, https:\/\/www.carpinteria-aluminio.cat\/wp-content\/uploads\/2013\/02\/punto_limpio_gestion_residuos_reciclaje_Blog_Reparalia-500x249.jpg 500w, https:\/\/www.carpinteria-aluminio.cat\/wp-content\/uploads\/2013\/02\/punto_limpio_gestion_residuos_reciclaje_Blog_Reparalia.jpg 604w\" sizes=\"auto, (max-width:767px) 300px, 300px\" \/><\/p>\n<p style=\"text-align: justify;\">En segon lloc, durant la fabricaci\u00f3 i mecanitzaci\u00f3 d&#8217;una nova finestra es generen residus d&#8217;alumini a causa dels escap\u00e7adures, canvis d&#8217;angle i sanejament de les barres d&#8217;alumini (de 6 metres de longitud) subministrades pels nostres prove\u00efdors, el tall de l&#8217;alumini amb una tron\u00e7adora (serra circular) genera una &#8220;ferricha&#8221; d&#8217;alumini, de la mateixa manera que el tall de la fusta genera serradures. Tots aquests residus es dipositen en un contenidor i es gestionen a trav\u00e9s d&#8217;una empresa de recollida i reciclatge d&#8217;alumini.<\/p>\n<div class=\"wrap one\"><div class=\"column column_column one-half column-first\"> <img loading=\"lazy\" decoding=\"async\" class=\"size-medium wp-image-1694 aligncenter\" src=\"https:\/\/www.carpinteria-aluminio.cat\/wp-content\/uploads\/2013\/02\/DSC_0237-300x168.jpg\" alt=\"Ferricha\" width=\"300\" height=\"168\" srcset=\"https:\/\/www.carpinteria-aluminio.cat\/wp-content\/uploads\/2013\/02\/DSC_0237-300x168.jpg 300w, https:\/\/www.carpinteria-aluminio.cat\/wp-content\/uploads\/2013\/02\/DSC_0237-1024x576.jpg 1024w, https:\/\/www.carpinteria-aluminio.cat\/wp-content\/uploads\/2013\/02\/DSC_0237-500x281.jpg 500w\" sizes=\"auto, (max-width:767px) 300px, 300px\" \/> <\/div> <div class=\"column column_column one-half column-last\"> <img loading=\"lazy\" decoding=\"async\" class=\"size-medium wp-image-1695 aligncenter\" src=\"https:\/\/www.carpinteria-aluminio.cat\/wp-content\/uploads\/2013\/02\/DSC_0236-300x168.jpg\" alt=\"despuntes\" width=\"300\" height=\"168\" srcset=\"https:\/\/www.carpinteria-aluminio.cat\/wp-content\/uploads\/2013\/02\/DSC_0236-300x168.jpg 300w, https:\/\/www.carpinteria-aluminio.cat\/wp-content\/uploads\/2013\/02\/DSC_0236-1024x576.jpg 1024w, https:\/\/www.carpinteria-aluminio.cat\/wp-content\/uploads\/2013\/02\/DSC_0236-500x281.jpg 500w\" sizes=\"auto, (max-width:767px) 300px, 300px\" \/> <\/div><\/div> <div class=\"wrap one\"><div class=\"column column_column one-half column-first\"> <img loading=\"lazy\" decoding=\"async\" class=\"size-medium wp-image-1696 aligncenter\" src=\"https:\/\/www.carpinteria-aluminio.cat\/wp-content\/uploads\/2013\/02\/DSC_0233-300x168.jpg\" alt=\"Contenedor aluminio\" width=\"300\" height=\"168\" srcset=\"https:\/\/www.carpinteria-aluminio.cat\/wp-content\/uploads\/2013\/02\/DSC_0233-300x168.jpg 300w, https:\/\/www.carpinteria-aluminio.cat\/wp-content\/uploads\/2013\/02\/DSC_0233-1024x576.jpg 1024w, https:\/\/www.carpinteria-aluminio.cat\/wp-content\/uploads\/2013\/02\/DSC_0233-500x281.jpg 500w\" sizes=\"auto, (max-width:767px) 300px, 300px\" \/> <\/div> <div class=\"column column_column one-half column-last\"> <img loading=\"lazy\" decoding=\"async\" class=\"size-medium wp-image-1697 aligncenter\" src=\"https:\/\/www.carpinteria-aluminio.cat\/wp-content\/uploads\/2013\/02\/DSC_0238-300x168.jpg\" alt=\"contenedor vidrio\" width=\"300\" height=\"168\" srcset=\"https:\/\/www.carpinteria-aluminio.cat\/wp-content\/uploads\/2013\/02\/DSC_0238-300x168.jpg 300w, https:\/\/www.carpinteria-aluminio.cat\/wp-content\/uploads\/2013\/02\/DSC_0238-1024x576.jpg 1024w, https:\/\/www.carpinteria-aluminio.cat\/wp-content\/uploads\/2013\/02\/DSC_0238-500x281.jpg 500w\" sizes=\"auto, (max-width:767px) 300px, 300px\" \/> <\/div><\/div>\n<p style=\"text-align: justify;\">D&#8217;altra banda, en el tall dels vidres tamb\u00e9 es generen restes de vidre que s&#8217;emmagatzemen en un contenidor i es gestionen a trav\u00e9s d&#8217;una empresa de recollida i reciclatge.<\/p>\n<p style=\"text-align: justify;\">D&#8217;aquesta manera, els residus que es generen en el canvi d&#8217;una finestra s\u00f3n tractats de la manera m\u00e9s eficient i ecol\u00f2gica possibles, reciclant el m\u00e0xim dels residus generats.<\/p>\n<p style=\"text-align: justify;\">Aqu\u00ed teniu un v\u00eddeo del nostre amics de Reynaers on es pot veure aquest proc\u00e9s:<\/p>\n<p><iframe loading=\"lazy\" title=\"Reynaers Aluminium y el ciclo del aluminio\" width=\"1220\" height=\"686\" src=\"https:\/\/www.youtube.com\/embed\/0FQQbboxINo?feature=oembed\" frameborder=\"0\" allow=\"accelerometer; autoplay; encrypted-media; gyroscope; picture-in-picture\" allowfullscreen><\/iframe><\/p>\n","protected":false},"excerpt":{"rendered":"<p>http:\/\/www.youtube.com\/watch?v=5MzQx8V9noc En segon lloc, durant la fabricaci\u00f3 i mecanitzaci\u00f3 d&#8217;una nova finestra es generen residus d&#8217;alumini a causa dels escap\u00e7adures, canvis d&#8217;angle i sanejament de les<span class=\"excerpt-hellip\"> [\u2026]<\/span><\/p>\n","protected":false},"author":3,"featured_media":0,"comment_status":"open","ping_status":"open","sticky":false,"template":"","format":"standard","meta":{"_joinchat":[],"footnotes":""},"categories":[36],"tags":[],"class_list":["post-7068","post","type-post","status-publish","format-standard","hentry","category-noticies"],"aioseo_notices":[],"_links":{"self":[{"href":"https:\/\/www.carpinteria-aluminio.cat\/ca\/wp-json\/wp\/v2\/posts\/7068","targetHints":{"allow":["GET"]}}],"collection":[{"href":"https:\/\/www.carpinteria-aluminio.cat\/ca\/wp-json\/wp\/v2\/posts"}],"about":[{"href":"https:\/\/www.carpinteria-aluminio.cat\/ca\/wp-json\/wp\/v2\/types\/post"}],"author":[{"embeddable":true,"href":"https:\/\/www.carpinteria-aluminio.cat\/ca\/wp-json\/wp\/v2\/users\/3"}],"replies":[{"embeddable":true,"href":"https:\/\/www.carpinteria-aluminio.cat\/ca\/wp-json\/wp\/v2\/comments?post=7068"}],"version-history":[{"count":0,"href":"https:\/\/www.carpinteria-aluminio.cat\/ca\/wp-json\/wp\/v2\/posts\/7068\/revisions"}],"wp:attachment":[{"href":"https:\/\/www.carpinteria-aluminio.cat\/ca\/wp-json\/wp\/v2\/media?parent=7068"}],"wp:term":[{"taxonomy":"category","embeddable":true,"href":"https:\/\/www.carpinteria-aluminio.cat\/ca\/wp-json\/wp\/v2\/categories?post=7068"},{"taxonomy":"post_tag","embeddable":true,"href":"https:\/\/www.carpinteria-aluminio.cat\/ca\/wp-json\/wp\/v2\/tags?post=7068"}],"curies":[{"name":"wp","href":"https:\/\/api.w.org\/{rel}","templated":true}]}}