{"id":7071,"date":"2013-03-11T18:57:39","date_gmt":"2013-03-11T17:57:39","guid":{"rendered":"https:\/\/www.carpinteria-aluminio.cat\/extensio-de-barana-de-ferro-soldada-a-barcelona\/"},"modified":"2013-03-11T18:57:39","modified_gmt":"2013-03-11T17:57:39","slug":"extensio-de-barana-de-ferro-soldada-a-barcelona","status":"publish","type":"post","link":"https:\/\/www.carpinteria-aluminio.cat\/ca\/extensio-de-barana-de-ferro-soldada-a-barcelona\/","title":{"rendered":"Extensi\u00f3 de barana de ferro soldada a Barcelona"},"content":{"rendered":"<div id=\"attachment_1999\" style=\"width: 310px\" class=\"wp-caption alignleft\"><a href=\"https:\/\/www.carpinteria-aluminio.cat\/wp-content\/uploads\/2013\/03\/20130311_112446_resized.jpg\" target=\"_blank\"><img loading=\"lazy\" decoding=\"async\" aria-describedby=\"caption-attachment-1999\" class=\"size-medium wp-image-1999 \" style=\"margin: 0px; border: 0px;\" title=\"Extensi\u00f3 de barana de ferro a Barcelona\" src=\"https:\/\/www.carpinteria-aluminio.cat\/wp-content\/uploads\/2013\/03\/20130311_112446_resized-300x225.jpg\" alt=\"Extensi\u00f3 de barana de ferro a Barcelona\" width=\"300\" height=\"225\" srcset=\"https:\/\/www.carpinteria-aluminio.cat\/wp-content\/uploads\/2013\/03\/20130311_112446_resized-300x225.jpg 300w, https:\/\/www.carpinteria-aluminio.cat\/wp-content\/uploads\/2013\/03\/20130311_112446_resized-1024x768.jpg 1024w, https:\/\/www.carpinteria-aluminio.cat\/wp-content\/uploads\/2013\/03\/20130311_112446_resized-500x375.jpg 500w, https:\/\/www.carpinteria-aluminio.cat\/wp-content\/uploads\/2013\/03\/20130311_112446_resized.jpg 1632w\" sizes=\"auto, (max-width:767px) 300px, 300px\" \/><\/a><p id=\"caption-attachment-1999\" class=\"wp-caption-text\">Extensi\u00f3 de barana de ferro a Barcelona<\/p><\/div>\n<div id=\"attachment_2000\" style=\"width: 310px\" class=\"wp-caption alignleft\"><a href=\"https:\/\/www.carpinteria-aluminio.cat\/wp-content\/uploads\/2013\/03\/20130311_112514_resized.jpg\" target=\"_blank\"><img loading=\"lazy\" decoding=\"async\" aria-describedby=\"caption-attachment-2000\" class=\"size-medium wp-image-2000\" style=\"margin: 0px; border: 0px;\" title=\"Extensi\u00f3 de barana de ferro a Barcelona\" src=\"https:\/\/www.carpinteria-aluminio.cat\/wp-content\/uploads\/2013\/03\/20130311_112514_resized-300x225.jpg\" alt=\"Extensi\u00f3 de barana de ferro a Barcelona\" width=\"300\" height=\"225\" srcset=\"https:\/\/www.carpinteria-aluminio.cat\/wp-content\/uploads\/2013\/03\/20130311_112514_resized-300x225.jpg 300w, https:\/\/www.carpinteria-aluminio.cat\/wp-content\/uploads\/2013\/03\/20130311_112514_resized-1024x768.jpg 1024w, https:\/\/www.carpinteria-aluminio.cat\/wp-content\/uploads\/2013\/03\/20130311_112514_resized-500x375.jpg 500w, https:\/\/www.carpinteria-aluminio.cat\/wp-content\/uploads\/2013\/03\/20130311_112514_resized.jpg 1632w\" sizes=\"auto, (max-width:767px) 300px, 300px\" \/><\/a><p id=\"caption-attachment-2000\" class=\"wp-caption-text\">Extensi\u00f3 de barana de ferro a Barcelona<\/p><\/div>\n<p style=\"text-align: justify;\">Aquest treball consistia a elevar la <a href=\"https:\/\/www.carpinteria-aluminio.cat\/ca\/productos-carpinteria-aluminio-barcelona\/venta-de-barandillas-de-aluminio-y-acero-inoxidable-en-barcelona\/\" target=\"_blank\">barana<\/a> actual de ferro, pe\u00e7a pr\u00e8viament fabricada i soldada a taller, per causar els m\u00ednims desperfectes al pis, la qual va ser pujada d&#8217;una pe\u00e7a per la fa\u00e7ana. Aquesta pot ser una soluci\u00f3 pr\u00e0ctica en lloc de substituir la barana al complet, tenint en compte que les noves generacions cada vegada s\u00f3n m\u00e9s altes, amb aquesta soluci\u00f3 incrementem la seguretat, tamb\u00e9 en el cas de tenir nens molt moguts a casa &#8230; Els treballs de soldadura no van durar m\u00e9s de 2 hores de m\u00e0 d&#8217;obra de 3 treballadors. Per a qualsevol consulta no dubti en <a href=\"https:\/\/www.carpinteria-aluminio.cat\/ca\/contacto\/\" target=\"_blank\">contactar<\/a> amb nosaltres, els atendrem gustosament.<\/p>\n","protected":false},"excerpt":{"rendered":"<p>Aquest treball consistia a elevar la barana actual de ferro, pe\u00e7a pr\u00e8viament fabricada i soldada a taller, per causar els m\u00ednims desperfectes al pis, la qual<span class=\"excerpt-hellip\"> [\u2026]<\/span><\/p>\n","protected":false},"author":5,"featured_media":0,"comment_status":"open","ping_status":"open","sticky":false,"template":"","format":"standard","meta":{"_joinchat":[],"footnotes":""},"categories":[40],"tags":[],"class_list":["post-7071","post","type-post","status-publish","format-standard","hentry","category-treballs-realitzats"],"aioseo_notices":[],"_links":{"self":[{"href":"https:\/\/www.carpinteria-aluminio.cat\/ca\/wp-json\/wp\/v2\/posts\/7071","targetHints":{"allow":["GET"]}}],"collection":[{"href":"https:\/\/www.carpinteria-aluminio.cat\/ca\/wp-json\/wp\/v2\/posts"}],"about":[{"href":"https:\/\/www.carpinteria-aluminio.cat\/ca\/wp-json\/wp\/v2\/types\/post"}],"author":[{"embeddable":true,"href":"https:\/\/www.carpinteria-aluminio.cat\/ca\/wp-json\/wp\/v2\/users\/5"}],"replies":[{"embeddable":true,"href":"https:\/\/www.carpinteria-aluminio.cat\/ca\/wp-json\/wp\/v2\/comments?post=7071"}],"version-history":[{"count":0,"href":"https:\/\/www.carpinteria-aluminio.cat\/ca\/wp-json\/wp\/v2\/posts\/7071\/revisions"}],"wp:attachment":[{"href":"https:\/\/www.carpinteria-aluminio.cat\/ca\/wp-json\/wp\/v2\/media?parent=7071"}],"wp:term":[{"taxonomy":"category","embeddable":true,"href":"https:\/\/www.carpinteria-aluminio.cat\/ca\/wp-json\/wp\/v2\/categories?post=7071"},{"taxonomy":"post_tag","embeddable":true,"href":"https:\/\/www.carpinteria-aluminio.cat\/ca\/wp-json\/wp\/v2\/tags?post=7071"}],"curies":[{"name":"wp","href":"https:\/\/api.w.org\/{rel}","templated":true}]}}