{"id":7083,"date":"2013-03-21T23:11:33","date_gmt":"2013-03-21T22:11:33","guid":{"rendered":"https:\/\/www.carpinteria-aluminio.cat\/porta-corredissa-balconera-amb-vidre-baix-emissiu-a-barcelona\/"},"modified":"2013-03-21T23:11:33","modified_gmt":"2013-03-21T22:11:33","slug":"porta-corredissa-balconera-amb-vidre-baix-emissiu-a-barcelona","status":"publish","type":"post","link":"https:\/\/www.carpinteria-aluminio.cat\/ca\/porta-corredissa-balconera-amb-vidre-baix-emissiu-a-barcelona\/","title":{"rendered":"Porta corredissa balconera amb vidre baix emissiu a Barcelona"},"content":{"rendered":"<div id=\"attachment_2173\" style=\"width: 310px\" class=\"wp-caption alignleft\"><a href=\"https:\/\/www.carpinteria-aluminio.cat\/wp-content\/uploads\/2013\/03\/20130321_113119_resized.jpg\" target=\"_blank\"><img loading=\"lazy\" decoding=\"async\" aria-describedby=\"caption-attachment-2173\" class=\"wp-image-2173 \" style=\"margin: 0px; border: 0px;\" title=\"Elevador de vidres en fa\u00e7ana a Barcelona\" src=\"https:\/\/www.carpinteria-aluminio.cat\/wp-content\/uploads\/2013\/03\/20130321_113119_resized-300x225.jpg\" alt=\"Elevador de vidres en fa\u00e7ana a Barcelona\" width=\"300\" height=\"225\" \/><\/a><p id=\"caption-attachment-2173\" class=\"wp-caption-text\">Elevador de vidres en fa\u00e7ana a Barcelona<\/p><\/div>\n<div id=\"attachment_2185\" style=\"width: 310px\" class=\"wp-caption alignleft\"><a href=\"https:\/\/www.carpinteria-aluminio.cat\/wp-content\/uploads\/2013\/03\/20130321_133103_resized1.jpg\" target=\"_blank\"><img loading=\"lazy\" decoding=\"async\" aria-describedby=\"caption-attachment-2185\" class=\" wp-image-2185\" style=\"margin: 0px; border: 0px;\" title=\"Porta corredissa balconera a Barcelona\" src=\"https:\/\/www.carpinteria-aluminio.cat\/wp-content\/uploads\/2013\/03\/20130321_133103_resized1-300x207.jpg\" alt=\"Porta corredissa balconera a Barcelona\" width=\"300\" height=\"225\" \/><\/a><p id=\"caption-attachment-2185\" class=\"wp-caption-text\">Porta corredissa balconera a Barcelona<\/p><\/div>\n<p style=\"text-align: justify;\">Treball realitzat al barri de Navas de Barcelona que consistia en la instal\u00b7laci\u00f3 de dues portes balconeres corredisses <a href=\"https:\/\/www.carpinteria-aluminio.cat\/ca\/el-aluminio-informacion-sobre-su-origen-extraccion-composicion-reciclaje-ventajas-caracteristicas-y-cualidades-de-unos-de-los-materiales-mas-utilizados-en-la-industria-en-la-actualidad\/\" target=\"_blank\">d&#8217;alumini <\/a>de dues fulles, en lacat blanc amb vidre 4\/10\/4 <a href=\"https:\/\/www.carpinteria-aluminio.cat\/wp-content\/uploads\/2013\/02\/GUARDIAN-SUN.pdf\" target=\"_blank\">guardian sun<\/a> baix emissiu, vidre molt recomanat a causa del estalvi energ\u00e8tic que representa. La corredissa estava formada per la perfileria <a href=\"https:\/\/www.carpinteria-aluminio.cat\/ca\/serie-corredera-s-76-de-alugom-por-ponsico-s-c-p-para-carpinteria-de-aluminio-en-barcelona\/\" target=\"_blank\">S-76<\/a>, la qual permet <a href=\"https:\/\/www.carpinteria-aluminio.cat\/wp-content\/uploads\/2013\/02\/20130214_132652_HDR_resized.jpg\" target=\"_blank\">tancaments multipunts<\/a> i una capacitat de vidre per sobre de la mitjana, tant en gruix com en pes. En aquest treball es va optar per no extreure els marcs antics de fusta, ja que subjectaven una mallorquina exterior que es volia conservar. Com podem apreciar a la primera imatge, les fulles de <a href=\"https:\/\/www.carpinteria-aluminio.cat\/ca\/productos-carpinteria-aluminio-barcelona\/venta-vidrios-barcelona\/\" target=\"_blank\">vidre<\/a> van ser pujades amb un elevador al pis, ja que tenien mal gir per l&#8217;escala. Aquest mitj\u00e0 el solem emprar quan s\u00f3n vidres molt pesats, molt grans en volum o com \u00e9s el cas, per mala accessibilitat a l&#8217;habitatge. Les dues portes balconeres van ser instal\u00b7lades per tres operaris en un mat\u00ed de feina. Per a qualsevol dubte o aclariment no dubti en posar-se en <a href=\"https:\/\/www.carpinteria-aluminio.cat\/ca\/contacto\/\" target=\"_blank\">contacte<\/a> amb nosaltres, us atendrem sense cap comprom\u00eds.<\/p>\n","protected":false},"excerpt":{"rendered":"<p>Treball realitzat al barri de Navas de Barcelona que consistia en la instal\u00b7laci\u00f3 de dues portes balconeres corredisses d&#8217;alumini de dues fulles, en lacat blanc amb<span class=\"excerpt-hellip\"> [\u2026]<\/span><\/p>\n","protected":false},"author":5,"featured_media":0,"comment_status":"open","ping_status":"open","sticky":false,"template":"","format":"standard","meta":{"_joinchat":[],"footnotes":""},"categories":[40],"tags":[],"class_list":["post-7083","post","type-post","status-publish","format-standard","hentry","category-treballs-realitzats"],"aioseo_notices":[],"_links":{"self":[{"href":"https:\/\/www.carpinteria-aluminio.cat\/ca\/wp-json\/wp\/v2\/posts\/7083","targetHints":{"allow":["GET"]}}],"collection":[{"href":"https:\/\/www.carpinteria-aluminio.cat\/ca\/wp-json\/wp\/v2\/posts"}],"about":[{"href":"https:\/\/www.carpinteria-aluminio.cat\/ca\/wp-json\/wp\/v2\/types\/post"}],"author":[{"embeddable":true,"href":"https:\/\/www.carpinteria-aluminio.cat\/ca\/wp-json\/wp\/v2\/users\/5"}],"replies":[{"embeddable":true,"href":"https:\/\/www.carpinteria-aluminio.cat\/ca\/wp-json\/wp\/v2\/comments?post=7083"}],"version-history":[{"count":0,"href":"https:\/\/www.carpinteria-aluminio.cat\/ca\/wp-json\/wp\/v2\/posts\/7083\/revisions"}],"wp:attachment":[{"href":"https:\/\/www.carpinteria-aluminio.cat\/ca\/wp-json\/wp\/v2\/media?parent=7083"}],"wp:term":[{"taxonomy":"category","embeddable":true,"href":"https:\/\/www.carpinteria-aluminio.cat\/ca\/wp-json\/wp\/v2\/categories?post=7083"},{"taxonomy":"post_tag","embeddable":true,"href":"https:\/\/www.carpinteria-aluminio.cat\/ca\/wp-json\/wp\/v2\/tags?post=7083"}],"curies":[{"name":"wp","href":"https:\/\/api.w.org\/{rel}","templated":true}]}}