{"id":7086,"date":"2013-04-02T17:10:18","date_gmt":"2013-04-02T16:10:18","guid":{"rendered":"https:\/\/www.carpinteria-aluminio.cat\/finestra-dalumini-batent-motoritzada\/"},"modified":"2013-04-02T17:10:18","modified_gmt":"2013-04-02T16:10:18","slug":"finestra-dalumini-batent-motoritzada","status":"publish","type":"post","link":"https:\/\/www.carpinteria-aluminio.cat\/ca\/finestra-dalumini-batent-motoritzada\/","title":{"rendered":"Finestra d&#8217;alumini batent motoritzada"},"content":{"rendered":"<div id=\"attachment_2297\" style=\"width: 310px\" class=\"wp-caption alignleft\"><a href=\"https:\/\/www.carpinteria-aluminio.cat\/wp-content\/uploads\/2013\/04\/20130402_134054_resized_1.jpg\" target=\"_blank\"><img loading=\"lazy\" decoding=\"async\" aria-describedby=\"caption-attachment-2297\" class=\" wp-image-2297 \" style=\"margin: 0px; border: 0px;\" title=\"Finestra batent motoritzada a Barcelona\" src=\"https:\/\/www.carpinteria-aluminio.cat\/wp-content\/uploads\/2013\/04\/20130402_134054_resized_1-300x225.jpg\" alt=\"Finestra batent motoritzada a Barcelona\" width=\"300\" height=\"225\" srcset=\"https:\/\/www.carpinteria-aluminio.cat\/wp-content\/uploads\/2013\/04\/20130402_134054_resized_1-300x225.jpg 300w, https:\/\/www.carpinteria-aluminio.cat\/wp-content\/uploads\/2013\/04\/20130402_134054_resized_1-1024x768.jpg 1024w, https:\/\/www.carpinteria-aluminio.cat\/wp-content\/uploads\/2013\/04\/20130402_134054_resized_1-500x375.jpg 500w, https:\/\/www.carpinteria-aluminio.cat\/wp-content\/uploads\/2013\/04\/20130402_134054_resized_1.jpg 1632w\" sizes=\"auto, (max-width:767px) 300px, 300px\" \/><\/a><p id=\"caption-attachment-2297\" class=\"wp-caption-text\">Finestra batent motoritzada a Barcelona<\/p><\/div>\n<div id=\"attachment_2290\" style=\"width: 310px\" class=\"wp-caption alignleft\"><a href=\"https:\/\/www.carpinteria-aluminio.cat\/wp-content\/uploads\/2013\/04\/20130402_134119_resized.jpg\" target=\"_blank\"><img loading=\"lazy\" decoding=\"async\" aria-describedby=\"caption-attachment-2290\" class=\" wp-image-2290 \" style=\"margin: 0px; border: 0px;\" title=\"Finestra batent autom\u00e0tica a Barcelona\" src=\"https:\/\/www.carpinteria-aluminio.cat\/wp-content\/uploads\/2013\/04\/20130402_134119_resized-300x225.jpg\" alt=\"Finestra batent autom\u00e0tica a Barcelona\" width=\"300\" height=\"225\" srcset=\"https:\/\/www.carpinteria-aluminio.cat\/wp-content\/uploads\/2013\/04\/20130402_134119_resized-300x225.jpg 300w, https:\/\/www.carpinteria-aluminio.cat\/wp-content\/uploads\/2013\/04\/20130402_134119_resized-1024x768.jpg 1024w, https:\/\/www.carpinteria-aluminio.cat\/wp-content\/uploads\/2013\/04\/20130402_134119_resized-500x375.jpg 500w, https:\/\/www.carpinteria-aluminio.cat\/wp-content\/uploads\/2013\/04\/20130402_134119_resized.jpg 1632w\" sizes=\"auto, (max-width:767px) 300px, 300px\" \/><\/a><p id=\"caption-attachment-2290\" class=\"wp-caption-text\">Finestra batent autom\u00e0tica a Barcelona<\/p><\/div>\n<p style=\"text-align: justify;\">Finestra <a href=\"https:\/\/www.carpinteria-aluminio.cat\/ca\/el-aluminio-informacion-sobre-su-origen-extraccion-composicion-reciclaje-ventajas-caracteristicas-y-cualidades-de-unos-de-los-materiales-mas-utilizados-en-la-industria-en-la-actualidad\/\" target=\"_blank\">d&#8217;alumini <\/a><a href=\"https:\/\/www.carpinteria-aluminio.cat\/ca\/servicios\/acabados-carpinteria-aluminio-barcelona\/\" target=\"_blank\">lacat<\/a> blanc de la <a href=\"https:\/\/www.carpinteria-aluminio.cat\/ca\/servicios\/perfiles-ensayos-carpinteria-aluminio\/\" target=\"_blank\">s\u00e8rie<\/a> <a href=\"https:\/\/www.carpinteria-aluminio.cat\/ca\/serie-stilo-50-de-alugom-por-ponsico-s-c-p-en-la-carpinteria-de-aluminio\/\" target=\"_blank\">stilo-50<\/a> amb <a href=\"https:\/\/www.carpinteria-aluminio.cat\/ca\/productos-carpinteria-aluminio-barcelona\/venta-vidrios-barcelona\/\" target=\"_blank\">vidre<\/a> laminat 3+3 butylat mate instal\u00b7lada al barri del Clot de Barcelona. La peculiaritat d&#8217;aquesta finestra \u00e9s que est\u00e0 motoritzada, \u00e9s a dir, amb un interruptor podem obrir i tancar la finestra sense esfor\u00e7, com podem apreciar en la fotografia el motor \u00e9s extern semblant a una molla d&#8217;hidr\u00e0ulic de porta, el qual \u00e9s de baix consum ja que no necessita molta pot\u00e8ncia per poder obrir i tancar aquest tipus de finestres. Ideal per a llocs de dif\u00edcil acc\u00e9s, com \u00e9s el cas, on no es podia accedir a menys de tenir a m\u00e0 una escala, per a persones de mobilitat redu\u00efda tamb\u00e9 \u00e9s una soluci\u00f3 bastant v\u00e0lida, ja que no requereix cap esfor\u00e7 per ser oberta o tancada. Aquest sistema \u00e9s for\u00e7a econ\u00f2mic tenint en compte la practicitat que representa, es poden muntar un altre tipus de ferramentes en aquest tipus de finestra, com una maneta d&#8217;acci\u00f3 manual o un tancament de cop. Aquest finestra va ser instal\u00b7lada per 2 operaris en 1 hora de feina. <a href=\"https:\/\/www.carpinteria-aluminio.cat\/ca\/contacto\/\" target=\"_blank\">Consulteu<\/a> preus i qualsevol tipus d&#8217;aclariment sense cap comprom\u00eds per part seva.<\/p>\n","protected":false},"excerpt":{"rendered":"<p>Finestra d&#8217;alumini lacat blanc de la s\u00e8rie stilo-50 amb vidre laminat 3+3 butylat mate instal\u00b7lada al barri del Clot de Barcelona. La peculiaritat d&#8217;aquesta finestra \u00e9s<span class=\"excerpt-hellip\"> [\u2026]<\/span><\/p>\n","protected":false},"author":5,"featured_media":0,"comment_status":"open","ping_status":"open","sticky":false,"template":"","format":"standard","meta":{"_joinchat":[],"footnotes":""},"categories":[40],"tags":[],"class_list":["post-7086","post","type-post","status-publish","format-standard","hentry","category-treballs-realitzats"],"aioseo_notices":[],"_links":{"self":[{"href":"https:\/\/www.carpinteria-aluminio.cat\/ca\/wp-json\/wp\/v2\/posts\/7086","targetHints":{"allow":["GET"]}}],"collection":[{"href":"https:\/\/www.carpinteria-aluminio.cat\/ca\/wp-json\/wp\/v2\/posts"}],"about":[{"href":"https:\/\/www.carpinteria-aluminio.cat\/ca\/wp-json\/wp\/v2\/types\/post"}],"author":[{"embeddable":true,"href":"https:\/\/www.carpinteria-aluminio.cat\/ca\/wp-json\/wp\/v2\/users\/5"}],"replies":[{"embeddable":true,"href":"https:\/\/www.carpinteria-aluminio.cat\/ca\/wp-json\/wp\/v2\/comments?post=7086"}],"version-history":[{"count":0,"href":"https:\/\/www.carpinteria-aluminio.cat\/ca\/wp-json\/wp\/v2\/posts\/7086\/revisions"}],"wp:attachment":[{"href":"https:\/\/www.carpinteria-aluminio.cat\/ca\/wp-json\/wp\/v2\/media?parent=7086"}],"wp:term":[{"taxonomy":"category","embeddable":true,"href":"https:\/\/www.carpinteria-aluminio.cat\/ca\/wp-json\/wp\/v2\/categories?post=7086"},{"taxonomy":"post_tag","embeddable":true,"href":"https:\/\/www.carpinteria-aluminio.cat\/ca\/wp-json\/wp\/v2\/tags?post=7086"}],"curies":[{"name":"wp","href":"https:\/\/api.w.org\/{rel}","templated":true}]}}