{"id":7092,"date":"2013-04-27T11:09:16","date_gmt":"2013-04-27T10:09:16","guid":{"rendered":"https:\/\/www.carpinteria-aluminio.cat\/finestra-amb-vidre-gaudi-a-prop-de-la-sagrada-familia-a-barcelona\/"},"modified":"2013-04-27T11:09:16","modified_gmt":"2013-04-27T10:09:16","slug":"finestra-amb-vidre-gaudi-a-prop-de-la-sagrada-familia-a-barcelona","status":"publish","type":"post","link":"https:\/\/www.carpinteria-aluminio.cat\/ca\/finestra-amb-vidre-gaudi-a-prop-de-la-sagrada-familia-a-barcelona\/","title":{"rendered":"Finestra amb vidre Gaud\u00ed a prop de la Sagrada Fam\u00edlia a Barcelona"},"content":{"rendered":"<div id=\"attachment_2499\" style=\"width: 310px\" class=\"wp-caption alignleft\"><a href=\"https:\/\/www.carpinteria-aluminio.cat\/wp-content\/uploads\/2013\/04\/20130425_093752_resized.jpg\" target=\"_blank\"><img loading=\"lazy\" decoding=\"async\" aria-describedby=\"caption-attachment-2499\" class=\" wp-image-2499        \" style=\"margin: 0px; border: 0px;\" title=\"Finestra antiga\" src=\"https:\/\/www.carpinteria-aluminio.cat\/wp-content\/uploads\/2013\/04\/20130425_093752_resized-225x300.jpg\" alt=\"Finestra antiga\" width=\"300\" height=\"375\" \/><\/a><p id=\"caption-attachment-2499\" class=\"wp-caption-text\">ABANS<\/p><\/div>\n<div id=\"attachment_2499\" style=\"width: 310px\" class=\"wp-caption alignleft\"><a href=\"https:\/\/www.carpinteria-aluminio.cat\/wp-content\/uploads\/2013\/04\/20130425_112839_resized.jpg\" target=\"_blank\"><img loading=\"lazy\" decoding=\"async\" aria-describedby=\"caption-attachment-2499\" class=\" wp-image-2499         \" style=\"margin: 0px; border: 0px;\" title=\"Finestra nova\" src=\"https:\/\/www.carpinteria-aluminio.cat\/wp-content\/uploads\/2013\/04\/20130425_112839_resized-225x300.jpg\" alt=\"Finestra nova\" width=\"300\" height=\"375\" \/><\/a><p id=\"caption-attachment-2499\" class=\"wp-caption-text\">DESPRES<\/p><\/div>\n<div id=\"attachment_2492\" style=\"width: 630px\" class=\"wp-caption aligncenter\"><a href=\"https:\/\/www.carpinteria-aluminio.cat\/wp-content\/uploads\/2013\/01\/2013-04-25-13-42-01.png\" target=\"_blank\"><img loading=\"lazy\" decoding=\"async\" aria-describedby=\"caption-attachment-2492\" class=\"size-large wp-image-2492 \" style=\"margin: 0px; border: 0px;\" title=\"Vidre Gaud\u00ed\" src=\"https:\/\/www.carpinteria-aluminio.cat\/wp-content\/uploads\/2013\/01\/2013-04-25-13-42-01-1024x576.png\" alt=\"Vidre Gaud\u00ed\" width=\"620\" height=\"348\" srcset=\"https:\/\/www.carpinteria-aluminio.cat\/wp-content\/uploads\/2013\/01\/2013-04-25-13-42-01-1024x576.png 1024w, https:\/\/www.carpinteria-aluminio.cat\/wp-content\/uploads\/2013\/01\/2013-04-25-13-42-01-300x168.png 300w, https:\/\/www.carpinteria-aluminio.cat\/wp-content\/uploads\/2013\/01\/2013-04-25-13-42-01-500x281.png 500w, https:\/\/www.carpinteria-aluminio.cat\/wp-content\/uploads\/2013\/01\/2013-04-25-13-42-01.png 1280w\" sizes=\"auto, (max-width:767px) 480px, 620px\" \/><\/a><p id=\"caption-attachment-2492\" class=\"wp-caption-text\">Vidre Gaud\u00ed<\/p><\/div>\n<p style=\"text-align: justify;\"><a href=\"https:\/\/www.carpinteria-aluminio.cat\/ca\/productos-carpinteria-aluminio-barcelona\/venta-ventanas-aluminio-barcelona\/\" target=\"_blank\">Finestra <\/a><a href=\"https:\/\/www.carpinteria-aluminio.cat\/ca\/el-aluminio-informacion-sobre-su-origen-extraccion-composicion-reciclaje-ventajas-caracteristicas-y-cualidades-de-unos-de-los-materiales-mas-utilizados-en-la-industria-en-la-actualidad\/\" target=\"_blank\">d&#8217;alumini <\/a><a href=\"https:\/\/www.carpinteria-aluminio.cat\/ca\/servicios\/acabados-carpinteria-aluminio-barcelona\/\" target=\"_blank\">lacat <\/a>blanc practicable tipus <a href=\"https:\/\/www.carpinteria-aluminio.cat\/wp-content\/uploads\/2012\/08\/20130325_131609_resized_1.jpg\" target=\"_blank\">monoblock <\/a>instal\u00b7lada a prop de la Sagrada Fam\u00edlia a Barcelona. El sistema monoblock consisteix a unir conjuntament <a href=\"https:\/\/www.carpinteria-aluminio.cat\/ca\/productos-carpinteria-aluminio-barcelona\/venta-persianas-barcelona\/\" target=\"_blank\">persiana <\/a>i finestra o <a href=\"https:\/\/www.carpinteria-aluminio.cat\/ca\/productos-carpinteria-aluminio-barcelona\/puertas-aluminio-balconeras-aluminio-barcelona\/\" target=\"_blank\">porta<\/a>, de manera que es forma una mateixa pe\u00e7a i facilitant l&#8217;acc\u00e9s des de l&#8217;interior de l&#8217;habitatge per poder reparar f\u00e0cilment la persiana, com una persiana d&#8217;origen d&#8217;obra, com podem apreciar en la fotografia la cinta treballa recta a difer\u00e8ncia de l&#8217;antiga i obrint la tapa podem netejar la part exterior de la persiana des de l&#8217;interior de l&#8217;habitatge ja que la persiana gira al contrari que les convencionals persianes externes, aquest sistema eixampla la dist\u00e0ncia entre la persiana i la finestra ajudant a a\u00efllar mes l&#8217;habitatge de la temperatura exterior. La finestra incorporava tamb\u00e9 un <a href=\"https:\/\/www.carpinteria-aluminio.cat\/ca\/productos-carpinteria-aluminio-barcelona\/venta-vidrios-barcelona\/\" target=\"_blank\">vidre <\/a>de cambra 4\/10\/Gaud\u00ed, \u00e9s a dir, un vidre de 4 mm, una cambra d&#8217;aire interna de 10 mm i un vidre de 4 mm model <a href=\"https:\/\/www.carpinteria-aluminio.cat\/wp-content\/uploads\/2012\/08\/IMG_2041_resized.jpg\" target=\"_blank\">Gaud\u00ed<\/a>. La <a href=\"https:\/\/www.carpinteria-aluminio.cat\/ca\/servicios\/perfiles-ensayos-carpinteria-aluminio\/\" target=\"_blank\">perfileria <\/a>de la finestra era de la <a href=\"https:\/\/www.carpinteria-aluminio.cat\/ca\/servicios\/perfiles-ensayos-carpinteria-aluminio\/\" target=\"_blank\">s\u00e8rie <\/a><a href=\"https:\/\/www.carpinteria-aluminio.cat\/ca\/serie-stilo-50-de-alugom-por-ponsico-s-c-p-en-la-carpinteria-de-aluminio\/\" target=\"_blank\">Stilo-50<\/a> la qual t\u00e9 una relaci\u00f3 qualitat-preu for\u00e7a competitiva en el mercat. Normalment per a la instal\u00b7laci\u00f3 d&#8217;aquest tipus de finestres extraiem els marcs antics de fusta i injectem escuma de poliuret\u00e0 per millorar la seva hermeticitat i estanque\u00eftat. \u00c9s molt pr\u00e0ctic incorporar una <a href=\"https:\/\/www.carpinteria-aluminio.cat\/ca\/productos-carpinteria-aluminio-barcelona\/venta-mosquiteras-bacelon\/\" target=\"_blank\">mosquitera <\/a>enrotllable en l&#8217;espai entre la finestra i la persiana de manera que sense ocupar espai podem evitar entrada d&#8217;insectes a l&#8217;estiu. Com tamb\u00e9 es pot posar una <a href=\"https:\/\/www.carpinteria-aluminio.cat\/ca\/productos-carpinteria-aluminio-barcelona\/venta-mallorquinas-venecianas-rejas-barcelona\/\" target=\"_blank\">reixa <\/a>a l&#8217;exterior de la finestra, encara que aquest tipus de finestres ofereixen ja de per si una seguretat per sobre de la mitjana. Consulteu tamb\u00e9 la secci\u00f3 de <a href=\"https:\/\/www.carpinteria-aluminio.cat\/ca\/productos-carpinteria-aluminio-barcelona\/venta-toldos-barcelona\/\" target=\"_blank\">tendals <\/a>per si fos necessari una protecci\u00f3 del sol addicional. Aquesta finestra va ser instal\u00b7lada per dos treballadors en 2 hores de feina. Qualsevol tipus de consulta <a href=\"https:\/\/www.carpinteria-aluminio.cat\/ca\/contacto\/\" target=\"_blank\">contacti <\/a>amb nosaltres, l&#8217;atendrem sense cap tipus de comprom\u00eds.<\/p>\n","protected":false},"excerpt":{"rendered":"<p>Finestra d&#8217;alumini lacat blanc practicable tipus monoblock instal\u00b7lada a prop de la Sagrada Fam\u00edlia a Barcelona. El sistema monoblock consisteix a unir conjuntament persiana i finestra<span class=\"excerpt-hellip\"> [\u2026]<\/span><\/p>\n","protected":false},"author":5,"featured_media":0,"comment_status":"open","ping_status":"open","sticky":false,"template":"","format":"standard","meta":{"_joinchat":[],"footnotes":""},"categories":[40],"tags":[],"class_list":["post-7092","post","type-post","status-publish","format-standard","hentry","category-treballs-realitzats"],"aioseo_notices":[],"_links":{"self":[{"href":"https:\/\/www.carpinteria-aluminio.cat\/ca\/wp-json\/wp\/v2\/posts\/7092","targetHints":{"allow":["GET"]}}],"collection":[{"href":"https:\/\/www.carpinteria-aluminio.cat\/ca\/wp-json\/wp\/v2\/posts"}],"about":[{"href":"https:\/\/www.carpinteria-aluminio.cat\/ca\/wp-json\/wp\/v2\/types\/post"}],"author":[{"embeddable":true,"href":"https:\/\/www.carpinteria-aluminio.cat\/ca\/wp-json\/wp\/v2\/users\/5"}],"replies":[{"embeddable":true,"href":"https:\/\/www.carpinteria-aluminio.cat\/ca\/wp-json\/wp\/v2\/comments?post=7092"}],"version-history":[{"count":0,"href":"https:\/\/www.carpinteria-aluminio.cat\/ca\/wp-json\/wp\/v2\/posts\/7092\/revisions"}],"wp:attachment":[{"href":"https:\/\/www.carpinteria-aluminio.cat\/ca\/wp-json\/wp\/v2\/media?parent=7092"}],"wp:term":[{"taxonomy":"category","embeddable":true,"href":"https:\/\/www.carpinteria-aluminio.cat\/ca\/wp-json\/wp\/v2\/categories?post=7092"},{"taxonomy":"post_tag","embeddable":true,"href":"https:\/\/www.carpinteria-aluminio.cat\/ca\/wp-json\/wp\/v2\/tags?post=7092"}],"curies":[{"name":"wp","href":"https:\/\/api.w.org\/{rel}","templated":true}]}}