{"id":7098,"date":"2013-05-22T17:23:27","date_gmt":"2013-05-22T16:23:27","guid":{"rendered":"https:\/\/www.carpinteria-aluminio.cat\/coberta-dacer-a-barcelona\/"},"modified":"2013-05-22T17:23:27","modified_gmt":"2013-05-22T16:23:27","slug":"coberta-dacer-a-barcelona","status":"publish","type":"post","link":"https:\/\/www.carpinteria-aluminio.cat\/ca\/coberta-dacer-a-barcelona\/","title":{"rendered":"Coberta d&#8217;acer a Barcelona"},"content":{"rendered":"<div id=\"attachment_2621\" style=\"width: 310px\" class=\"wp-caption alignleft\"><a href=\"https:\/\/www.carpinteria-aluminio.cat\/wp-content\/uploads\/2013\/05\/20130522_162346_HDR_resized.jpg\" target=\"_blank\"><img loading=\"lazy\" decoding=\"async\" aria-describedby=\"caption-attachment-2621\" class=\"size-medium wp-image-2621 \" style=\"margin: 0px; border: 0px;\" title=\"Coberta d'acer tipus sandvitx a Barcelona\" src=\"https:\/\/www.carpinteria-aluminio.cat\/wp-content\/uploads\/2013\/05\/20130522_162346_HDR_resized-300x225.jpg\" alt=\"Coberta d'acer tipus sandvitx a Barcelona\" width=\"300\" height=\"225\" srcset=\"https:\/\/www.carpinteria-aluminio.cat\/wp-content\/uploads\/2013\/05\/20130522_162346_HDR_resized-300x225.jpg 300w, https:\/\/www.carpinteria-aluminio.cat\/wp-content\/uploads\/2013\/05\/20130522_162346_HDR_resized-1024x768.jpg 1024w, https:\/\/www.carpinteria-aluminio.cat\/wp-content\/uploads\/2013\/05\/20130522_162346_HDR_resized-500x375.jpg 500w, https:\/\/www.carpinteria-aluminio.cat\/wp-content\/uploads\/2013\/05\/20130522_162346_HDR_resized.jpg 1632w\" sizes=\"auto, (max-width:767px) 300px, 300px\" \/><\/a><p id=\"caption-attachment-2621\" class=\"wp-caption-text\">Coberta d&#8217;acer tipus sandvitx a Barcelona<\/p><\/div>\n<div id=\"attachment_2622\" style=\"width: 310px\" class=\"wp-caption alignleft\"><a href=\"https:\/\/www.carpinteria-aluminio.cat\/wp-content\/uploads\/2013\/05\/20130522_162410_HDR_resized.jpg\" target=\"_blank\"><img loading=\"lazy\" decoding=\"async\" aria-describedby=\"caption-attachment-2622\" class=\"size-medium wp-image-2622 \" style=\"margin: 0px; border: 0px;\" title=\"Coberta d'acer tipus sandvitx a Barcelona\" src=\"https:\/\/www.carpinteria-aluminio.cat\/wp-content\/uploads\/2013\/05\/20130522_162410_HDR_resized-300x225.jpg\" alt=\"Coberta d'acer tipus sandvitx a Barcelona\" width=\"300\" height=\"225\" srcset=\"https:\/\/www.carpinteria-aluminio.cat\/wp-content\/uploads\/2013\/05\/20130522_162410_HDR_resized-300x225.jpg 300w, https:\/\/www.carpinteria-aluminio.cat\/wp-content\/uploads\/2013\/05\/20130522_162410_HDR_resized-1024x768.jpg 1024w, https:\/\/www.carpinteria-aluminio.cat\/wp-content\/uploads\/2013\/05\/20130522_162410_HDR_resized-500x375.jpg 500w, https:\/\/www.carpinteria-aluminio.cat\/wp-content\/uploads\/2013\/05\/20130522_162410_HDR_resized.jpg 1632w\" sizes=\"auto, (max-width:767px) 300px, 300px\" \/><\/a><p id=\"caption-attachment-2622\" class=\"wp-caption-text\">Coberta d&#8217;acer tipus sandvitx a Barcelona<\/p><\/div>\n<div id=\"attachment_2623\" style=\"width: 310px\" class=\"wp-caption alignleft\"><a href=\"https:\/\/www.carpinteria-aluminio.cat\/wp-content\/uploads\/2013\/05\/20130522_161723_resized.jpg\" target=\"_blank\"><img loading=\"lazy\" decoding=\"async\" aria-describedby=\"caption-attachment-2623\" class=\"size-medium wp-image-2623 \" style=\"margin: 0px; border: 0px;\" title=\"Coberta d'acer tipus sandvitx a Barcelona\" src=\"https:\/\/www.carpinteria-aluminio.cat\/wp-content\/uploads\/2013\/05\/20130522_161723_resized-300x225.jpg\" alt=\"Coberta d'acer tipus sandvitx a Barcelona\" width=\"300\" height=\"225\" srcset=\"https:\/\/www.carpinteria-aluminio.cat\/wp-content\/uploads\/2013\/05\/20130522_161723_resized-300x225.jpg 300w, https:\/\/www.carpinteria-aluminio.cat\/wp-content\/uploads\/2013\/05\/20130522_161723_resized-1024x768.jpg 1024w, https:\/\/www.carpinteria-aluminio.cat\/wp-content\/uploads\/2013\/05\/20130522_161723_resized-500x375.jpg 500w, https:\/\/www.carpinteria-aluminio.cat\/wp-content\/uploads\/2013\/05\/20130522_161723_resized.jpg 1632w\" sizes=\"auto, (max-width:767px) 300px, 300px\" \/><\/a><p id=\"caption-attachment-2623\" class=\"wp-caption-text\">Coberta d&#8217;acer tipus sandvitx a Barcelona<\/p><\/div>\n<div id=\"attachment_519\" style=\"width: 310px\" class=\"wp-caption alignleft\"><a href=\"https:\/\/www.carpinteria-aluminio.cat\/wp-content\/uploads\/2013\/01\/IMG_0051.jpg\" target=\"_blank\"><img loading=\"lazy\" decoding=\"async\" aria-describedby=\"caption-attachment-519\" class=\" wp-image-519 \" style=\"margin: 0px; border: 0px;\" title=\"Mostra seccional de xapa d'acer tipus sandvitx\" src=\"https:\/\/www.carpinteria-aluminio.cat\/wp-content\/uploads\/2013\/01\/IMG_0051-300x200.jpg\" alt=\"Mostra seccional de xapa d'acer tipus sandvitx\" width=\"300\" height=\"225\" \/><\/a><p id=\"caption-attachment-519\" class=\"wp-caption-text\">Mostra seccional de xapa d&#8217;acer tipus sandvitx<\/p><\/div>\n<p style=\"text-align: justify;\">Coberta de xapa d&#8217;acer tipus sandvitx lacat fusta per la seva cara inferior i xapa imitaci\u00f3 teula per la seva cara superior, instal\u00b7lada al districte de Sant Andreu de Barcelona. En aquest treball es van mantenir els suports existents de l&#8217;antic <a href=\"https:\/\/www.carpinteria-aluminio.cat\/ca\/productos-carpinteria-aluminio-barcelona\/techos-y-tejados\/\" target=\"_blank\">sostre <\/a>ja que estaven en bones condicions, es va instal\u00b7lar els panells d&#8217;acer encadellats entre si, segellant les juntes superiors amb escuma de poliuret\u00e0 i silicona neutra. Es va instal\u00b7lar tamb\u00e9 un canal de recollida d&#8217;aig\u00fces el baixant es va col\u00b7locar en un dels laterals. Aquest tipus de sostre aporta rigidesa i seguretat a causa de les seves dues cares d&#8217;acer, a m\u00e9s d&#8217;a\u00efllament t\u00e8rmic i ac\u00fastic gr\u00e0cies a l&#8217;escuma interior del mateix, no necessita manteniment ni revisions peri\u00f2diques, i la seva instal\u00b7laci\u00f3 resulta relativament senzilla i r\u00e0pida. En aquesta feina tamb\u00e9 es va instal\u00b7lar un <a href=\"https:\/\/www.carpinteria-aluminio.cat\/ca\/productos-carpinteria-aluminio-barcelona\/venta-toldos-barcelona\/\" target=\"_blank\">tendal <\/a>de bra\u00e7os invisibles com podem apreciar a la primera fotografia. Aquest treball va ser acabat en poc m\u00e9s d&#8217;un mat\u00ed de feina per tres treballadors. Per a m\u00e9s informaci\u00f3 no dubti en <a href=\"https:\/\/www.carpinteria-aluminio.cat\/ca\/contacto\/\" target=\"_blank\">contactar <\/a>amb nosaltres, l&#8217;atendrem sense cap comprom\u00eds.<\/p>\n","protected":false},"excerpt":{"rendered":"<p>Coberta de xapa d&#8217;acer tipus sandvitx lacat fusta per la seva cara inferior i xapa imitaci\u00f3 teula per la seva cara superior, instal\u00b7lada al districte de<span class=\"excerpt-hellip\"> [\u2026]<\/span><\/p>\n","protected":false},"author":5,"featured_media":0,"comment_status":"open","ping_status":"open","sticky":false,"template":"","format":"standard","meta":{"_joinchat":[],"footnotes":""},"categories":[40],"tags":[],"class_list":["post-7098","post","type-post","status-publish","format-standard","hentry","category-treballs-realitzats"],"aioseo_notices":[],"_links":{"self":[{"href":"https:\/\/www.carpinteria-aluminio.cat\/ca\/wp-json\/wp\/v2\/posts\/7098","targetHints":{"allow":["GET"]}}],"collection":[{"href":"https:\/\/www.carpinteria-aluminio.cat\/ca\/wp-json\/wp\/v2\/posts"}],"about":[{"href":"https:\/\/www.carpinteria-aluminio.cat\/ca\/wp-json\/wp\/v2\/types\/post"}],"author":[{"embeddable":true,"href":"https:\/\/www.carpinteria-aluminio.cat\/ca\/wp-json\/wp\/v2\/users\/5"}],"replies":[{"embeddable":true,"href":"https:\/\/www.carpinteria-aluminio.cat\/ca\/wp-json\/wp\/v2\/comments?post=7098"}],"version-history":[{"count":0,"href":"https:\/\/www.carpinteria-aluminio.cat\/ca\/wp-json\/wp\/v2\/posts\/7098\/revisions"}],"wp:attachment":[{"href":"https:\/\/www.carpinteria-aluminio.cat\/ca\/wp-json\/wp\/v2\/media?parent=7098"}],"wp:term":[{"taxonomy":"category","embeddable":true,"href":"https:\/\/www.carpinteria-aluminio.cat\/ca\/wp-json\/wp\/v2\/categories?post=7098"},{"taxonomy":"post_tag","embeddable":true,"href":"https:\/\/www.carpinteria-aluminio.cat\/ca\/wp-json\/wp\/v2\/tags?post=7098"}],"curies":[{"name":"wp","href":"https:\/\/api.w.org\/{rel}","templated":true}]}}