{"id":7104,"date":"2013-06-04T18:02:54","date_gmt":"2013-06-04T17:02:54","guid":{"rendered":"https:\/\/www.carpinteria-aluminio.cat\/tendal-guiat-tipus-mari-model-cofre-amb-automatismes-somfy-rts-instal%c2%b7lat-a-un-atic-a-barcelona\/"},"modified":"2013-06-04T18:02:54","modified_gmt":"2013-06-04T17:02:54","slug":"tendal-guiat-tipus-mari-model-cofre-amb-automatismes-somfy-rts-instal%c2%b7lat-a-un-atic-a-barcelona","status":"publish","type":"post","link":"https:\/\/www.carpinteria-aluminio.cat\/ca\/tendal-guiat-tipus-mari-model-cofre-amb-automatismes-somfy-rts-instal%c2%b7lat-a-un-atic-a-barcelona\/","title":{"rendered":"Tendal guiat tipus mar\u00ed model cofre amb automatismes Somfy RTS instal\u00b7lat a un \u00e0tic a Barcelona"},"content":{"rendered":"<div id=\"attachment_2687\" style=\"width: 310px\" class=\"wp-caption alignleft\"><a href=\"https:\/\/www.carpinteria-aluminio.cat\/wp-content\/uploads\/2013\/06\/20130603_120807_resized.jpg\" target=\"_blank\"><img loading=\"lazy\" decoding=\"async\" aria-describedby=\"caption-attachment-2687\" class=\"size-medium wp-image-2687 \" title=\"Material pujat per la fa\u00e7ana amb elevador\" src=\"https:\/\/www.carpinteria-aluminio.cat\/wp-content\/uploads\/2013\/06\/20130603_120807_resized-300x225.jpg\" alt=\"Material pujat per la fa\u00e7ana amb elevador\" width=\"300\" height=\"225\" srcset=\"https:\/\/www.carpinteria-aluminio.cat\/wp-content\/uploads\/2013\/06\/20130603_120807_resized-300x225.jpg 300w, https:\/\/www.carpinteria-aluminio.cat\/wp-content\/uploads\/2013\/06\/20130603_120807_resized-1024x768.jpg 1024w, https:\/\/www.carpinteria-aluminio.cat\/wp-content\/uploads\/2013\/06\/20130603_120807_resized-500x375.jpg 500w, https:\/\/www.carpinteria-aluminio.cat\/wp-content\/uploads\/2013\/06\/20130603_120807_resized.jpg 1632w\" sizes=\"auto, (max-width:767px) 300px, 300px\" \/><\/a><p id=\"caption-attachment-2687\" class=\"wp-caption-text\">Material pujat per la fa\u00e7ana amb elevador<\/p><\/div>\n<div id=\"attachment_2688\" style=\"width: 310px\" class=\"wp-caption alignleft\"><a href=\"https:\/\/www.carpinteria-aluminio.cat\/wp-content\/uploads\/2013\/06\/20130603_130929_HDR_resized.jpg\" target=\"_blank\"><img loading=\"lazy\" decoding=\"async\" aria-describedby=\"caption-attachment-2688\" class=\"size-medium wp-image-2688  \" title=\"Instal\u00b7laci\u00f3 pr\u00e8via de l'estructura de subjecci\u00f3\" src=\"https:\/\/www.carpinteria-aluminio.cat\/wp-content\/uploads\/2013\/06\/20130603_130929_HDR_resized-300x225.jpg\" alt=\"Instal\u00b7laci\u00f3 pr\u00e8via de l'estructura de subjecci\u00f3\" width=\"300\" height=\"225\" srcset=\"https:\/\/www.carpinteria-aluminio.cat\/wp-content\/uploads\/2013\/06\/20130603_130929_HDR_resized-300x225.jpg 300w, https:\/\/www.carpinteria-aluminio.cat\/wp-content\/uploads\/2013\/06\/20130603_130929_HDR_resized-1024x768.jpg 1024w, https:\/\/www.carpinteria-aluminio.cat\/wp-content\/uploads\/2013\/06\/20130603_130929_HDR_resized-500x375.jpg 500w, https:\/\/www.carpinteria-aluminio.cat\/wp-content\/uploads\/2013\/06\/20130603_130929_HDR_resized.jpg 1632w\" sizes=\"auto, (max-width:767px) 300px, 300px\" \/><\/a><p id=\"caption-attachment-2688\" class=\"wp-caption-text\">Instal\u00b7laci\u00f3 pr\u00e8via de l&#8217;estructura de subjecci\u00f3<\/p><\/div>\n<div id=\"attachment_2689\" style=\"width: 310px\" class=\"wp-caption alignleft\"><a href=\"https:\/\/www.carpinteria-aluminio.cat\/wp-content\/uploads\/2013\/06\/20130604_151832_HDR_resized.jpg\" target=\"_blank\"><img loading=\"lazy\" decoding=\"async\" aria-describedby=\"caption-attachment-2689\" class=\"size-medium wp-image-2689   \" title=\"Tendals tipus mar\u00ed model cofre estesos vista interior\" src=\"https:\/\/www.carpinteria-aluminio.cat\/wp-content\/uploads\/2013\/06\/20130604_151832_HDR_resized-300x225.jpg\" alt=\"Tendals tipus mar\u00ed model cofre estesos vista interior\" width=\"300\" height=\"225\" srcset=\"https:\/\/www.carpinteria-aluminio.cat\/wp-content\/uploads\/2013\/06\/20130604_151832_HDR_resized-300x225.jpg 300w, https:\/\/www.carpinteria-aluminio.cat\/wp-content\/uploads\/2013\/06\/20130604_151832_HDR_resized-1024x768.jpg 1024w, https:\/\/www.carpinteria-aluminio.cat\/wp-content\/uploads\/2013\/06\/20130604_151832_HDR_resized-500x375.jpg 500w, https:\/\/www.carpinteria-aluminio.cat\/wp-content\/uploads\/2013\/06\/20130604_151832_HDR_resized.jpg 1632w\" sizes=\"auto, (max-width:767px) 300px, 300px\" \/><\/a><p id=\"caption-attachment-2689\" class=\"wp-caption-text\">Tendals tipus mar\u00ed model cofre estesos vista interior<\/p><\/div>\n<div id=\"attachment_2690\" style=\"width: 310px\" class=\"wp-caption alignleft\"><a href=\"https:\/\/www.carpinteria-aluminio.cat\/wp-content\/uploads\/2013\/06\/20130604_151933_HDR_resized.jpg\" target=\"_blank\"><img loading=\"lazy\" decoding=\"async\" aria-describedby=\"caption-attachment-2690\" class=\"size-medium wp-image-2690 \" title=\"Tendals tipus mar\u00ed model cofre estesos vista interior\" src=\"https:\/\/www.carpinteria-aluminio.cat\/wp-content\/uploads\/2013\/06\/20130604_151933_HDR_resized-300x225.jpg\" alt=\"Tendals tipus mar\u00ed model cofre estesos vista interior\" width=\"300\" height=\"225\" srcset=\"https:\/\/www.carpinteria-aluminio.cat\/wp-content\/uploads\/2013\/06\/20130604_151933_HDR_resized-300x225.jpg 300w, https:\/\/www.carpinteria-aluminio.cat\/wp-content\/uploads\/2013\/06\/20130604_151933_HDR_resized-1024x768.jpg 1024w, https:\/\/www.carpinteria-aluminio.cat\/wp-content\/uploads\/2013\/06\/20130604_151933_HDR_resized-500x375.jpg 500w, https:\/\/www.carpinteria-aluminio.cat\/wp-content\/uploads\/2013\/06\/20130604_151933_HDR_resized.jpg 1632w\" sizes=\"auto, (max-width:767px) 300px, 300px\" \/><\/a><p id=\"caption-attachment-2690\" class=\"wp-caption-text\">Tendals tipus mar\u00ed model cofre estesos vista interior<\/p><\/div>\n<div id=\"attachment_2691\" style=\"width: 310px\" class=\"wp-caption alignleft\"><a href=\"https:\/\/www.carpinteria-aluminio.cat\/wp-content\/uploads\/2013\/06\/20130604_152000_HDR_resized.jpg\" target=\"_blank\"><img loading=\"lazy\" decoding=\"async\" aria-describedby=\"caption-attachment-2691\" class=\"size-medium wp-image-2691   \" title=\"Vista interior tendal mar\u00ed model cofre sensor de vent Somfy RTS\" src=\"https:\/\/www.carpinteria-aluminio.cat\/wp-content\/uploads\/2013\/06\/20130604_152000_HDR_resized-300x225.jpg\" alt=\"Vista interior tendal mar\u00ed model cofre sensor de vent Somfy RTS\" width=\"300\" height=\"225\" srcset=\"https:\/\/www.carpinteria-aluminio.cat\/wp-content\/uploads\/2013\/06\/20130604_152000_HDR_resized-300x225.jpg 300w, https:\/\/www.carpinteria-aluminio.cat\/wp-content\/uploads\/2013\/06\/20130604_152000_HDR_resized-1024x768.jpg 1024w, https:\/\/www.carpinteria-aluminio.cat\/wp-content\/uploads\/2013\/06\/20130604_152000_HDR_resized-500x375.jpg 500w, https:\/\/www.carpinteria-aluminio.cat\/wp-content\/uploads\/2013\/06\/20130604_152000_HDR_resized.jpg 1632w\" sizes=\"auto, (max-width:767px) 300px, 300px\" \/><\/a><p id=\"caption-attachment-2691\" class=\"wp-caption-text\">Vista interior tendal mar\u00ed model cofre sensor de vent Somfy RTS<\/p><\/div>\n<div id=\"attachment_2692\" style=\"width: 310px\" class=\"wp-caption alignleft\"><a href=\"https:\/\/www.carpinteria-aluminio.cat\/wp-content\/uploads\/2013\/06\/20130604_151740_HDR_resized.jpg\" target=\"_blank\"><img loading=\"lazy\" decoding=\"async\" aria-describedby=\"caption-attachment-2692\" class=\"size-medium wp-image-2692  \" title=\"Tendal tipus mar\u00ed model cofre amb sensor de vent Somfy RTS vista exterior\" src=\"https:\/\/www.carpinteria-aluminio.cat\/wp-content\/uploads\/2013\/06\/20130604_151740_HDR_resized-300x225.jpg\" alt=\"Tendal tipus mar\u00ed model cofre amb sensor de vent Somfy RTS vista exterior\" width=\"300\" height=\"225\" srcset=\"https:\/\/www.carpinteria-aluminio.cat\/wp-content\/uploads\/2013\/06\/20130604_151740_HDR_resized-300x225.jpg 300w, https:\/\/www.carpinteria-aluminio.cat\/wp-content\/uploads\/2013\/06\/20130604_151740_HDR_resized-1024x768.jpg 1024w, https:\/\/www.carpinteria-aluminio.cat\/wp-content\/uploads\/2013\/06\/20130604_151740_HDR_resized-500x375.jpg 500w, https:\/\/www.carpinteria-aluminio.cat\/wp-content\/uploads\/2013\/06\/20130604_151740_HDR_resized.jpg 1632w\" sizes=\"auto, (max-width:767px) 300px, 300px\" \/><\/a><p id=\"caption-attachment-2692\" class=\"wp-caption-text\">Tendal tipus mar\u00ed model cofre amb sensor de vent Somfy RTS vista exterior<\/p><\/div>\n<p>&nbsp;<\/p>\n<p style=\"text-align: justify;\">Aquest treball consistia en desmuntar uns antics <a href=\"https:\/\/www.carpinteria-aluminio.cat\/ca\/productos-carpinteria-aluminio-barcelona\/venta-toldos-barcelona\/\" target=\"_blank\">tendals <\/a>en un \u00e0tic a Barcelona i instal\u00b7lar uns de nous amb tecnologia actual. Per \u00a0aix\u00f2 es va fabricar al taller una estructura feta amb tub de ferro de 60&#215;60 mm soldada i pintada en blanc la qual servia per a subjectar les guies verticals del tendal, com podem apreciar a la segona fotografia. La majoria de material va haver de pujar per la fa\u00e7ana amb elevador ja que eren peces molt llargues i pesades. El tendal instal\u00b7lat feia 11 metres d&#8217;ample per 5 metres de sortida de lona, tot aix\u00f2 fabricat en dues peces. Aquest tipus de tendal mant\u00e9 la lona tensada en tot moment malgrat les seves mesures, ja que les guies incorporen una molla hidr\u00e0ulica al seu interior, les quals exerceixen la for\u00e7a suficient per a aquesta finalitat. A m\u00e9s \u00e9s un model tipus <a href=\"https:\/\/www.carpinteria-aluminio.cat\/wp-content\/uploads\/2012\/08\/20130530_132818_resized.jpg\" target=\"_blank\">cofre<\/a>\u00a0<a href=\"https:\/\/www.carpinteria-aluminio.cat\/ca\/el-aluminio-informacion-sobre-su-origen-extraccion-composicion-reciclaje-ventajas-caracteristicas-y-cualidades-de-unos-de-los-materiales-mas-utilizados-en-la-industria-en-la-actualidad\/\" target=\"_blank\">d&#8217;alumini<\/a>, \u00e9s a dir, model que un cop recollit protegeix totalment la lona del tendal de la intemp\u00e8rie. Incorpora tamb\u00e9 automatismes <a href=\"https:\/\/www.carpinteria-aluminio.cat\/wp-content\/uploads\/2012\/12\/Persianas-motores-y-mandos-a-distancia-2.jpg\" target=\"_blank\">Somfy RTS<\/a>, tendals motoritzats i sincronitzats entre si a trav\u00e9s de comandament a dist\u00e0ncia, els quals ofereixen la possibilitat d&#8217;adjuntar posicions favorites a gust del client. Per motius de seguretat, incorporem un <a href=\"https:\/\/www.carpinteria-aluminio.cat\/wp-content\/uploads\/2012\/08\/20130411_114251_resized.jpg\" target=\"_blank\">sensor de vent<\/a>, el qual ajustant la sensibilitat del mateix, recull els tendals quan el vent supera una for\u00e7a determinada, podent afegir tamb\u00e9 sensor de llum, quan surt el sol ell mateix es desplega, i es recull quan arriba la nit autom\u00e0ticament. A Ponsico s.c.p. portem m\u00e9s de 30 anys instal\u00b7lant motors el\u00e8ctrics Somfy per a tendals i persianes. Els ancoratges a paret van ser realitzats amb tac qu\u00edmic, una barreja de dos components que atorga molta m\u00e9s fiabilitat que el tac de pl\u00e0stic convencional. Aquesta feina va durar tres dies de tres treballadors, ja que es va haver de desmuntar l&#8217;antiga estructura. Per a m\u00e9s informaci\u00f3 o qualsevol consulta no dubti a posar-se en <a href=\"https:\/\/www.carpinteria-aluminio.cat\/ca\/contacto\/\" target=\"_blank\">contacte <\/a>amb nosaltres, l&#8217;atendrem sense cap tipus de comprom\u00eds.<\/p>\n<p>&nbsp;<\/p>\n","protected":false},"excerpt":{"rendered":"<p>&nbsp; Aquest treball consistia en desmuntar uns antics tendals en un \u00e0tic a Barcelona i instal\u00b7lar uns de nous amb tecnologia actual. Per \u00a0aix\u00f2 es va<span class=\"excerpt-hellip\"> [\u2026]<\/span><\/p>\n","protected":false},"author":5,"featured_media":0,"comment_status":"open","ping_status":"open","sticky":false,"template":"","format":"standard","meta":{"_joinchat":[],"footnotes":""},"categories":[40],"tags":[],"class_list":["post-7104","post","type-post","status-publish","format-standard","hentry","category-treballs-realitzats"],"aioseo_notices":[],"_links":{"self":[{"href":"https:\/\/www.carpinteria-aluminio.cat\/ca\/wp-json\/wp\/v2\/posts\/7104","targetHints":{"allow":["GET"]}}],"collection":[{"href":"https:\/\/www.carpinteria-aluminio.cat\/ca\/wp-json\/wp\/v2\/posts"}],"about":[{"href":"https:\/\/www.carpinteria-aluminio.cat\/ca\/wp-json\/wp\/v2\/types\/post"}],"author":[{"embeddable":true,"href":"https:\/\/www.carpinteria-aluminio.cat\/ca\/wp-json\/wp\/v2\/users\/5"}],"replies":[{"embeddable":true,"href":"https:\/\/www.carpinteria-aluminio.cat\/ca\/wp-json\/wp\/v2\/comments?post=7104"}],"version-history":[{"count":0,"href":"https:\/\/www.carpinteria-aluminio.cat\/ca\/wp-json\/wp\/v2\/posts\/7104\/revisions"}],"wp:attachment":[{"href":"https:\/\/www.carpinteria-aluminio.cat\/ca\/wp-json\/wp\/v2\/media?parent=7104"}],"wp:term":[{"taxonomy":"category","embeddable":true,"href":"https:\/\/www.carpinteria-aluminio.cat\/ca\/wp-json\/wp\/v2\/categories?post=7104"},{"taxonomy":"post_tag","embeddable":true,"href":"https:\/\/www.carpinteria-aluminio.cat\/ca\/wp-json\/wp\/v2\/tags?post=7104"}],"curies":[{"name":"wp","href":"https:\/\/api.w.org\/{rel}","templated":true}]}}