{"id":7107,"date":"2013-06-06T12:56:55","date_gmt":"2013-06-06T11:56:55","guid":{"rendered":"https:\/\/www.carpinteria-aluminio.cat\/finestra-practicable-amb-vidres-acustics-a-barcelona\/"},"modified":"2013-06-06T12:56:55","modified_gmt":"2013-06-06T11:56:55","slug":"finestra-practicable-amb-vidres-acustics-a-barcelona","status":"publish","type":"post","link":"https:\/\/www.carpinteria-aluminio.cat\/ca\/finestra-practicable-amb-vidres-acustics-a-barcelona\/","title":{"rendered":"Finestra practicable amb vidres ac\u00fastics a Barcelona"},"content":{"rendered":"<div id=\"attachment_2714\" style=\"width: 310px\" class=\"wp-caption alignleft\"><a href=\"https:\/\/www.carpinteria-aluminio.cat\/wp-content\/uploads\/2013\/06\/20130606_115252_HDR_resized.jpg\" target=\"_blank\"><img loading=\"lazy\" decoding=\"async\" aria-describedby=\"caption-attachment-2714\" class=\"size-medium wp-image-2714  \" title=\"Finestra practicable d'alumini amb vidres ac\u00fastics a Barcelona\" src=\"https:\/\/www.carpinteria-aluminio.cat\/wp-content\/uploads\/2013\/06\/20130606_115252_HDR_resized-300x225.jpg\" alt=\"Finestra practicable d'alumini amb vidres ac\u00fastics a Barcelona\" width=\"300\" height=\"225\" srcset=\"https:\/\/www.carpinteria-aluminio.cat\/wp-content\/uploads\/2013\/06\/20130606_115252_HDR_resized-300x225.jpg 300w, https:\/\/www.carpinteria-aluminio.cat\/wp-content\/uploads\/2013\/06\/20130606_115252_HDR_resized-1024x768.jpg 1024w, https:\/\/www.carpinteria-aluminio.cat\/wp-content\/uploads\/2013\/06\/20130606_115252_HDR_resized-500x375.jpg 500w, https:\/\/www.carpinteria-aluminio.cat\/wp-content\/uploads\/2013\/06\/20130606_115252_HDR_resized.jpg 1632w\" sizes=\"auto, (max-width:767px) 300px, 300px\" \/><\/a><p id=\"caption-attachment-2714\" class=\"wp-caption-text\">Finestra practicable d&#8217;alumini amb vidres ac\u00fastics a Barcelona<\/p><\/div>\n<div id=\"attachment_2715\" style=\"width: 310px\" class=\"wp-caption alignleft\"><a href=\"https:\/\/www.carpinteria-aluminio.cat\/wp-content\/uploads\/2013\/06\/20130606_120118_HDR_resized.jpg\" target=\"_blank\"><img loading=\"lazy\" decoding=\"async\" aria-describedby=\"caption-attachment-2715\" class=\"size-medium wp-image-2715   \" title=\"Finestra ac\u00fastica de dues fulles a l'Avinguda Meridiana a Barcelona\" src=\"https:\/\/www.carpinteria-aluminio.cat\/wp-content\/uploads\/2013\/06\/20130606_120118_HDR_resized-300x225.jpg\" alt=\"Finestra ac\u00fastica de dues fulles a l'Avinguda Meridiana a Barcelona\" width=\"300\" height=\"225\" srcset=\"https:\/\/www.carpinteria-aluminio.cat\/wp-content\/uploads\/2013\/06\/20130606_120118_HDR_resized-300x225.jpg 300w, https:\/\/www.carpinteria-aluminio.cat\/wp-content\/uploads\/2013\/06\/20130606_120118_HDR_resized-1024x768.jpg 1024w, https:\/\/www.carpinteria-aluminio.cat\/wp-content\/uploads\/2013\/06\/20130606_120118_HDR_resized-500x375.jpg 500w, https:\/\/www.carpinteria-aluminio.cat\/wp-content\/uploads\/2013\/06\/20130606_120118_HDR_resized.jpg 1632w\" sizes=\"auto, (max-width:767px) 300px, 300px\" \/><\/a><p id=\"caption-attachment-2715\" class=\"wp-caption-text\">Finestra ac\u00fastica de dues fulles a l&#8217;Avinguda Meridiana a Barcelona<\/p><\/div>\n<div id=\"attachment_2716\" style=\"width: 310px\" class=\"wp-caption alignleft\"><a href=\"https:\/\/www.carpinteria-aluminio.cat\/wp-content\/uploads\/2013\/06\/20130606_115502_HDR_resized.jpg\" target=\"_blank\"><img loading=\"lazy\" decoding=\"async\" aria-describedby=\"caption-attachment-2716\" class=\"size-medium wp-image-2716   \" title=\"Decibels obtinguts amb vehicles transitant amb la finestra oberta\" src=\"https:\/\/www.carpinteria-aluminio.cat\/wp-content\/uploads\/2013\/06\/20130606_115502_HDR_resized-300x225.jpg\" alt=\"Decibels obtinguts amb vehicles transitant amb la finestra oberta\" width=\"300\" height=\"225\" srcset=\"https:\/\/www.carpinteria-aluminio.cat\/wp-content\/uploads\/2013\/06\/20130606_115502_HDR_resized-300x225.jpg 300w, https:\/\/www.carpinteria-aluminio.cat\/wp-content\/uploads\/2013\/06\/20130606_115502_HDR_resized-1024x768.jpg 1024w, https:\/\/www.carpinteria-aluminio.cat\/wp-content\/uploads\/2013\/06\/20130606_115502_HDR_resized-500x375.jpg 500w, https:\/\/www.carpinteria-aluminio.cat\/wp-content\/uploads\/2013\/06\/20130606_115502_HDR_resized.jpg 1632w\" sizes=\"auto, (max-width:767px) 300px, 300px\" \/><\/a><p id=\"caption-attachment-2716\" class=\"wp-caption-text\">Decibels obtinguts amb vehicles transitant amb la finestra oberta<\/p><\/div>\n<div id=\"attachment_2717\" style=\"width: 310px\" class=\"wp-caption alignleft\"><a href=\"https:\/\/www.carpinteria-aluminio.cat\/wp-content\/uploads\/2013\/06\/20130606_115334_HDR_resized.jpg\" target=\"_blank\"><img loading=\"lazy\" decoding=\"async\" aria-describedby=\"caption-attachment-2717\" class=\"size-medium wp-image-2717  \" title=\"Decibels obtinguts amb vehicles transitant amb la finestra tancada\" src=\"https:\/\/www.carpinteria-aluminio.cat\/wp-content\/uploads\/2013\/06\/20130606_115334_HDR_resized-300x225.jpg\" alt=\"Decibels obtinguts amb vehicles transitant amb la finestra tancada\" width=\"300\" height=\"225\" srcset=\"https:\/\/www.carpinteria-aluminio.cat\/wp-content\/uploads\/2013\/06\/20130606_115334_HDR_resized-300x225.jpg 300w, https:\/\/www.carpinteria-aluminio.cat\/wp-content\/uploads\/2013\/06\/20130606_115334_HDR_resized-1024x768.jpg 1024w, https:\/\/www.carpinteria-aluminio.cat\/wp-content\/uploads\/2013\/06\/20130606_115334_HDR_resized-500x375.jpg 500w, https:\/\/www.carpinteria-aluminio.cat\/wp-content\/uploads\/2013\/06\/20130606_115334_HDR_resized.jpg 1632w\" sizes=\"auto, (max-width:767px) 300px, 300px\" \/><\/a><p id=\"caption-attachment-2717\" class=\"wp-caption-text\">Decibels obtinguts amb vehicles transitant amb la finestra tancada<\/p><\/div>\n<p style=\"text-align: justify;\"><a href=\"https:\/\/www.carpinteria-aluminio.cat\/ca\/productos-carpinteria-aluminio-barcelona\/venta-ventanas-aluminio-barcelona\/\" target=\"_blank\">Finestra <\/a>instal\u00b7lada a l&#8217;avinguda Meridiana de Barcelona. En aquest treball es buscava a\u00efllar de <a href=\"https:\/\/www.carpinteria-aluminio.cat\/vidrios-acusticos\/\" target=\"_blank\">soroll <\/a>procedent d&#8217;aquest carrer bastant transitat, per a aix\u00f2 vam instal\u00b7lar una finestra <a href=\"https:\/\/www.carpinteria-aluminio.cat\/ca\/el-aluminio-informacion-sobre-su-origen-extraccion-composicion-reciclaje-ventajas-caracteristicas-y-cualidades-de-unos-de-los-materiales-mas-utilizados-en-la-industria-en-la-actualidad\/\" target=\"_blank\">d&#8217;alumini <\/a><a href=\"https:\/\/www.carpinteria-aluminio.cat\/ca\/servicios\/acabados-carpinteria-aluminio-barcelona\/\" target=\"_blank\">lacat <\/a>blanc tipus practicable de dues fulles, de la <a href=\"https:\/\/www.carpinteria-aluminio.cat\/ca\/servicios\/perfiles-ensayos-carpinteria-aluminio\/\" target=\"_blank\">s\u00e8rie <\/a><a href=\"https:\/\/www.carpinteria-aluminio.cat\/ca\/serie-stilo-50-de-alugom-por-ponsico-s-c-p-en-la-carpinteria-de-aluminio\/\" target=\"_blank\">Stilo-50<\/a>, la qual ofereix una qualitat-preu for\u00e7a competitiva al mercat. La peculiaritat d&#8217;aquesta finestra \u00e9s que incorporava un <a href=\"https:\/\/www.carpinteria-aluminio.cat\/ca\/productos-carpinteria-aluminio-barcelona\/venta-vidrios-barcelona\/\" target=\"_blank\">vidre <\/a>4-10-3 +3 butylat ac\u00fastic, \u00e9s a dir, un vidre de 4 mm en el seu interior, una cambra d&#8217;aire de 10 mm i un vidre laminat de 3 +3 mm, la l\u00e0mina interna est\u00e0 dissenyada espec\u00edficament per a\u00efllar del soroll. En funci\u00f3 del gruix del vidre ac\u00fastic ens a\u00efllarem del soroll en major o menor mesura. A les finestres que incorporen <a href=\"https:\/\/www.carpinteria-aluminio.cat\/ca\/productos-carpinteria-aluminio-barcelona\/venta-persianas-barcelona\/\" target=\"_blank\">persiana<\/a>, resulta una mica m\u00e9s complex reduir el soroll, ja que no deixa de ser un calaix de resson\u00e0ncia el qual ens magnifica el soroll a l&#8217;interior de l&#8217;habitatge. Per evitar al m\u00e0xim l&#8217;entrada de soroll pel registre de la persiana, elaborem una tapa especial amb un material de m\u00e9s densitat per aconseguir el nostre objectiu. Es recomana, en cas de tenir persiana, instal\u00b7lar un motor el\u00e8ctric per accionar la mateixa, ja que amb aquest sistema, evitarem l&#8217;entrada de soroll i aire pel pas de cinta. Com podem apreciar en les dues fotografies inferiors, es van reduir de 30-35 decibels, la qual cosa permet ara al client poder descansar tranquil\u00b7lament a la nit al seu habitatge. Es recomana aquest tipus de vidre en els carrers m\u00e9s transitats, en el cas de Barcelona carrers com la Gran Via, l&#8217;avinguda Diagonal, Travessera de Dalt, les Rondes &#8230; etc. El temps d&#8217;instal\u00b7laci\u00f3 van ser de 3 hores de dos treballadors. En el cas de necessitar m\u00e9s informaci\u00f3 o realitzar alguna consulta, no dubti en posar-se en <a href=\"https:\/\/www.carpinteria-aluminio.cat\/ca\/contacto\/\" target=\"_blank\">contacte <\/a>amb nosaltres, l&#8217;atendrem sense cap tipus de comprom\u00eds.<\/p>\n","protected":false},"excerpt":{"rendered":"<p>Finestra instal\u00b7lada a l&#8217;avinguda Meridiana de Barcelona. En aquest treball es buscava a\u00efllar de soroll procedent d&#8217;aquest carrer bastant transitat, per a aix\u00f2 vam instal\u00b7lar una<span class=\"excerpt-hellip\"> [\u2026]<\/span><\/p>\n","protected":false},"author":5,"featured_media":0,"comment_status":"open","ping_status":"open","sticky":false,"template":"","format":"standard","meta":{"_joinchat":[],"footnotes":""},"categories":[40],"tags":[],"class_list":["post-7107","post","type-post","status-publish","format-standard","hentry","category-treballs-realitzats"],"aioseo_notices":[],"_links":{"self":[{"href":"https:\/\/www.carpinteria-aluminio.cat\/ca\/wp-json\/wp\/v2\/posts\/7107","targetHints":{"allow":["GET"]}}],"collection":[{"href":"https:\/\/www.carpinteria-aluminio.cat\/ca\/wp-json\/wp\/v2\/posts"}],"about":[{"href":"https:\/\/www.carpinteria-aluminio.cat\/ca\/wp-json\/wp\/v2\/types\/post"}],"author":[{"embeddable":true,"href":"https:\/\/www.carpinteria-aluminio.cat\/ca\/wp-json\/wp\/v2\/users\/5"}],"replies":[{"embeddable":true,"href":"https:\/\/www.carpinteria-aluminio.cat\/ca\/wp-json\/wp\/v2\/comments?post=7107"}],"version-history":[{"count":0,"href":"https:\/\/www.carpinteria-aluminio.cat\/ca\/wp-json\/wp\/v2\/posts\/7107\/revisions"}],"wp:attachment":[{"href":"https:\/\/www.carpinteria-aluminio.cat\/ca\/wp-json\/wp\/v2\/media?parent=7107"}],"wp:term":[{"taxonomy":"category","embeddable":true,"href":"https:\/\/www.carpinteria-aluminio.cat\/ca\/wp-json\/wp\/v2\/categories?post=7107"},{"taxonomy":"post_tag","embeddable":true,"href":"https:\/\/www.carpinteria-aluminio.cat\/ca\/wp-json\/wp\/v2\/tags?post=7107"}],"curies":[{"name":"wp","href":"https:\/\/api.w.org\/{rel}","templated":true}]}}