{"id":7164,"date":"2013-08-04T11:18:46","date_gmt":"2013-08-04T10:18:46","guid":{"rendered":"https:\/\/www.carpinteria-aluminio.cat\/porta-dalumini-bicolor-obertura-externa-amb-trencament-de-pont-termic-i-vidre-guardian-sun-a-barcelona\/"},"modified":"2013-08-04T11:18:46","modified_gmt":"2013-08-04T10:18:46","slug":"porta-dalumini-bicolor-obertura-externa-amb-trencament-de-pont-termic-i-vidre-guardian-sun-a-barcelona","status":"publish","type":"post","link":"https:\/\/www.carpinteria-aluminio.cat\/ca\/porta-dalumini-bicolor-obertura-externa-amb-trencament-de-pont-termic-i-vidre-guardian-sun-a-barcelona\/","title":{"rendered":"Porta d&#8217;alumini bicolor obertura externa amb trencament de pont t\u00e8rmic i vidre Guardian Sun a Barcelona"},"content":{"rendered":"<div id=\"attachment_3104\" style=\"width: 200px\" class=\"wp-caption alignleft\"><a href=\"https:\/\/www.carpinteria-aluminio.cat\/wp-content\/uploads\/2013\/08\/20130726_110306_HDR_resized.jpg\" target=\"_blank\"><img loading=\"lazy\" decoding=\"async\" aria-describedby=\"caption-attachment-3104\" class=\" wp-image-3104      \" title=\"Cara interior de la porta en lacat blanc\" src=\"https:\/\/www.carpinteria-aluminio.cat\/wp-content\/uploads\/2013\/08\/20130726_110306_HDR_resized-225x300.jpg\" alt=\"Cara interior de la porta en lacat blanc\" width=\"190\" height=\"265\" \/><\/a><p id=\"caption-attachment-3104\" class=\"wp-caption-text\">Cara interior de la porta en lacat blanc<\/p><\/div>\n<div id=\"attachment_3105\" style=\"width: 200px\" class=\"wp-caption alignleft\"><a href=\"https:\/\/www.carpinteria-aluminio.cat\/wp-content\/uploads\/2013\/08\/20130726_110350_HDR_resized1.jpg\" target=\"_blank\"><img loading=\"lazy\" decoding=\"async\" aria-describedby=\"caption-attachment-3105\" class=\" wp-image-3105      \" title=\"Porta bicolor obertura externa amb RPT a Barcelona\" src=\"https:\/\/www.carpinteria-aluminio.cat\/wp-content\/uploads\/2013\/08\/20130726_110350_HDR_resized1-225x300.jpg\" alt=\"Porta bicolor obertura externa amb RPT a Barcelona\" width=\"190\" height=\"265\" \/><\/a><p id=\"caption-attachment-3105\" class=\"wp-caption-text\">Porta bicolor obertura externa amb RPT a Barcelona<\/p><\/div>\n<div id=\"attachment_3106\" style=\"width: 200px\" class=\"wp-caption alignleft\"><a href=\"https:\/\/www.carpinteria-aluminio.cat\/wp-content\/uploads\/2013\/08\/20130726_110406_HDR_resized.jpg\" target=\"_blank\"><img loading=\"lazy\" decoding=\"async\" aria-describedby=\"caption-attachment-3106\" class=\" wp-image-3106      \" title=\"Cara exterior de la porta en lacat marr\u00f3 ral est\u00e0ndard\" src=\"https:\/\/www.carpinteria-aluminio.cat\/wp-content\/uploads\/2013\/08\/20130726_110406_HDR_resized-225x300.jpg\" alt=\"Cara exterior de la porta en lacat marr\u00f3 ral est\u00e0ndard\" width=\"190\" height=\"265\" \/><\/a><p id=\"caption-attachment-3106\" class=\"wp-caption-text\">Cara exterior de la porta en lacat marr\u00f3 ral est\u00e0ndard<\/p><\/div>\n<p style=\"text-align: justify;\">Treball realitzat al barri de Gr\u00e0cia de Barcelona. Consistia a extreure una antiga porta <a href=\"https:\/\/www.carpinteria-aluminio.cat\/ca\/el-aluminio-informacion-sobre-su-origen-extraccion-composicion-reciclaje-ventajas-caracteristicas-y-cualidades-de-unos-de-los-materiales-mas-utilizados-en-la-industria-en-la-actualidad\/\" target=\"_blank\">d&#8217;alumini <\/a>amb vidre de cambra simple. Com podem apreciar en les fotografies v\u00e0rem instal\u00b7lar una <a href=\"https:\/\/www.carpinteria-aluminio.cat\/ca\/productos-carpinteria-aluminio-barcelona\/puertas-aluminio-balconeras-aluminio-barcelona\/\" target=\"_blank\">porta <\/a>d&#8217;alumini de dues fulles d&#8217;obertura externa i <a href=\"https:\/\/www.carpinteria-aluminio.cat\/ca\/productos-carpinteria-aluminio-barcelona\/venta-vidrios-barcelona\/\" target=\"_blank\">vidre <\/a>fixe a la part superior, en material RPT bicolor, <a href=\"https:\/\/www.carpinteria-aluminio.cat\/ca\/servicios\/acabados-carpinteria-aluminio-barcelona\/\" target=\"_blank\">acabat <\/a>que permet triar diferents colors a les cares interior i exterior de l&#8217;habitatge, molt recomanable per als barris de Barcelona que exigeixen el color marr\u00f3 al seu exterior com \u00e9s el cas de l&#8217;Eixample. La porta estava elaborada amb la <a href=\"https:\/\/www.carpinteria-aluminio.cat\/ca\/servicios\/perfiles-ensayos-carpinteria-aluminio\/\" target=\"_blank\">s\u00e8rie <\/a><a href=\"https:\/\/www.carpinteria-aluminio.cat\/ca\/serie-stilo-50-de-alugom-por-ponsico-s-c-p-en-la-carpinteria-de-aluminio\/\" target=\"_blank\">stilo-50<\/a> RPT, la qual ofereix una qualitat-preu for\u00e7a competitiva al mercat, ferramentes del fabricant Giesse. Les sigles RPT signifiquen trencament de pont t\u00e8rmic, la qual cosa vol dir que el perfil d&#8217;alumini, material conductor, no transmet igual la temperatura de l&#8217;exterior a l&#8217;interior de l&#8217;habitatge, sent una porta molt m\u00e9s eficient. A m\u00e9s per millorar l&#8217;efici\u00e8ncia energ\u00e8tica, es va introduir un vidre de cambra 4\/12\/4 <a href=\"https:\/\/www.carpinteria-aluminio.cat\/ca\/vidrio-inteligente\/\" target=\"_blank\">Guardian Sun<\/a>, vidre ideal per a portes o <a href=\"https:\/\/www.carpinteria-aluminio.cat\/ca\/productos-carpinteria-aluminio-barcelona\/venta-ventanas-aluminio-barcelona\/\" target=\"_blank\">finestres <\/a>amb sol directe, ja que amb un tractament especial aquest vidre repel\u00b7leix la calor a l&#8217;estiu i el fred a l&#8217;hivern, estalviant energia i diners des del primer dia de la seva instal\u00b7laci\u00f3. \u00c9s el doble d&#8217;eficient que un vidre de cambra est\u00e0ndard i unes quatre vegades m\u00e9s que un vidre simple o monol\u00edtic, malgrat el seu gran estalvi no t\u00e9 un preu desorbitat i \u00e9s r\u00e0pidament amortitzable. Al buit interior del marc vam injectar <a href=\"https:\/\/www.carpinteria-aluminio.cat\/ca\/la-eficacia-de-la-espuma-de-poliuretano-en-puertas-y-ventanas\/\" target=\"_blank\">escuma de poliuret\u00e0<\/a>, per a dotar de consist\u00e8ncia i estanquitat a l&#8217;estructura, posteriorment aquesta va ser folrada amb platines d&#8217;alumini del mateix color exterior i segellades amb silicona negra <a href=\"https:\/\/www.carpinteria-aluminio.cat\/ca\/sellado-de-silicona-neutra-de-gama-alta-en-puertas-y-ventanas-de-carpinteria-de-aluminio\/\" target=\"_blank\">neutra d&#8217;alta qualitat<\/a>. Aquest treball va ser instal\u00b7lat per tres treballadors en un mat\u00ed de feina, ja que no va comportar cap dificultat extra. <a href=\"https:\/\/www.carpinteria-aluminio.cat\/ca\/contacto\/\" target=\"_blank\">Consulti&#8217;ns <\/a>qualsevol dubte o aclariment que pugui sorgir, l&#8217;atendrem sense cap comprom\u00eds.<\/p>\n","protected":false},"excerpt":{"rendered":"<p>Treball realitzat al barri de Gr\u00e0cia de Barcelona. Consistia a extreure una antiga porta d&#8217;alumini amb vidre de cambra simple. Com podem apreciar en les fotografies<span class=\"excerpt-hellip\"> [\u2026]<\/span><\/p>\n","protected":false},"author":5,"featured_media":0,"comment_status":"open","ping_status":"open","sticky":false,"template":"","format":"standard","meta":{"_joinchat":[],"footnotes":""},"categories":[40],"tags":[],"class_list":["post-7164","post","type-post","status-publish","format-standard","hentry","category-treballs-realitzats"],"aioseo_notices":[],"_links":{"self":[{"href":"https:\/\/www.carpinteria-aluminio.cat\/ca\/wp-json\/wp\/v2\/posts\/7164","targetHints":{"allow":["GET"]}}],"collection":[{"href":"https:\/\/www.carpinteria-aluminio.cat\/ca\/wp-json\/wp\/v2\/posts"}],"about":[{"href":"https:\/\/www.carpinteria-aluminio.cat\/ca\/wp-json\/wp\/v2\/types\/post"}],"author":[{"embeddable":true,"href":"https:\/\/www.carpinteria-aluminio.cat\/ca\/wp-json\/wp\/v2\/users\/5"}],"replies":[{"embeddable":true,"href":"https:\/\/www.carpinteria-aluminio.cat\/ca\/wp-json\/wp\/v2\/comments?post=7164"}],"version-history":[{"count":0,"href":"https:\/\/www.carpinteria-aluminio.cat\/ca\/wp-json\/wp\/v2\/posts\/7164\/revisions"}],"wp:attachment":[{"href":"https:\/\/www.carpinteria-aluminio.cat\/ca\/wp-json\/wp\/v2\/media?parent=7164"}],"wp:term":[{"taxonomy":"category","embeddable":true,"href":"https:\/\/www.carpinteria-aluminio.cat\/ca\/wp-json\/wp\/v2\/categories?post=7164"},{"taxonomy":"post_tag","embeddable":true,"href":"https:\/\/www.carpinteria-aluminio.cat\/ca\/wp-json\/wp\/v2\/tags?post=7164"}],"curies":[{"name":"wp","href":"https:\/\/api.w.org\/{rel}","templated":true}]}}