{"id":7170,"date":"2013-08-11T12:00:01","date_gmt":"2013-08-11T11:00:01","guid":{"rendered":"https:\/\/www.carpinteria-aluminio.cat\/porta-dentrada-a-habitatge-tipus-vidur-amb-vidre-temperat-a-prop-de-barcelona\/"},"modified":"2013-08-11T12:00:01","modified_gmt":"2013-08-11T11:00:01","slug":"porta-dentrada-a-habitatge-tipus-vidur-amb-vidre-temperat-a-prop-de-barcelona","status":"publish","type":"post","link":"https:\/\/www.carpinteria-aluminio.cat\/ca\/porta-dentrada-a-habitatge-tipus-vidur-amb-vidre-temperat-a-prop-de-barcelona\/","title":{"rendered":"Porta d&#8217;entrada a habitatge tipus VIDUR amb vidre temperat a prop de Barcelona"},"content":{"rendered":"<div id=\"attachment_3184\" style=\"width: 310px\" class=\"wp-caption alignleft\"><a href=\"https:\/\/www.carpinteria-aluminio.cat\/wp-content\/uploads\/2013\/08\/20130417_150610_resized_1.jpg\" target=\"_blank\"><img loading=\"lazy\" decoding=\"async\" aria-describedby=\"caption-attachment-3184\" class=\" wp-image-3184  \" title=\"Porta d'entrada a habitatge tipus VIDUR amb vidre temperat\" src=\"https:\/\/www.carpinteria-aluminio.cat\/wp-content\/uploads\/2013\/08\/20130417_150610_resized_1-300x225.jpg\" alt=\"Porta d'entrada a habitatge tipus VIDUR amb vidre temperat\" width=\"300\" height=\"225\" srcset=\"https:\/\/www.carpinteria-aluminio.cat\/wp-content\/uploads\/2013\/08\/20130417_150610_resized_1-300x225.jpg 300w, https:\/\/www.carpinteria-aluminio.cat\/wp-content\/uploads\/2013\/08\/20130417_150610_resized_1-1024x768.jpg 1024w, https:\/\/www.carpinteria-aluminio.cat\/wp-content\/uploads\/2013\/08\/20130417_150610_resized_1-500x375.jpg 500w, https:\/\/www.carpinteria-aluminio.cat\/wp-content\/uploads\/2013\/08\/20130417_150610_resized_1.jpg 1632w\" sizes=\"auto, (max-width:767px) 300px, 300px\" \/><\/a><p id=\"caption-attachment-3184\" class=\"wp-caption-text\">Porta d&#8217;entrada a habitatge tipus VIDUR amb vidre temperat<\/p><\/div>\n<div id=\"attachment_3185\" style=\"width: 310px\" class=\"wp-caption alignleft\"><a href=\"https:\/\/www.carpinteria-aluminio.cat\/wp-content\/uploads\/2013\/08\/20130417_150622_resized_1.jpg\" target=\"_blank\"><img loading=\"lazy\" decoding=\"async\" aria-describedby=\"caption-attachment-3185\" class=\" wp-image-3185  \" title=\"Porta d'entrada a habitatge tipus VIDUR amb vidre temperat\" src=\"https:\/\/www.carpinteria-aluminio.cat\/wp-content\/uploads\/2013\/08\/20130417_150622_resized_1-300x225.jpg\" alt=\"Porta d'entrada a habitatge tipus VIDUR amb vidre temperat\" width=\"300\" height=\"225\" srcset=\"https:\/\/www.carpinteria-aluminio.cat\/wp-content\/uploads\/2013\/08\/20130417_150622_resized_1-300x225.jpg 300w, https:\/\/www.carpinteria-aluminio.cat\/wp-content\/uploads\/2013\/08\/20130417_150622_resized_1-1024x768.jpg 1024w, https:\/\/www.carpinteria-aluminio.cat\/wp-content\/uploads\/2013\/08\/20130417_150622_resized_1-500x375.jpg 500w, https:\/\/www.carpinteria-aluminio.cat\/wp-content\/uploads\/2013\/08\/20130417_150622_resized_1.jpg 1632w\" sizes=\"auto, (max-width:767px) 300px, 300px\" \/><\/a><p id=\"caption-attachment-3185\" class=\"wp-caption-text\">Porta d&#8217;entrada a habitatge tipus VIDUR amb vidre temperat<\/p><\/div>\n<p style=\"text-align: justify;\">Treball realitzat a Cervera, a uns 100 quil\u00f2metres de Barcelona. Consistia a instal\u00b7lar unes <a href=\"https:\/\/www.carpinteria-aluminio.cat\/ca\/productos-carpinteria-aluminio-barcelona\/puertas-aluminio-balconeras-aluminio-barcelona\/\" target=\"_blank\">portes <\/a>addicionals de <a href=\"https:\/\/www.carpinteria-aluminio.cat\/ca\/productos-carpinteria-aluminio-barcelona\/venta-vidrios-barcelona\/\" target=\"_blank\">vidre <\/a>a la porta principal d&#8217;una casa, mantenint la porta existent, per guanyar en seguretat, protecci\u00f3 i a\u00efllament <a href=\"https:\/\/www.carpinteria-aluminio.cat\/ca\/vidrio-inteligente\/\" target=\"_blank\">t\u00e8rmic <\/a>i <a href=\"https:\/\/www.carpinteria-aluminio.cat\/ca\/vidrios-acusticos\/\" target=\"_blank\">ac\u00fastic<\/a>, ja que es crea una c\u00e0mera entre les dues portes que afavoreix <a href=\"https:\/\/www.carpinteria-aluminio.cat\/ca\/eficiencia-energetica\/\" target=\"_blank\">l&#8217;efici\u00e8ncia<\/a>. Per a aix\u00f2 vam instal\u00b7lar dues fulles de vidre temperat de 10 mm, el qual \u00e9s molt resistent en cas d&#8217;impacte a causa del seu espessor i al seu tractament aplicat, amb frontisses de got ancorades a terra i a un tub d&#8217;acer inoxidable instal\u00b7lat a la part superior per lliurar un llum existent. Aquestes portes oferixen una obertura de 180 graus, i el que es busca en la seva elaboraci\u00f3 \u00e9s l&#8217;abs\u00e8ncia de <a href=\"https:\/\/www.carpinteria-aluminio.cat\/ca\/servicios\/perfiles-ensayos-carpinteria-aluminio\/\" target=\"_blank\">perfileria<\/a>, comprenent el vidre la major superf\u00edcie, nom\u00e9s frontisses i panys s\u00f3n visibles en acer inoxidable. Es poden elaborar portes de diferents formes, podent crear una entrada realitzada a graus, tipus entrada a botiga, tamb\u00e9 seguint el mateix patr\u00f3 minimalista de perfileria, la qual cosa ajuda a una exposici\u00f3 o negoci en guanyar superf\u00edcie de visibilitat en els aparadors. Es pot matear a l&#8217;\u00e0cid aquest tipus de portes per aconseguir un acabat amb mes intimitat, tamb\u00e9 es pot aplicar una capa de vinil a la part interior per repel\u00b7lir els raigs UV o minimitzar els raigs del sol i aix\u00ed reduir la calor entrant per guanyar en estalvi d&#8217;aire condicionat a l&#8217;estiu. Es poden incloure panys electr\u00f2nics amb obertura a dist\u00e0ncia en aquest tipus de llocs destinades a negocis. Aquest treball va ser realitzat en un dia de treball per tres treballadors, comptant que el despla\u00e7ament va consumir bastant de temps. <a href=\"https:\/\/www.carpinteria-aluminio.cat\/ca\/contacto\/\" target=\"_blank\">Consulteu <\/a>qualsevol dubte o aclariment sorgit, l&#8217;atendrem sense comprom\u00eds.<\/p>\n","protected":false},"excerpt":{"rendered":"<p>Treball realitzat a Cervera, a uns 100 quil\u00f2metres de Barcelona. Consistia a instal\u00b7lar unes portes addicionals de vidre a la porta principal d&#8217;una casa, mantenint la<span class=\"excerpt-hellip\"> [\u2026]<\/span><\/p>\n","protected":false},"author":5,"featured_media":0,"comment_status":"open","ping_status":"open","sticky":false,"template":"","format":"standard","meta":{"_joinchat":[],"footnotes":""},"categories":[40],"tags":[],"class_list":["post-7170","post","type-post","status-publish","format-standard","hentry","category-treballs-realitzats"],"aioseo_notices":[],"_links":{"self":[{"href":"https:\/\/www.carpinteria-aluminio.cat\/ca\/wp-json\/wp\/v2\/posts\/7170","targetHints":{"allow":["GET"]}}],"collection":[{"href":"https:\/\/www.carpinteria-aluminio.cat\/ca\/wp-json\/wp\/v2\/posts"}],"about":[{"href":"https:\/\/www.carpinteria-aluminio.cat\/ca\/wp-json\/wp\/v2\/types\/post"}],"author":[{"embeddable":true,"href":"https:\/\/www.carpinteria-aluminio.cat\/ca\/wp-json\/wp\/v2\/users\/5"}],"replies":[{"embeddable":true,"href":"https:\/\/www.carpinteria-aluminio.cat\/ca\/wp-json\/wp\/v2\/comments?post=7170"}],"version-history":[{"count":0,"href":"https:\/\/www.carpinteria-aluminio.cat\/ca\/wp-json\/wp\/v2\/posts\/7170\/revisions"}],"wp:attachment":[{"href":"https:\/\/www.carpinteria-aluminio.cat\/ca\/wp-json\/wp\/v2\/media?parent=7170"}],"wp:term":[{"taxonomy":"category","embeddable":true,"href":"https:\/\/www.carpinteria-aluminio.cat\/ca\/wp-json\/wp\/v2\/categories?post=7170"},{"taxonomy":"post_tag","embeddable":true,"href":"https:\/\/www.carpinteria-aluminio.cat\/ca\/wp-json\/wp\/v2\/tags?post=7170"}],"curies":[{"name":"wp","href":"https:\/\/api.w.org\/{rel}","templated":true}]}}