{"id":7215,"date":"2013-11-17T18:56:34","date_gmt":"2013-11-17T17:56:34","guid":{"rendered":"https:\/\/www.carpinteria-aluminio.cat\/serie-practicable-s-350-dalugom-per-ponsico-s-c-p-per-metal%c2%b7listeria-dalumini-a-barcelona\/"},"modified":"2013-11-17T18:56:34","modified_gmt":"2013-11-17T17:56:34","slug":"serie-practicable-s-350-dalugom-per-ponsico-s-c-p-per-metal%c2%b7listeria-dalumini-a-barcelona","status":"publish","type":"post","link":"https:\/\/www.carpinteria-aluminio.cat\/ca\/serie-practicable-s-350-dalugom-per-ponsico-s-c-p-per-metal%c2%b7listeria-dalumini-a-barcelona\/","title":{"rendered":"S\u00e8rie practicable S-350 d&#8217;ALUGOM per PONSICO s.c.p. per metal\u00b7listeria d\u2019alumini a Barcelona."},"content":{"rendered":"<div id=\"attachment_3654\" style=\"width: 235px\" class=\"wp-caption alignleft\"><a href=\"https:\/\/www.carpinteria-aluminio.cat\/wp-content\/uploads\/2013\/11\/20131111_165204.jpg\" target=\"_blank\"><img loading=\"lazy\" decoding=\"async\" aria-describedby=\"caption-attachment-3654\" class=\" wp-image-3654    \" title=\"Mostra seccional perfil marc S-350 en lacat blanc\" src=\"https:\/\/www.carpinteria-aluminio.cat\/wp-content\/uploads\/2013\/11\/20131111_165204-300x225.jpg\" alt=\"Mostra seccional perfil marc S-350 en lacat blanc\" width=\"225\" height=\"155\" \/><\/a><p id=\"caption-attachment-3654\" class=\"wp-caption-text\">Mostra seccional perfil marc S-350 en lacat blanc<\/p><\/div>\n<div id=\"attachment_1425\" style=\"width: 130px\" class=\"wp-caption alignleft\"><a href=\"https:\/\/www.carpinteria-aluminio.cat\/wp-content\/uploads\/2012\/10\/350.bmp\" target=\"_blank\"><img loading=\"lazy\" decoding=\"async\" aria-describedby=\"caption-attachment-1425\" class=\"wp-image-1425    \" title=\"Fitxa t\u00e8cnica i certificat europeu\" src=\"https:\/\/www.carpinteria-aluminio.cat\/wp-content\/uploads\/2012\/10\/350.bmp\" alt=\"Fitxa t\u00e8cnica i certificat europeu\" width=\"120\" height=\"155\" \/><\/a><p id=\"caption-attachment-1425\" class=\"wp-caption-text\">Fitxa t\u00e8cnica i certificat europeu<\/p><\/div>\n<div id=\"attachment_3655\" style=\"width: 235px\" class=\"wp-caption alignleft\"><a href=\"https:\/\/www.carpinteria-aluminio.cat\/wp-content\/uploads\/2013\/11\/20131111_165630.jpg\" target=\"_blank\"><img loading=\"lazy\" decoding=\"async\" aria-describedby=\"caption-attachment-3655\" class=\" wp-image-3655   \" title=\"Mostra seccional perfil fulla S-350 en lacat blanc\" src=\"https:\/\/www.carpinteria-aluminio.cat\/wp-content\/uploads\/2013\/11\/20131111_165630-300x225.jpg\" alt=\"Mostra seccional perfil fulla S-350 en lacat blanc\" width=\"225\" height=\"155\" \/><\/a><p id=\"caption-attachment-3655\" class=\"wp-caption-text\">Mostra seccional perfil fulla S-350 en lacat blanc<\/p><\/div>\n<div id=\"attachment_3796\" style=\"width: 645px\" class=\"wp-caption alignleft\"><a href=\"https:\/\/www.carpinteria-aluminio.cat\/wp-content\/uploads\/2013\/11\/350-REAL.jpg\" target=\"_blank\"><img loading=\"lazy\" decoding=\"async\" aria-describedby=\"caption-attachment-3796\" class=\" wp-image-3796\" title=\"Possibilitats d'obertura\" src=\"https:\/\/www.carpinteria-aluminio.cat\/wp-content\/uploads\/2013\/11\/350-REAL-1024x239.jpg\" alt=\"Possibilitats d'obertura\" width=\"635\" height=\"144\" \/><\/a><p id=\"caption-attachment-3796\" class=\"wp-caption-text\">Possibilitats d&#8217;obertura<\/p><\/div>\n<p style=\"text-align: justify;\">A PONSICO s.c.p. portem des de l&#8217;any 1988\u00a0treballant amb el fabricant de perfils <a href=\"https:\/\/www.carpinteria-aluminio.cat\/ca\/el-aluminio-informacion-sobre-su-origen-extraccion-composicion-reciclaje-ventajas-caracteristicas-y-cualidades-de-unos-de-los-materiales-mas-utilizados-en-la-industria-en-la-actualidad\/\" target=\"_blank\">d&#8217;alumini <\/a>i accessoris ALUGOM i el seu representant a Catalunya ALUNORD. Dins de les <a href=\"https:\/\/www.carpinteria-aluminio.cat\/ca\/servicios\/perfiles-ensayos-carpinteria-aluminio\/\" target=\"_blank\">s\u00e8ries <\/a>practicables trobem la S-350, la m\u00e9s econ\u00f2mica per\u00f2 amb total garanties de funcionament. Entre les d\u00e8cades dels 80 ia finals dels 90 va ser la s\u00e8rie practicable mes utilitzada per nosaltres, a causa del seu baix cost, va tenir gran acceptaci\u00f3 durant aquests anys, fins que vam passar \u00a0l&#8217;any 2000 a una s\u00e8rie superior, l&#8217;<a href=\"https:\/\/www.carpinteria-aluminio.cat\/ca\/serie-stilo-50-de-alugom-por-ponsico-s-c-p-en-la-carpinteria-de-aluminio\/\" target=\"_blank\">Stilo-50<\/a>. La S-350, est\u00e0 un pas per darrere de la Stilo-50 anteriorment esmentada, en tots els aspectes de les proves d&#8217;assaig, per\u00f2 el seu principal avantatge \u00e9s tenir un preu mes assequible per a totes les butxaques. Tallada a 45 graus tant el marc com la fulla, la qual la posem sense ribet per obtenir superf\u00edcies planes sense juntes, i atorgar m\u00e9s solidesa a la mateixa. Marc de 40mm, fulla de 45mm de secci\u00f3 amb una capacitat de gruix de vidre en la fulla tancada de 25mm. Amb dues juntes de goma intercanviables en el marc, i una a la fulla, per evitar entrades d&#8217;aire. \u00c9s un material simple i funcional, ideal per a clients que volen oblidar-se del manteniment de portes i finestres de fusta sense haver de pagar un preu prohibitiu per aix\u00f2. Es poden aplicar els <a href=\"https:\/\/www.carpinteria-aluminio.cat\/ca\/servicios\/acabados-carpinteria-aluminio-barcelona\/\" target=\"_blank\">acabats <\/a>t\u00edpics de qualsevol fusteria d&#8217;alumini, aix\u00ed com triar el <a href=\"https:\/\/www.carpinteria-aluminio.cat\/ca\/productos-carpinteria-aluminio-barcelona\/venta-vidrios-barcelona\/\" target=\"_blank\">vidre <\/a>que m\u00e9s ens convenci. Aquest material suporta c\u00e0rregues menors de vidre, amb el que haurem d&#8217;anar amb compte a l&#8217;hora de triar el mateix, per no tenir futurs problemes. Existeixen en el mercat s\u00e8ries de menys qualitat, per\u00f2 a PONSICO scp les descartem, per les seves grans possibilitats de generar problemes al llarg dels anys. En definitiva \u00e9s una s\u00e8rie econ\u00f2mica que compleix l&#8217;expedient, sense ser de les mes eficients, que no ens generar\u00e0 problemes de cara el futur. <a href=\"https:\/\/www.carpinteria-aluminio.cat\/ca\/contacto\/\" target=\"_blank\">Consulti&#8217;ns <\/a>per a qualsevol dubte que pugui tenir i tamb\u00e9 per obtenir un pressupost sense cap cost per a vost\u00e8.<\/p>\n<p style=\"text-align: center;\">\n","protected":false},"excerpt":{"rendered":"<p>A PONSICO s.c.p. portem des de l&#8217;any 1988\u00a0treballant amb el fabricant de perfils d&#8217;alumini i accessoris ALUGOM i el seu representant a Catalunya ALUNORD. Dins de<span class=\"excerpt-hellip\"> [\u2026]<\/span><\/p>\n","protected":false},"author":5,"featured_media":0,"comment_status":"open","ping_status":"open","sticky":false,"template":"","format":"standard","meta":{"_joinchat":[],"footnotes":""},"categories":[36],"tags":[],"class_list":["post-7215","post","type-post","status-publish","format-standard","hentry","category-noticies"],"aioseo_notices":[],"_links":{"self":[{"href":"https:\/\/www.carpinteria-aluminio.cat\/ca\/wp-json\/wp\/v2\/posts\/7215","targetHints":{"allow":["GET"]}}],"collection":[{"href":"https:\/\/www.carpinteria-aluminio.cat\/ca\/wp-json\/wp\/v2\/posts"}],"about":[{"href":"https:\/\/www.carpinteria-aluminio.cat\/ca\/wp-json\/wp\/v2\/types\/post"}],"author":[{"embeddable":true,"href":"https:\/\/www.carpinteria-aluminio.cat\/ca\/wp-json\/wp\/v2\/users\/5"}],"replies":[{"embeddable":true,"href":"https:\/\/www.carpinteria-aluminio.cat\/ca\/wp-json\/wp\/v2\/comments?post=7215"}],"version-history":[{"count":0,"href":"https:\/\/www.carpinteria-aluminio.cat\/ca\/wp-json\/wp\/v2\/posts\/7215\/revisions"}],"wp:attachment":[{"href":"https:\/\/www.carpinteria-aluminio.cat\/ca\/wp-json\/wp\/v2\/media?parent=7215"}],"wp:term":[{"taxonomy":"category","embeddable":true,"href":"https:\/\/www.carpinteria-aluminio.cat\/ca\/wp-json\/wp\/v2\/categories?post=7215"},{"taxonomy":"post_tag","embeddable":true,"href":"https:\/\/www.carpinteria-aluminio.cat\/ca\/wp-json\/wp\/v2\/tags?post=7215"}],"curies":[{"name":"wp","href":"https:\/\/api.w.org\/{rel}","templated":true}]}}