{"id":7218,"date":"2013-11-23T13:33:41","date_gmt":"2013-11-23T12:33:41","guid":{"rendered":"https:\/\/www.carpinteria-aluminio.cat\/serie-corredissa-matra-110-dalugom-per-ponsico-scp-per-fusteria-dalumini-a-barcelona\/"},"modified":"2013-11-23T13:33:41","modified_gmt":"2013-11-23T12:33:41","slug":"serie-corredissa-matra-110-dalugom-per-ponsico-scp-per-fusteria-dalumini-a-barcelona","status":"publish","type":"post","link":"https:\/\/www.carpinteria-aluminio.cat\/ca\/serie-corredissa-matra-110-dalugom-per-ponsico-scp-per-fusteria-dalumini-a-barcelona\/","title":{"rendered":"S\u00e8rie corredissa MATRA 110 d&#8217;ALUGOM per PONSICO scp per fusteria d&#8217;alumini a Barcelona."},"content":{"rendered":"<div id=\"attachment_3732\" style=\"width: 235px\" class=\"wp-caption alignleft\"><a href=\"https:\/\/www.carpinteria-aluminio.cat\/wp-content\/uploads\/2013\/11\/20131118_184240_resized.jpg\" target=\"_blank\"><img loading=\"lazy\" decoding=\"async\" aria-describedby=\"caption-attachment-3732\" class=\" wp-image-3732 \" title=\"Mostra seccional marc i fulla s\u00e8rie MATRA 110 en lacat blanc\" src=\"https:\/\/www.carpinteria-aluminio.cat\/wp-content\/uploads\/2013\/11\/20131118_184240_resized-300x225.jpg\" alt=\"Mostra seccional marc i fulla s\u00e8rie MATRA 110 en lacat blanc\" width=\"225\" height=\"155\" \/><\/a><p id=\"caption-attachment-3732\" class=\"wp-caption-text\">Mostra seccional marc i fulla s\u00e8rie MATRA 110 en lacat blanc<\/p><\/div>\n<div id=\"attachment_1425\" style=\"width: 130px\" class=\"wp-caption alignleft\"><a href=\"https:\/\/www.carpinteria-aluminio.cat\/wp-content\/uploads\/2012\/10\/matra-rpt.bmp\" target=\"_blank\"><img loading=\"lazy\" decoding=\"async\" aria-describedby=\"caption-attachment-1425\" class=\"wp-image-1425    \" title=\"Fitxa t\u00e8cnica i certificat europeu\" src=\"https:\/\/www.carpinteria-aluminio.cat\/wp-content\/uploads\/2012\/10\/matra-rpt.bmp\" alt=\"Fitxa t\u00e8cnica i certificat europeu\" width=\"120\" height=\"155\" \/><\/a><p id=\"caption-attachment-1425\" class=\"wp-caption-text\">Fitxa t\u00e8cnica i certificat europeu<\/p><\/div>\n<div id=\"attachment_3730\" style=\"width: 235px\" class=\"wp-caption alignleft\"><a href=\"https:\/\/www.carpinteria-aluminio.cat\/wp-content\/uploads\/2013\/11\/20131118_184416_resized.jpg\" target=\"_blank\"><img loading=\"lazy\" decoding=\"async\" aria-describedby=\"caption-attachment-3730\" class=\" wp-image-3730 \" title=\"Esquadra de mostra de marc i fulla s\u00e8rie MATRA 110 en lacat blanc\" src=\"https:\/\/www.carpinteria-aluminio.cat\/wp-content\/uploads\/2013\/11\/20131118_184416_resized-300x225.jpg\" alt=\"Esquadra de mostra de marc i fulla s\u00e8rie MATRA 110 en lacat blanc\" width=\"225\" height=\"155\" \/><\/a><p id=\"caption-attachment-3730\" class=\"wp-caption-text\">Esquadra de mostra de marc i fulla s\u00e8rie MATRA 110 en lacat blanc<\/p><\/div>\n<div id=\"attachment_3792\" style=\"width: 645px\" class=\"wp-caption alignleft\"><a href=\"https:\/\/www.carpinteria-aluminio.cat\/wp-content\/uploads\/2013\/11\/MATRA.jpg\" target=\"_blank\"><img loading=\"lazy\" decoding=\"async\" aria-describedby=\"caption-attachment-3792\" class=\" wp-image-3792\" title=\"Possibilitats d'obertura\" src=\"https:\/\/www.carpinteria-aluminio.cat\/wp-content\/uploads\/2013\/11\/MATRA-1024x287.jpg\" alt=\"Possibilitats d'obertura\" width=\"635\" height=\"173\" \/><\/a><p id=\"caption-attachment-3792\" class=\"wp-caption-text\">Possibilitats d&#8217;obertura<\/p><\/div>\n<p style=\"text-align: justify;\">A PONSICO s.c.p. portem des de l&#8217;any 1988\u00a0treballant amb el fabricant de perfils <a href=\"https:\/\/www.carpinteria-aluminio.cat\/ca\/el-aluminio-informacion-sobre-su-origen-extraccion-composicion-reciclaje-ventajas-caracteristicas-y-cualidades-de-unos-de-los-materiales-mas-utilizados-en-la-industria-en-la-actualidad\/\" target=\"_blank\">d&#8217;alumini <\/a>i accessoris ALUGOM i el seu representant a Catalunya ALUNORD. Dins de les s\u00e8ries que ens ofereix aquest fabricant trobem la s\u00e8rie corredissa MATRA 110, una de les m\u00e9s robustes i que ofereixen major capacitat de <a href=\"https:\/\/www.carpinteria-aluminio.cat\/ca\/productos-carpinteria-aluminio-barcelona\/venta-vidrios-barcelona\/\" target=\"_blank\">vidre <\/a>pel que fa a gruix i pes, que estaria dins de la gamma alta de les s\u00e8ries corredisses del mercat. Amb un ample del marc de 110 mm, ens ofereix poder repartir les c\u00e0rregues adequadament, ja que cada fulla pot suportar un pes de fins a 200 kg, la qual cosa \u00e9s molt \u00fatil per poder instal\u00b7lar vidres <a href=\"https:\/\/www.carpinteria-aluminio.cat\/ca\/vidrios-acusticos\/\" target=\"_blank\">ac\u00fastics <\/a>de grans gruixos. Tamb\u00e9 permet posar vidres <a href=\"https:\/\/www.carpinteria-aluminio.cat\/ca\/vidrio-inteligente\/\" target=\"_blank\">t\u00e8rmics <\/a>amb grans cambres d&#8217;aire o arg\u00f3, ja que tenim una capacitat de galze de vidre de fins a 37 mm. Es poden realitzar estructures de grans dimensions amb aquesta <a href=\"https:\/\/www.carpinteria-aluminio.cat\/ca\/servicios\/perfiles-ensayos-carpinteria-aluminio\/\" target=\"_blank\">s\u00e8rie<\/a>, sense minvar la seva solidesa i hermeticitat. Tenim la possibilitat de crear aquesta corredissa en l\u00ednia o elevable, de manera que que ens facilita el lliscament horitzontal al lliurar les juntes amb un simple gest de maneta elevant la fulla, permetent rodar suaument, juntes de goma en comptes de pelfes per millorar la seva estanquitat. En disposar de m\u00e9s capacitat de caixa en la fulla, podem incorporar sense problemes <a href=\"https:\/\/www.carpinteria-aluminio.cat\/ca\/fabricacion-venta-e-instalacion-de-puertas-y-ventanas-de-aluminio-correderas-con-cierre-multipunto-en-barcelona\/\" target=\"_blank\">tancaments multipunt<\/a> com en la s\u00e8rie <a href=\"https:\/\/www.carpinteria-aluminio.cat\/ca\/serie-corredera-s-76-de-alugom-por-ponsico-s-c-p-para-carpinteria-de-aluminio-en-barcelona\/\" target=\"_blank\">S -76<\/a> d&#8217;aquest mateix prove\u00efdor, dotant la corredera de m\u00e9s seguretat. En el model RPT, trobem els mateixos perfils per\u00f2 amb unes l\u00e0mines de polietil\u00e8 internes, per poder trencar la transmit\u00e0ncia t\u00e8rmica de l&#8217;exterior a l&#8217;interior dels nostres habitatges, convertint-les en m\u00e9s eficients. <a href=\"https:\/\/www.carpinteria-aluminio.cat\/ca\/contacto\/\" target=\"_blank\">Informeu-vos<\/a> sense comprom\u00eds sobre preus i <a href=\"https:\/\/www.carpinteria-aluminio.cat\/ca\/servicios\/acabados-carpinteria-aluminio-barcelona\/\" target=\"_blank\">acabats <\/a>aplicables a aquesta s\u00e8rie.<\/p>\n","protected":false},"excerpt":{"rendered":"<p>A PONSICO s.c.p. portem des de l&#8217;any 1988\u00a0treballant amb el fabricant de perfils d&#8217;alumini i accessoris ALUGOM i el seu representant a Catalunya ALUNORD. Dins de<span class=\"excerpt-hellip\"> [\u2026]<\/span><\/p>\n","protected":false},"author":5,"featured_media":0,"comment_status":"open","ping_status":"open","sticky":false,"template":"","format":"standard","meta":{"_joinchat":[],"footnotes":""},"categories":[36],"tags":[],"class_list":["post-7218","post","type-post","status-publish","format-standard","hentry","category-noticies"],"aioseo_notices":[],"_links":{"self":[{"href":"https:\/\/www.carpinteria-aluminio.cat\/ca\/wp-json\/wp\/v2\/posts\/7218","targetHints":{"allow":["GET"]}}],"collection":[{"href":"https:\/\/www.carpinteria-aluminio.cat\/ca\/wp-json\/wp\/v2\/posts"}],"about":[{"href":"https:\/\/www.carpinteria-aluminio.cat\/ca\/wp-json\/wp\/v2\/types\/post"}],"author":[{"embeddable":true,"href":"https:\/\/www.carpinteria-aluminio.cat\/ca\/wp-json\/wp\/v2\/users\/5"}],"replies":[{"embeddable":true,"href":"https:\/\/www.carpinteria-aluminio.cat\/ca\/wp-json\/wp\/v2\/comments?post=7218"}],"version-history":[{"count":0,"href":"https:\/\/www.carpinteria-aluminio.cat\/ca\/wp-json\/wp\/v2\/posts\/7218\/revisions"}],"wp:attachment":[{"href":"https:\/\/www.carpinteria-aluminio.cat\/ca\/wp-json\/wp\/v2\/media?parent=7218"}],"wp:term":[{"taxonomy":"category","embeddable":true,"href":"https:\/\/www.carpinteria-aluminio.cat\/ca\/wp-json\/wp\/v2\/categories?post=7218"},{"taxonomy":"post_tag","embeddable":true,"href":"https:\/\/www.carpinteria-aluminio.cat\/ca\/wp-json\/wp\/v2\/tags?post=7218"}],"curies":[{"name":"wp","href":"https:\/\/api.w.org\/{rel}","templated":true}]}}