{"id":7221,"date":"2013-11-24T00:05:18","date_gmt":"2013-11-23T23:05:18","guid":{"rendered":"https:\/\/www.carpinteria-aluminio.cat\/serie-corredissa-s-300-dalugom-per-ponsico-scp-per-fusteria-dalumini-a-barcelona\/"},"modified":"2013-11-24T00:05:18","modified_gmt":"2013-11-23T23:05:18","slug":"serie-corredissa-s-300-dalugom-per-ponsico-scp-per-fusteria-dalumini-a-barcelona","status":"publish","type":"post","link":"https:\/\/www.carpinteria-aluminio.cat\/ca\/serie-corredissa-s-300-dalugom-per-ponsico-scp-per-fusteria-dalumini-a-barcelona\/","title":{"rendered":"S\u00e8rie corredissa S-300 d&#8217;ALUGOM per PONSICO scp per fusteria d&#8217;alumini a Barcelona."},"content":{"rendered":"<div id=\"attachment_3742\" style=\"width: 235px\" class=\"wp-caption alignleft\"><a href=\"https:\/\/www.carpinteria-aluminio.cat\/wp-content\/uploads\/2013\/11\/3057_11.jpg\" target=\"_blank\"><img loading=\"lazy\" decoding=\"async\" aria-describedby=\"caption-attachment-3742\" class=\" wp-image-3742  \" title=\"Mostra seccional del perfil del marc de la s\u00e8rie corredissa S-300\" src=\"https:\/\/www.carpinteria-aluminio.cat\/wp-content\/uploads\/2013\/11\/3057_11.jpg\" alt=\"Mostra seccional del perfil del marc de la s\u00e8rie corredissa S-300\" width=\"225\" height=\"200\" \/><\/a><p id=\"caption-attachment-3742\" class=\"wp-caption-text\">Mostra seccional del perfil del marc de la s\u00e8rie corredissa S-300<\/p><\/div>\n<div id=\"attachment_1425\" style=\"width: 126px\" class=\"wp-caption alignleft\"><a href=\"https:\/\/www.carpinteria-aluminio.cat\/wp-content\/uploads\/2012\/10\/300.bmp\" target=\"_blank\"><img loading=\"lazy\" decoding=\"async\" aria-describedby=\"caption-attachment-1425\" class=\"wp-image-1425    \" title=\"Fitxa t\u00e8cnica i certificat europeu\" src=\"https:\/\/www.carpinteria-aluminio.cat\/wp-content\/uploads\/2012\/10\/300.bmp\" alt=\"Fitxa t\u00e8cnica i certificat europeu\" width=\"116\" height=\"200\" \/><\/a><p id=\"caption-attachment-1425\" class=\"wp-caption-text\">Fitxa t\u00e8cnica i certificat europeu<\/p><\/div>\n<div id=\"attachment_3744\" style=\"width: 235px\" class=\"wp-caption alignleft\"><a href=\"https:\/\/www.carpinteria-aluminio.cat\/wp-content\/uploads\/2013\/11\/3057_21.1.jpg\" target=\"_blank\"><img loading=\"lazy\" decoding=\"async\" aria-describedby=\"caption-attachment-3744\" class=\" wp-image-3744 \" title=\"Mostra seccional del perfil de fulla de la s\u00e8rie corredissa S-300\" src=\"https:\/\/www.carpinteria-aluminio.cat\/wp-content\/uploads\/2013\/11\/3057_21.1-300x300.jpg\" alt=\"Mostra seccional del perfil de fulla de la s\u00e8rie corredissa S-300\" width=\"225\" height=\"200\" \/><\/a><p id=\"caption-attachment-3744\" class=\"wp-caption-text\">Mostra seccional del perfil de fulla de la s\u00e8rie corredissa S-300<\/p><\/div>\n<div id=\"attachment_3790\" style=\"width: 645px\" class=\"wp-caption alignleft\"><a href=\"https:\/\/www.carpinteria-aluminio.cat\/wp-content\/uploads\/2013\/11\/350EUR2.jpg\" target=\"_blank\"><img loading=\"lazy\" decoding=\"async\" aria-describedby=\"caption-attachment-3790\" class=\" wp-image-3790\" title=\"Possibilitats d'obertura\" src=\"https:\/\/www.carpinteria-aluminio.cat\/wp-content\/uploads\/2013\/11\/350EUR2-1024x302.jpg\" alt=\"Possibilitats d'obertura\" width=\"635\" height=\"182\" \/><\/a><p id=\"caption-attachment-3790\" class=\"wp-caption-text\">Possibilitats d&#8217;obertura<\/p><\/div>\n<p style=\"text-align: justify;\">A PONSICO s.c.p. portem des de l&#8217;any 1988\u00a0treballant amb el fabricant de perfils <a href=\"https:\/\/www.carpinteria-aluminio.cat\/ca\/el-aluminio-informacion-sobre-su-origen-extraccion-composicion-reciclaje-ventajas-caracteristicas-y-cualidades-de-unos-de-los-materiales-mas-utilizados-en-la-industria-en-la-actualidad\/\" target=\"_blank\">d&#8217;alumini <\/a>i accessoris ALUGOM i el seu representant a Catalunya ALUNORD. Dintre de les <a href=\"https:\/\/www.carpinteria-aluminio.cat\/ca\/servicios\/perfiles-ensayos-carpinteria-aluminio\/\" target=\"_blank\">s\u00e8ries <\/a>que ens ofereix aquest prove\u00efdor, trobem una de les s\u00e8ries tipus corredissa m\u00e9s econ\u00f2miques del mercat. Com podem apreciar en les fotos superiors el marc \u00e9s molt senzill, com el que s&#8217;utilitzava en els inicis de la fusteria d&#8217;alumini, all\u00e0 pels anys 70. Tant el marc com la fulla s\u00f3n tallats en recte, i en lloc d&#8217;esquadres a les cantonades incorporen cargols, el que abarateix notablement el preu final. Com podem apreciar a la foto de la fitxa t\u00e8cnica, al banc de proves aquest material aprova pels p\u00e8ls en totes les especificacions. Aix\u00f2 vol dir que no tindrem la mateixa efici\u00e8ncia que s\u00e8ries superiors de m\u00e9s qualitat, per\u00f2 en cap cas tindrem problemes de funcionament, i amb una c\u00e0rrega de <a href=\"https:\/\/www.carpinteria-aluminio.cat\/ca\/productos-carpinteria-aluminio-barcelona\/venta-vidrios-barcelona\/\" target=\"_blank\">vidre <\/a>en funci\u00f3 de les seves capacitats, disposarem de porta o finestra per molt de temps. No obstant aix\u00f2 nosaltres recomanem s\u00e8ries superiors com l&#8217;<a href=\"https:\/\/www.carpinteria-aluminio.cat\/ca\/serie-corredera-a-70-de-alugom-por-ponsico-s-c-p-para-carpinteria-de-aluminio-en-barcelona\/\" target=\"_blank\">A-70<\/a> , ja que per una mica m\u00e9s de diners, rendibilitzarem la nostra <a href=\"https:\/\/www.carpinteria-aluminio.cat\/ca\/productos-carpinteria-aluminio-barcelona\/puertas-aluminio-balconeras-aluminio-barcelona\/\" target=\"_blank\">porta<\/a> o <a href=\"https:\/\/www.carpinteria-aluminio.cat\/ca\/productos-carpinteria-aluminio-barcelona\/venta-ventanas-aluminio-barcelona\/\" target=\"_blank\">finestra <\/a>en pocs anys, a causa de la difer\u00e8ncia d&#8217;<a href=\"https:\/\/www.carpinteria-aluminio.cat\/ca\/eficiencia-energetica\/\" target=\"_blank\">efici\u00e8ncia energ\u00e8tica<\/a> entre ambdues s\u00e8ries. <a href=\"https:\/\/www.carpinteria-aluminio.cat\/ca\/contacto\/\" target=\"_blank\">Informeu<\/a>-vos sense comprom\u00eds sobre preus i <a href=\"https:\/\/www.carpinteria-aluminio.cat\/ca\/servicios\/acabados-carpinteria-aluminio-barcelona\/\" target=\"_blank\">acabats <\/a>aplicables a aquesta s\u00e8rie .<\/p>\n","protected":false},"excerpt":{"rendered":"<p>A PONSICO s.c.p. portem des de l&#8217;any 1988\u00a0treballant amb el fabricant de perfils d&#8217;alumini i accessoris ALUGOM i el seu representant a Catalunya ALUNORD. Dintre de<span class=\"excerpt-hellip\"> [\u2026]<\/span><\/p>\n","protected":false},"author":5,"featured_media":0,"comment_status":"open","ping_status":"open","sticky":false,"template":"","format":"standard","meta":{"_joinchat":[],"footnotes":""},"categories":[36],"tags":[],"class_list":["post-7221","post","type-post","status-publish","format-standard","hentry","category-noticies"],"aioseo_notices":[],"_links":{"self":[{"href":"https:\/\/www.carpinteria-aluminio.cat\/ca\/wp-json\/wp\/v2\/posts\/7221","targetHints":{"allow":["GET"]}}],"collection":[{"href":"https:\/\/www.carpinteria-aluminio.cat\/ca\/wp-json\/wp\/v2\/posts"}],"about":[{"href":"https:\/\/www.carpinteria-aluminio.cat\/ca\/wp-json\/wp\/v2\/types\/post"}],"author":[{"embeddable":true,"href":"https:\/\/www.carpinteria-aluminio.cat\/ca\/wp-json\/wp\/v2\/users\/5"}],"replies":[{"embeddable":true,"href":"https:\/\/www.carpinteria-aluminio.cat\/ca\/wp-json\/wp\/v2\/comments?post=7221"}],"version-history":[{"count":0,"href":"https:\/\/www.carpinteria-aluminio.cat\/ca\/wp-json\/wp\/v2\/posts\/7221\/revisions"}],"wp:attachment":[{"href":"https:\/\/www.carpinteria-aluminio.cat\/ca\/wp-json\/wp\/v2\/media?parent=7221"}],"wp:term":[{"taxonomy":"category","embeddable":true,"href":"https:\/\/www.carpinteria-aluminio.cat\/ca\/wp-json\/wp\/v2\/categories?post=7221"},{"taxonomy":"post_tag","embeddable":true,"href":"https:\/\/www.carpinteria-aluminio.cat\/ca\/wp-json\/wp\/v2\/tags?post=7221"}],"curies":[{"name":"wp","href":"https:\/\/api.w.org\/{rel}","templated":true}]}}