{"id":7224,"date":"2013-11-30T18:49:47","date_gmt":"2013-11-30T17:49:47","guid":{"rendered":"https:\/\/www.carpinteria-aluminio.cat\/serie-practicable-nobile-alumini-fusta-dalugom-per-ponsico-s-c-p-per-fusteria-dalumini-a-barcelona\/"},"modified":"2013-11-30T18:49:47","modified_gmt":"2013-11-30T17:49:47","slug":"serie-practicable-nobile-alumini-fusta-dalugom-per-ponsico-s-c-p-per-fusteria-dalumini-a-barcelona","status":"publish","type":"post","link":"https:\/\/www.carpinteria-aluminio.cat\/ca\/serie-practicable-nobile-alumini-fusta-dalugom-per-ponsico-s-c-p-per-fusteria-dalumini-a-barcelona\/","title":{"rendered":"S\u00e8rie practicable Nobile alumini\/fusta d&#8217;ALUGOM per PONSICO s.c.p. per fusteria d&#8217;alumini a Barcelona."},"content":{"rendered":"<div id=\"attachment_3831\" style=\"width: 235px\" class=\"wp-caption alignleft\"><a href=\"https:\/\/www.carpinteria-aluminio.cat\/wp-content\/uploads\/2013\/11\/20131118_184522.jpg\" target=\"_blank\"><img loading=\"lazy\" decoding=\"async\" aria-describedby=\"caption-attachment-3831\" class=\" wp-image-3831 \" title=\"Vista seccional de marc i fulla de la s\u00e8rie Nobile alumini\/fusta\" src=\"https:\/\/www.carpinteria-aluminio.cat\/wp-content\/uploads\/2013\/11\/20131118_184522-300x225.jpg\" alt=\"Vista seccional de marc i fulla de la s\u00e8rie Nobile alumini\/fusta\" width=\"225\" height=\"155\" \/><\/a><p id=\"caption-attachment-3831\" class=\"wp-caption-text\">Vista seccional de marc i fulla de la s\u00e8rie Nobile alumini\/fusta<\/p><\/div>\n<div id=\"attachment_1425\" style=\"width: 130px\" class=\"wp-caption alignleft\"><a href=\"https:\/\/www.carpinteria-aluminio.cat\/wp-content\/uploads\/2012\/10\/aluminio-madera1.bmp\" target=\"_blank\"><img loading=\"lazy\" decoding=\"async\" aria-describedby=\"caption-attachment-1425\" class=\"wp-image-1425      \" title=\"Fitxa t\u00e8cnica i certificat europeu\" src=\"https:\/\/www.carpinteria-aluminio.cat\/wp-content\/uploads\/2012\/10\/aluminio-madera1.bmp\" alt=\"Fitxa t\u00e8cnica i certificat europeu\" width=\"120\" height=\"155\" \/><\/a><p id=\"caption-attachment-1425\" class=\"wp-caption-text\">Fitxa t\u00e8cnica i certificat europeu<\/p><\/div>\n<div id=\"attachment_3833\" style=\"width: 235px\" class=\"wp-caption alignleft\"><a href=\"https:\/\/www.carpinteria-aluminio.cat\/wp-content\/uploads\/2013\/11\/20131118_184748.jpg\" target=\"_blank\"><img loading=\"lazy\" decoding=\"async\" aria-describedby=\"caption-attachment-3833\" class=\" wp-image-3833 \" title=\"Esquadra de mostra de la s\u00e8rie Nobile alumini\/fusta\" src=\"https:\/\/www.carpinteria-aluminio.cat\/wp-content\/uploads\/2013\/11\/20131118_184748-300x225.jpg\" alt=\"Esquadra de mostra de la s\u00e8rie Nobile alumini\/fusta\" width=\"225\" height=\"155\" \/><\/a><p id=\"caption-attachment-3833\" class=\"wp-caption-text\">Esquadra de mostra de la s\u00e8rie Nobile alumini\/fusta<\/p><\/div>\n<div id=\"attachment_3835\" style=\"width: 645px\" class=\"wp-caption alignleft\"><a href=\"https:\/\/www.carpinteria-aluminio.cat\/wp-content\/uploads\/2013\/11\/aluminio-madera.jpg\" target=\"_blank\"><img loading=\"lazy\" decoding=\"async\" aria-describedby=\"caption-attachment-3835\" class=\" wp-image-3835 \" title=\"Possibilitats d'obertura\" src=\"https:\/\/www.carpinteria-aluminio.cat\/wp-content\/uploads\/2013\/11\/aluminio-madera-1024x278.jpg\" alt=\"Possibilitats d'obertura\" width=\"635\" height=\"168\" \/><\/a><p id=\"caption-attachment-3835\" class=\"wp-caption-text\">Possibilitats d&#8217;obertura<\/p><\/div>\n<p style=\"text-align: justify;\">A PONSICO s.c.p. portem des de l&#8217;any 1988\u00a0treballant amb el fabricant de perfils <a href=\"https:\/\/www.carpinteria-aluminio.cat\/ca\/el-aluminio-informacion-sobre-su-origen-extraccion-composicion-reciclaje-ventajas-caracteristicas-y-cualidades-de-unos-de-los-materiales-mas-utilizados-en-la-industria-en-la-actualidad\/\" target=\"_blank\">d&#8217;alumini <\/a>i accessoris ALUGOM i el seu representant a Catalunya ALUNORD. Dins de les s\u00e8ries practicables que ens ofereix aquest prove\u00efdor, trobem la s\u00e8rie Nobile, composta per alumini per l&#8217;exterior i fusta en la seva cara interior. D&#8217;aquesta manera obtenim la calidesa de la fusta a la part interior de l&#8217;habitatge que pot combinar-la amb mobles i accessoris de la nostra llar, a triar entre els diferents tipus d&#8217;acabats possibles. A la part exterior de la <a href=\"https:\/\/www.carpinteria-aluminio.cat\/ca\/productos-carpinteria-aluminio-barcelona\/puertas-aluminio-balconeras-aluminio-barcelona\/\" target=\"_blank\">porta <\/a>o <a href=\"https:\/\/www.carpinteria-aluminio.cat\/ca\/productos-carpinteria-aluminio-barcelona\/venta-ventanas-aluminio-barcelona\/\" target=\"_blank\">finestra <\/a>incorpora alumini amb tots els seus <a href=\"https:\/\/www.carpinteria-aluminio.cat\/ca\/servicios\/acabados-carpinteria-aluminio-barcelona\/\" target=\"_blank\">acabats <\/a>habituals a la fusteria met\u00e0l\u00b7lica, el qual ens proporciona l&#8217;abs\u00e8ncia de cap manteniment, la m\u00ednima dilataci\u00f3 i la robustesa necess\u00e0ria per suportar grans c\u00e0rregues de vidre. A m\u00e9s en incorporar fusta en el seu interior ja es produeix per si sola la ruptura de pont t\u00e8rmic, molt important per evitar condensacions a l&#8217;interior de la finestra a l&#8217;hivern, ja que trenca la transmit\u00e0ncia que ja de per si t\u00e9 el metall. Aconseguirem tamb\u00e9 una millor <a href=\"https:\/\/www.carpinteria-aluminio.cat\/ca\/eficiencia-energetica\/\" target=\"_blank\">efici\u00e8ncia t\u00e8rmica<\/a> al conjunt del <a href=\"https:\/\/www.carpinteria-aluminio.cat\/ca\/productos-carpinteria-aluminio-barcelona\/cerramientos-barcelona\/\" target=\"_blank\">tancament<\/a>. Disposa de una gran capacitat en la fulla per albergar <a href=\"https:\/\/www.carpinteria-aluminio.cat\/ca\/productos-carpinteria-aluminio-barcelona\/venta-vidrios-barcelona\/\" target=\"_blank\">vidres <\/a>de grans cambres d&#8217;aire o gas arg\u00f3, aix\u00ed com vidre <a href=\"https:\/\/www.carpinteria-aluminio.cat\/ca\/vidrio-inteligente\/\" target=\"_blank\">Guardian Sun<\/a>, per aconseguir un gran a\u00efllament t\u00e8rmic de l&#8217;exterior. Pot suportar c\u00e0rregues de vidre de fins a 130kgs per fulla, la qual cosa \u00e9s molt interessant per poder incorporar <a href=\"https:\/\/www.carpinteria-aluminio.cat\/ca\/vidrios-acusticos\/\" target=\"_blank\">vidres ac\u00fastics<\/a> de pes considerable, i aix\u00ed a\u00efllar-nos de la temperatura i del molest soroll exterior a la nostra llar. Entre les possibilitats d&#8217;obertura destaca l&#8217;oscil\u00b7lobatent, ja que amb un simple gest de maneta ventilem la nostra estada sense necessitat d&#8217;ocupar espai d&#8217;obertura. En definitiva \u00e9s un tipus de finestra molt acollidora a la part interior i molt eficient en el seu conjunt , una inversi\u00f3 que en pocs anys tindr\u00e0 amortitzada a causa de l&#8217;estalvi energ\u00e8tic que proporciona. <a href=\"https:\/\/www.carpinteria-aluminio.cat\/ca\/contacto\/\" target=\"_blank\">Consulteu <\/a>els tipus de fusta aplicables a aquesta s\u00e8rie, aix\u00ed com preu o informaci\u00f3 addicional.<\/p>\n","protected":false},"excerpt":{"rendered":"<p>A PONSICO s.c.p. portem des de l&#8217;any 1988\u00a0treballant amb el fabricant de perfils d&#8217;alumini i accessoris ALUGOM i el seu representant a Catalunya ALUNORD. Dins de<span class=\"excerpt-hellip\"> [\u2026]<\/span><\/p>\n","protected":false},"author":5,"featured_media":8723,"comment_status":"open","ping_status":"open","sticky":false,"template":"","format":"standard","meta":{"_joinchat":[],"footnotes":""},"categories":[36],"tags":[],"class_list":["post-7224","post","type-post","status-publish","format-standard","has-post-thumbnail","hentry","category-noticies"],"aioseo_notices":[],"_links":{"self":[{"href":"https:\/\/www.carpinteria-aluminio.cat\/ca\/wp-json\/wp\/v2\/posts\/7224","targetHints":{"allow":["GET"]}}],"collection":[{"href":"https:\/\/www.carpinteria-aluminio.cat\/ca\/wp-json\/wp\/v2\/posts"}],"about":[{"href":"https:\/\/www.carpinteria-aluminio.cat\/ca\/wp-json\/wp\/v2\/types\/post"}],"author":[{"embeddable":true,"href":"https:\/\/www.carpinteria-aluminio.cat\/ca\/wp-json\/wp\/v2\/users\/5"}],"replies":[{"embeddable":true,"href":"https:\/\/www.carpinteria-aluminio.cat\/ca\/wp-json\/wp\/v2\/comments?post=7224"}],"version-history":[{"count":0,"href":"https:\/\/www.carpinteria-aluminio.cat\/ca\/wp-json\/wp\/v2\/posts\/7224\/revisions"}],"wp:featuredmedia":[{"embeddable":true,"href":"https:\/\/www.carpinteria-aluminio.cat\/ca\/wp-json\/wp\/v2\/media\/8723"}],"wp:attachment":[{"href":"https:\/\/www.carpinteria-aluminio.cat\/ca\/wp-json\/wp\/v2\/media?parent=7224"}],"wp:term":[{"taxonomy":"category","embeddable":true,"href":"https:\/\/www.carpinteria-aluminio.cat\/ca\/wp-json\/wp\/v2\/categories?post=7224"},{"taxonomy":"post_tag","embeddable":true,"href":"https:\/\/www.carpinteria-aluminio.cat\/ca\/wp-json\/wp\/v2\/tags?post=7224"}],"curies":[{"name":"wp","href":"https:\/\/api.w.org\/{rel}","templated":true}]}}