{"id":7227,"date":"2013-12-01T00:18:14","date_gmt":"2013-11-30T23:18:14","guid":{"rendered":"https:\/\/www.carpinteria-aluminio.cat\/estructura-divisoria-a-linterior-dun-habitatge-elaborada-amb-alumini-i-vidre-a-barcelona\/"},"modified":"2013-12-01T00:18:14","modified_gmt":"2013-11-30T23:18:14","slug":"estructura-divisoria-a-linterior-dun-habitatge-elaborada-amb-alumini-i-vidre-a-barcelona","status":"publish","type":"post","link":"https:\/\/www.carpinteria-aluminio.cat\/ca\/estructura-divisoria-a-linterior-dun-habitatge-elaborada-amb-alumini-i-vidre-a-barcelona\/","title":{"rendered":"Estructura divis\u00f2ria a l&#8217;interior d&#8217;un habitatge elaborada amb alumini i vidre a Barcelona"},"content":{"rendered":"<div id=\"attachment_3846\" style=\"width: 645px\" class=\"wp-caption alignleft\"><a href=\"https:\/\/www.carpinteria-aluminio.cat\/wp-content\/uploads\/2013\/11\/20131106_111314.jpg\" target=\"_blank\"><img loading=\"lazy\" decoding=\"async\" aria-describedby=\"caption-attachment-3846\" class=\" wp-image-3846 \" title=\"Divisi\u00f3 d'alumini a una habitaci\u00f3 d'una casa\" src=\"https:\/\/www.carpinteria-aluminio.cat\/wp-content\/uploads\/2013\/11\/20131106_111314-1024x768.jpg\" alt=\"Divisi\u00f3 d'alumini a una habitaci\u00f3 d'una casa\" width=\"635\" height=\"480\" \/><\/a><p id=\"caption-attachment-3846\" class=\"wp-caption-text\">Divisi\u00f3 d&#8217;alumini a una habitaci\u00f3 d&#8217;una casa<\/p><\/div>\n<p style=\"text-align: justify;\">Treball realitzat a una casa adossada al barri de Sant Gervasi de Barcelona. A una de les habitacions superiors el client necessitava tancar una de les entrades a la mateixa, ja que donava directament a l&#8217;escala. Entre les opcions de posar un env\u00e0 d&#8217;obra o una divisi\u00f3 <a href=\"https:\/\/www.carpinteria-aluminio.cat\/ca\/el-aluminio-informacion-sobre-su-origen-extraccion-composicion-reciclaje-ventajas-caracteristicas-y-cualidades-de-unos-de-los-materiales-mas-utilizados-en-la-industria-en-la-actualidad\/\" target=\"_blank\">d&#8217;alumini<\/a>, va optar per aquesta \u00faltima. Els avantatges s\u00f3n que no necessitem fer grans obres per tancar aquesta habitaci\u00f3, s&#8217;aprofita la majoria de llum natural de l&#8217;exterior ja que est\u00e0 formada majorit\u00e0riament per vidre i econ\u00f2micament surt beneficiada respecte a l&#8217;env\u00e0 d&#8217;obra. Aquesta estructura estava formada per les <a href=\"https:\/\/www.carpinteria-aluminio.cat\/ca\/servicios\/perfiles-ensayos-carpinteria-aluminio\/\" target=\"_blank\">s\u00e8ries <\/a><a href=\"https:\/\/www.carpinteria-aluminio.cat\/ca\/serie-stilo-50-de-alugom-por-ponsico-s-c-p-en-la-carpinteria-de-aluminio\/\" target=\"_blank\">Stilo-50<\/a> i <a href=\"https:\/\/www.carpinteria-aluminio.cat\/ca\/serie-corredera-a-70-de-alugom-por-ponsico-s-c-p-para-carpinteria-de-aluminio-en-barcelona\/\" target=\"_blank\">A-70<\/a>, les quals compaginen perfectament ja que tenen marcs de la mateixa profunditat. Estava elaborada amb <a href=\"https:\/\/www.carpinteria-aluminio.cat\/ca\/servicios\/acabados-carpinteria-aluminio-barcelona\/\" target=\"_blank\">l&#8217;acabat <\/a>lacat blanc i un <a href=\"https:\/\/www.carpinteria-aluminio.cat\/ca\/productos-carpinteria-aluminio-barcelona\/venta-vidrios-barcelona\/\" target=\"_blank\">vidre <\/a>laminat 3+3 transparent, el qual atorga seguretat en cas de trencament, ja que amb la seva l\u00e0mina interna impedeix la caiguda d&#8217;aquest. V\u00e0rem utilitzar marcs estrets de 43mm de profunditat per no reduir en exc\u00e9s l&#8217;espai a l&#8217;estada. La <a href=\"https:\/\/www.carpinteria-aluminio.cat\/ca\/productos-carpinteria-aluminio-barcelona\/puertas-aluminio-balconeras-aluminio-barcelona\/\" target=\"_blank\">porta <\/a>la v\u00e0rem elaborar amb manetes a dues cares, pany amb clau i obertura interna. Les juntes contra la paret van ser segellades amb massilla blanca pintable, i el contorn del vidre fix al lateral dret amb <a href=\"https:\/\/www.carpinteria-aluminio.cat\/ca\/sellado-de-silicona-neutra-de-gama-alta-en-puertas-y-ventanas-de-carpinteria-de-aluminio\/\" target=\"_blank\">silicona neutra<\/a> de color negre. Podem fabricar estructures de qualsevol mesura, adaptant-nos aix\u00ed a qualsevol forma o mida, i elaborar-les amb els acabats a gust de cada client. Aquest treball va ser instal\u00b7lat per tres treballadors en un mat\u00ed de treball, i no va comportar cap dificultat extra. <a href=\"https:\/\/www.carpinteria-aluminio.cat\/ca\/contacto\/\" target=\"_blank\">Consulteu <\/a>preus o qualsevol dubte que li pugui sorgir, l&#8217;atendrem sense comprom\u00eds .<\/p>\n","protected":false},"excerpt":{"rendered":"<p>Treball realitzat a una casa adossada al barri de Sant Gervasi de Barcelona. A una de les habitacions superiors el client necessitava tancar una de les<span class=\"excerpt-hellip\"> [\u2026]<\/span><\/p>\n","protected":false},"author":5,"featured_media":0,"comment_status":"open","ping_status":"open","sticky":false,"template":"","format":"standard","meta":{"_joinchat":[],"footnotes":""},"categories":[40],"tags":[],"class_list":["post-7227","post","type-post","status-publish","format-standard","hentry","category-treballs-realitzats"],"aioseo_notices":[],"_links":{"self":[{"href":"https:\/\/www.carpinteria-aluminio.cat\/ca\/wp-json\/wp\/v2\/posts\/7227","targetHints":{"allow":["GET"]}}],"collection":[{"href":"https:\/\/www.carpinteria-aluminio.cat\/ca\/wp-json\/wp\/v2\/posts"}],"about":[{"href":"https:\/\/www.carpinteria-aluminio.cat\/ca\/wp-json\/wp\/v2\/types\/post"}],"author":[{"embeddable":true,"href":"https:\/\/www.carpinteria-aluminio.cat\/ca\/wp-json\/wp\/v2\/users\/5"}],"replies":[{"embeddable":true,"href":"https:\/\/www.carpinteria-aluminio.cat\/ca\/wp-json\/wp\/v2\/comments?post=7227"}],"version-history":[{"count":0,"href":"https:\/\/www.carpinteria-aluminio.cat\/ca\/wp-json\/wp\/v2\/posts\/7227\/revisions"}],"wp:attachment":[{"href":"https:\/\/www.carpinteria-aluminio.cat\/ca\/wp-json\/wp\/v2\/media?parent=7227"}],"wp:term":[{"taxonomy":"category","embeddable":true,"href":"https:\/\/www.carpinteria-aluminio.cat\/ca\/wp-json\/wp\/v2\/categories?post=7227"},{"taxonomy":"post_tag","embeddable":true,"href":"https:\/\/www.carpinteria-aluminio.cat\/ca\/wp-json\/wp\/v2\/tags?post=7227"}],"curies":[{"name":"wp","href":"https:\/\/api.w.org\/{rel}","templated":true}]}}