{"id":7233,"date":"2013-12-08T12:43:47","date_gmt":"2013-12-08T11:43:47","guid":{"rendered":"https:\/\/www.carpinteria-aluminio.cat\/reixa-de-ferro-artesanal-amb-barrots-massissos-fabricada-a-mida-a-barcelona\/"},"modified":"2013-12-08T12:43:47","modified_gmt":"2013-12-08T11:43:47","slug":"reixa-de-ferro-artesanal-amb-barrots-massissos-fabricada-a-mida-a-barcelona","status":"publish","type":"post","link":"https:\/\/www.carpinteria-aluminio.cat\/ca\/reixa-de-ferro-artesanal-amb-barrots-massissos-fabricada-a-mida-a-barcelona\/","title":{"rendered":"Reixa de ferro artesanal amb barrots massissos fabricada a mida a Barcelona"},"content":{"rendered":"<div id=\"attachment_3955\" style=\"width: 285px\" class=\"wp-caption alignleft\"><a href=\"https:\/\/www.carpinteria-aluminio.cat\/wp-content\/uploads\/2013\/12\/20131118_134552.jpg\" target=\"_blank\"><img loading=\"lazy\" decoding=\"async\" aria-describedby=\"caption-attachment-3955\" class=\" wp-image-3955        \" title=\"Fabricaci\u00f3 artesanal de reixes de ferro massisses a Barcelona\" src=\"https:\/\/www.carpinteria-aluminio.cat\/wp-content\/uploads\/2013\/12\/20131118_134552-300x225.jpg\" alt=\"Fabricaci\u00f3 artesanal de reixes de ferro massisses a Barcelona\" width=\"275\" height=\"200\" \/><\/a><p id=\"caption-attachment-3955\" class=\"wp-caption-text\">Fabricaci\u00f3 artesanal de reixes de ferro massisses a Barcelona<\/p><\/div>\n<div id=\"attachment_3956\" style=\"width: 155px\" class=\"wp-caption alignleft\"><a href=\"https:\/\/www.carpinteria-aluminio.cat\/wp-content\/uploads\/2013\/12\/20131120_105811_HDR.jpg\" target=\"_blank\"><img loading=\"lazy\" decoding=\"async\" aria-describedby=\"caption-attachment-3956\" class=\" wp-image-3956       \" title=\"Reixa fixa de ferro amb barrots massissos\" src=\"https:\/\/www.carpinteria-aluminio.cat\/wp-content\/uploads\/2013\/12\/20131120_105811_HDR-225x300.jpg\" alt=\"Reixa fixa de ferro amb barrots massissos\" width=\"145\" height=\"200\" \/><\/a><p id=\"caption-attachment-3956\" class=\"wp-caption-text\">Reixa fixa de ferro amb barrots massissos<\/p><\/div>\n<div id=\"attachment_3957\" style=\"width: 155px\" class=\"wp-caption alignleft\"><a href=\"https:\/\/www.carpinteria-aluminio.cat\/wp-content\/uploads\/2013\/12\/20131120_105756_HDR.jpg\" target=\"_blank\"><img loading=\"lazy\" decoding=\"async\" aria-describedby=\"caption-attachment-3957\" class=\" wp-image-3957        \" title=\"Reixa de ferro color Ral especial\" src=\"https:\/\/www.carpinteria-aluminio.cat\/wp-content\/uploads\/2013\/12\/20131120_105756_HDR-225x300.jpg\" alt=\"Reixa de ferro color Ral especial\" width=\"145\" height=\"200\" \/><\/a><p id=\"caption-attachment-3957\" class=\"wp-caption-text\">Reixa de ferro color Ral especial<\/p><\/div>\n<p style=\"text-align: justify;\">Treball que consistia en la <a href=\"https:\/\/www.carpinteria-aluminio.cat\/ca\/servicios\/fabricacion\/\" target=\"_blank\">fabricaci\u00f3 <\/a>i <a href=\"https:\/\/www.carpinteria-aluminio.cat\/ca\/servicios\/instalacion\/\" target=\"_blank\">instal\u00b7laci\u00f3 <\/a>d&#8217;una reixa de ferro col\u00b7locada al barri de Sant Antoni de Barcelona. El client ens va demanar una reixa igual que les que tenia a l&#8217;escala comunit\u00e0ria del seu habitatge, a causa del deteriorament de l&#8217;antiga. Un cop preses les mesures, vam procedir a la seva fabricaci\u00f3. Amb barrots massissos de 2 cms di\u00e0metre i passamans de 4 x 0.5 cm, vam confeccionar la reixa tallant i sold\u00e1nt-la al nostre taller de la Sagrera, model fixe, \u00e9s a dir, sense possibilitat d&#8217;obertura. Els barrots massissos atorguen a la reixa m\u00e9s seguretat que els buits, aquests \u00faltims molt comuns a causa del seu baix cost. Posteriorment va ser pintada en un color especial a gust del client en aquest cas un color bordeus a joc amb la finestra existent. La instal\u00b7laci\u00f3 va ser r\u00e0pida ja que el desmuntar l&#8217;antiga reixa i instal\u00b7lar la nova no va durar m\u00e9s de dues hores de dos treballadors, amb el despla\u00e7ament incl\u00f2s. A PONSICO s.c.p., elaborem alguns models de <a href=\"https:\/\/www.carpinteria-aluminio.cat\/ca\/productos-carpinteria-aluminio-barcelona\/venta-mallorquinas-venecianas-rejas-barcelona\/\" target=\"_blank\">reixes<\/a>, com aquest per exemple, per\u00f2 podem instal\u00b7lar qualsevol d&#8217;ells gr\u00e0cies als nostres prove\u00efdors. <a href=\"https:\/\/www.carpinteria-aluminio.cat\/ca\/contacto\/\" target=\"_blank\">Consulti&#8217;ns <\/a>qualsevol dubte o aclariment que li pugui sorgir, l&#8217;atendrem sense comprom\u00eds.<\/p>\n<p>&nbsp;<\/p>\n","protected":false},"excerpt":{"rendered":"<p>Treball que consistia en la fabricaci\u00f3 i instal\u00b7laci\u00f3 d&#8217;una reixa de ferro col\u00b7locada al barri de Sant Antoni de Barcelona. El client ens va demanar una<span class=\"excerpt-hellip\"> [\u2026]<\/span><\/p>\n","protected":false},"author":5,"featured_media":0,"comment_status":"open","ping_status":"open","sticky":false,"template":"","format":"standard","meta":{"_joinchat":[],"footnotes":""},"categories":[40],"tags":[],"class_list":["post-7233","post","type-post","status-publish","format-standard","hentry","category-treballs-realitzats"],"aioseo_notices":[],"_links":{"self":[{"href":"https:\/\/www.carpinteria-aluminio.cat\/ca\/wp-json\/wp\/v2\/posts\/7233","targetHints":{"allow":["GET"]}}],"collection":[{"href":"https:\/\/www.carpinteria-aluminio.cat\/ca\/wp-json\/wp\/v2\/posts"}],"about":[{"href":"https:\/\/www.carpinteria-aluminio.cat\/ca\/wp-json\/wp\/v2\/types\/post"}],"author":[{"embeddable":true,"href":"https:\/\/www.carpinteria-aluminio.cat\/ca\/wp-json\/wp\/v2\/users\/5"}],"replies":[{"embeddable":true,"href":"https:\/\/www.carpinteria-aluminio.cat\/ca\/wp-json\/wp\/v2\/comments?post=7233"}],"version-history":[{"count":0,"href":"https:\/\/www.carpinteria-aluminio.cat\/ca\/wp-json\/wp\/v2\/posts\/7233\/revisions"}],"wp:attachment":[{"href":"https:\/\/www.carpinteria-aluminio.cat\/ca\/wp-json\/wp\/v2\/media?parent=7233"}],"wp:term":[{"taxonomy":"category","embeddable":true,"href":"https:\/\/www.carpinteria-aluminio.cat\/ca\/wp-json\/wp\/v2\/categories?post=7233"},{"taxonomy":"post_tag","embeddable":true,"href":"https:\/\/www.carpinteria-aluminio.cat\/ca\/wp-json\/wp\/v2\/tags?post=7233"}],"curies":[{"name":"wp","href":"https:\/\/api.w.org\/{rel}","templated":true}]}}