{"id":7245,"date":"2013-12-21T23:05:35","date_gmt":"2013-12-21T22:05:35","guid":{"rendered":"https:\/\/www.carpinteria-aluminio.cat\/porta-anti-robatori-de-seguretat-dentrada-a-habitatge-blindada-en-alumini-en-lacat-fusta-pi-nus-amb-pany-multi-punt-anti-palanca-a-prop-de-barcelona\/"},"modified":"2013-12-21T23:05:35","modified_gmt":"2013-12-21T22:05:35","slug":"porta-anti-robatori-de-seguretat-dentrada-a-habitatge-blindada-en-alumini-en-lacat-fusta-pi-nus-amb-pany-multi-punt-anti-palanca-a-prop-de-barcelona","status":"publish","type":"post","link":"https:\/\/www.carpinteria-aluminio.cat\/ca\/porta-anti-robatori-de-seguretat-dentrada-a-habitatge-blindada-en-alumini-en-lacat-fusta-pi-nus-amb-pany-multi-punt-anti-palanca-a-prop-de-barcelona\/","title":{"rendered":"Porta anti-robatori de seguretat d&#8217;entrada a habitatge blindada en alumini en lacat fusta pi nus amb pany multi-punt anti-palanca a prop de Barcelona."},"content":{"rendered":"<div id=\"attachment_4590\" style=\"width: 200px\" class=\"wp-caption alignleft\"><a href=\"https:\/\/www.carpinteria-aluminio.cat\/wp-content\/uploads\/2013\/12\/20131125_104409.jpg\" target=\"_blank\"><img loading=\"lazy\" decoding=\"async\" aria-describedby=\"caption-attachment-4590\" class=\" wp-image-4590  \" title=\"Porta d'entrada d'alumini\" src=\"https:\/\/www.carpinteria-aluminio.cat\/wp-content\/uploads\/2013\/12\/20131125_104409-225x300.jpg\" alt=\"Porta d'entrada d'alumini\" width=\"190\" height=\"265\" \/><\/a><p id=\"caption-attachment-4590\" class=\"wp-caption-text\">Porta d&#8217;entrada d&#8217;alumini<\/p><\/div>\n<div id=\"attachment_4591\" style=\"width: 200px\" class=\"wp-caption alignleft\"><a href=\"https:\/\/www.carpinteria-aluminio.cat\/wp-content\/uploads\/2013\/12\/20131125_104502.jpg\" target=\"_blank\"><img loading=\"lazy\" decoding=\"async\" aria-describedby=\"caption-attachment-4591\" class=\" wp-image-4591  \" title=\"Ferratges en negre forja\" src=\"https:\/\/www.carpinteria-aluminio.cat\/wp-content\/uploads\/2013\/12\/20131125_104502-225x300.jpg\" alt=\"Ferratges en negre forja\" width=\"190\" height=\"265\" \/><\/a><p id=\"caption-attachment-4591\" class=\"wp-caption-text\">Ferratges en negre forja<\/p><\/div>\n<div id=\"attachment_4592\" style=\"width: 200px\" class=\"wp-caption alignleft\"><a href=\"https:\/\/www.carpinteria-aluminio.cat\/wp-content\/uploads\/2013\/12\/20131125_104241.jpg\" target=\"_blank\"><img loading=\"lazy\" decoding=\"async\" aria-describedby=\"caption-attachment-4592\" class=\" wp-image-4592   \" title=\"Porta en lacat fusta\" src=\"https:\/\/www.carpinteria-aluminio.cat\/wp-content\/uploads\/2013\/12\/20131125_104241-225x300.jpg\" alt=\"Porta en lacat fusta\" width=\"190\" height=\"265\" \/><\/a><p id=\"caption-attachment-4592\" class=\"wp-caption-text\">Porta en lacat fusta<\/p><\/div>\n<p style=\"text-align: justify;\"><a href=\"https:\/\/www.carpinteria-aluminio.cat\/ca\/productos-carpinteria-aluminio-barcelona\/puertas-aluminio-balconeras-aluminio-barcelona\/\" target=\"_blank\">Porta <\/a>d&#8217;entrada a habitatge instal\u00b7lada a prop del poble de Cervell\u00f3 a pocs quil\u00f2metres de Barcelona. \u00c9s una porta <a href=\"https:\/\/www.carpinteria-aluminio.cat\/ca\/el-aluminio-informacion-sobre-su-origen-extraccion-composicion-reciclaje-ventajas-caracteristicas-y-cualidades-de-unos-de-los-materiales-mas-utilizados-en-la-industria-en-la-actualidad\/\" target=\"_blank\">d&#8217;alumini <\/a>en <a href=\"https:\/\/www.carpinteria-aluminio.cat\/ca\/servicios\/acabados-carpinteria-aluminio-barcelona\/\" target=\"_blank\">acabat <\/a>lacat fusta pi nus al seu exterior, fusta laminada al seu interior amb planxa met\u00e0l\u00b7lica interna, convertint-la en blindada. Les ferramentes s\u00f3n en negre forja, tant manilles com bulons, detalls singulars d&#8217;aquest model anomenat Castellano. \u00c9s un tipus de porta robusta i s\u00f2lida, que atorga la seguretat necess\u00e0ria per a qualsevol habitatge familiar. Incorpora un clausor especial per a claus de seguretat anti-c\u00f2pia, el qual no es pot trencar mitjan\u00e7ant un trepant, com la majoria dels mateixos. Tamb\u00e9 disposa d&#8217;un pany de seguretat multipunt antipalanca de 3 punts amb 10 bulons, com podem apreciar en la segona imatge. La porta incorpora tamb\u00e9 una frontissa d&#8217;alta seguretat antipalanca de platina llarga de 5 nusos, amb botons interiors de tancament. Pel que fa a hermeticitat aquest tipus de porta incorpora una goma al contorn de la fulla per evitar el pas de l&#8217;aire, a m\u00e9s d&#8217;un tallavents de goma tipus guillotina amb tancament frontissa interior a la part inferior de la porta, on no hi ha marc, per garantir la seva hermeticitat. Pel que fa a transmit\u00e0ncia t\u00e8rmica, aquesta porta d\u00f3na bons resultats, ja que la seva fusta interna fa d&#8217;a\u00efllant natural de la temperatura exterior, millorant aix\u00ed la seva efici\u00e8ncia. A m\u00e9s, com que en aquest tipus de portes es sol extreure els antics marcs de fusta per poder guanyar pas a l&#8217;entrada, injectem escuma de <a href=\"https:\/\/www.carpinteria-aluminio.cat\/ca\/la-eficacia-de-la-espuma-de-poliuretano-en-puertas-y-ventanas\/\" target=\"_blank\">poliuret\u00e0 <\/a>entre el marc d&#8217;alumini i la paret d&#8217;obra, assegurant aix\u00ed una hermeticitat i solidesa que amb un altre material no aconseguir\u00edem. Despr\u00e9s folrem aquesta escuma amb xapa d&#8217;alumini del mateix acabat, i \u00e9s segellada amb <a href=\"https:\/\/www.carpinteria-aluminio.cat\/ca\/sellado-de-silicona-neutra-de-gama-alta-en-puertas-y-ventanas-de-carpinteria-de-aluminio\/\" target=\"_blank\">silicona neutra<\/a>, en aquest cas de color negre. Aquesta porta va ser instal\u00b7lada per 3 treballadors en un mat\u00ed de treball. <a href=\"https:\/\/www.carpinteria-aluminio.cat\/ca\/contacto\/\" target=\"_blank\">Consulti <\/a>sense comprom\u00eds preu o qualsevol dubte que li pugui sorgir.<\/p>\n<p>&nbsp;<\/p>\n","protected":false},"excerpt":{"rendered":"<p>Porta d&#8217;entrada a habitatge instal\u00b7lada a prop del poble de Cervell\u00f3 a pocs quil\u00f2metres de Barcelona. \u00c9s una porta d&#8217;alumini en acabat lacat fusta pi nus<span class=\"excerpt-hellip\"> [\u2026]<\/span><\/p>\n","protected":false},"author":5,"featured_media":0,"comment_status":"open","ping_status":"open","sticky":false,"template":"","format":"standard","meta":{"_joinchat":[],"footnotes":""},"categories":[40],"tags":[],"class_list":["post-7245","post","type-post","status-publish","format-standard","hentry","category-treballs-realitzats"],"aioseo_notices":[],"_links":{"self":[{"href":"https:\/\/www.carpinteria-aluminio.cat\/ca\/wp-json\/wp\/v2\/posts\/7245","targetHints":{"allow":["GET"]}}],"collection":[{"href":"https:\/\/www.carpinteria-aluminio.cat\/ca\/wp-json\/wp\/v2\/posts"}],"about":[{"href":"https:\/\/www.carpinteria-aluminio.cat\/ca\/wp-json\/wp\/v2\/types\/post"}],"author":[{"embeddable":true,"href":"https:\/\/www.carpinteria-aluminio.cat\/ca\/wp-json\/wp\/v2\/users\/5"}],"replies":[{"embeddable":true,"href":"https:\/\/www.carpinteria-aluminio.cat\/ca\/wp-json\/wp\/v2\/comments?post=7245"}],"version-history":[{"count":0,"href":"https:\/\/www.carpinteria-aluminio.cat\/ca\/wp-json\/wp\/v2\/posts\/7245\/revisions"}],"wp:attachment":[{"href":"https:\/\/www.carpinteria-aluminio.cat\/ca\/wp-json\/wp\/v2\/media?parent=7245"}],"wp:term":[{"taxonomy":"category","embeddable":true,"href":"https:\/\/www.carpinteria-aluminio.cat\/ca\/wp-json\/wp\/v2\/categories?post=7245"},{"taxonomy":"post_tag","embeddable":true,"href":"https:\/\/www.carpinteria-aluminio.cat\/ca\/wp-json\/wp\/v2\/tags?post=7245"}],"curies":[{"name":"wp","href":"https:\/\/api.w.org\/{rel}","templated":true}]}}