{"id":7251,"date":"2013-12-27T11:12:05","date_gmt":"2013-12-27T10:12:05","guid":{"rendered":"https:\/\/www.carpinteria-aluminio.cat\/porta-de-vidre-lliscant-de-dues-fulles-de-fabricacio-propia-de-pas-complert-adaptada-per-a-persones-de-mobilitat-reduida-a-barcelona\/"},"modified":"2013-12-27T11:12:05","modified_gmt":"2013-12-27T10:12:05","slug":"porta-de-vidre-lliscant-de-dues-fulles-de-fabricacio-propia-de-pas-complert-adaptada-per-a-persones-de-mobilitat-reduida-a-barcelona","status":"publish","type":"post","link":"https:\/\/www.carpinteria-aluminio.cat\/ca\/porta-de-vidre-lliscant-de-dues-fulles-de-fabricacio-propia-de-pas-complert-adaptada-per-a-persones-de-mobilitat-reduida-a-barcelona\/","title":{"rendered":"Porta de vidre lliscant de dues fulles de fabricaci\u00f3 pr\u00f2pia de pas complert adaptada per a persones de mobilitat redu\u00efda a Barcelona"},"content":{"rendered":"<div id=\"attachment_4614\" style=\"width: 310px\" class=\"wp-caption alignleft\"><a href=\"https:\/\/www.carpinteria-aluminio.cat\/wp-content\/uploads\/2013\/12\/20131120_141256_HDR.jpg\" target=\"_blank\"><img loading=\"lazy\" decoding=\"async\" aria-describedby=\"caption-attachment-4614\" class=\" wp-image-4614  \" title=\"Porta de vidre lliscant\" src=\"https:\/\/www.carpinteria-aluminio.cat\/wp-content\/uploads\/2013\/12\/20131120_141256_HDR-225x300.jpg\" alt=\"Porta de vidre lliscant\" width=\"300\" height=\"375\" \/><\/a><p id=\"caption-attachment-4614\" class=\"wp-caption-text\">Porta de vidre lliscant<\/p><\/div>\n<div id=\"attachment_4613\" style=\"width: 310px\" class=\"wp-caption alignleft\"><a href=\"https:\/\/www.carpinteria-aluminio.cat\/wp-content\/uploads\/2013\/12\/20131120_141304_HDR.jpg\" target=\"_blank\"><img loading=\"lazy\" decoding=\"async\" aria-describedby=\"caption-attachment-4613\" class=\" wp-image-4613   \" title=\"Porta de vidre adaptada\" src=\"https:\/\/www.carpinteria-aluminio.cat\/wp-content\/uploads\/2013\/12\/20131120_141304_HDR-225x300.jpg\" alt=\"Porta de vidre adaptada\" width=\"300\" height=\"375\" \/><\/a><p id=\"caption-attachment-4613\" class=\"wp-caption-text\">Porta de vidre adaptada<\/p><\/div>\n<div id=\"attachment_4612\" style=\"width: 310px\" class=\"wp-caption alignleft\"><a href=\"https:\/\/www.carpinteria-aluminio.cat\/wp-content\/uploads\/2013\/12\/20131120_141320_HDR-1.jpg\" target=\"_blank\"><img loading=\"lazy\" decoding=\"async\" aria-describedby=\"caption-attachment-4612\" class=\" wp-image-4612  \" title=\"Porta de vidre de dues fulles\" src=\"https:\/\/www.carpinteria-aluminio.cat\/wp-content\/uploads\/2013\/12\/20131120_141320_HDR-1-225x300.jpg\" alt=\"Porta de vidre de dues fulles\" width=\"300\" height=\"375\" \/><\/a><p id=\"caption-attachment-4612\" class=\"wp-caption-text\">Porta de vidre de dues fulles<\/p><\/div>\n<div id=\"attachment_4611\" style=\"width: 310px\" class=\"wp-caption alignleft\"><a href=\"https:\/\/www.carpinteria-aluminio.cat\/wp-content\/uploads\/2013\/12\/20131120_141339_HDR-1.jpg\" target=\"_blank\"><img loading=\"lazy\" decoding=\"async\" aria-describedby=\"caption-attachment-4611\" class=\" wp-image-4611  \" title=\"Porta de pas complet\" src=\"https:\/\/www.carpinteria-aluminio.cat\/wp-content\/uploads\/2013\/12\/20131120_141339_HDR-1-225x300.jpg\" alt=\"Porta de pas complet\" width=\"300\" height=\"375\" \/><\/a><p id=\"caption-attachment-4611\" class=\"wp-caption-text\">Porta de pas complet<\/p><\/div>\n<p style=\"text-align: justify;\">Treball realitzat en un bar del barri de La Nova Esquerra de l&#8217;Eixample de Barcelona. En aquest cas el client ens va comentar que volia una <a href=\"https:\/\/www.carpinteria-aluminio.cat\/ca\/productos-carpinteria-aluminio-barcelona\/puertas-aluminio-balconeras-aluminio-barcelona\/\" target=\"_blank\">porta <\/a>per poder guanyar el m\u00e0xim de pas d&#8217;entrada al bany, per poder aix\u00ed complir amb la normativa d&#8217;acc\u00e9s per a persones amb mobilitat redu\u00efda. Entre les opcions que teniem aquesta era la m\u00e9s convenient en preu i accessibilitat. Consistia en una porta de fabricaci\u00f3 pr\u00f2pia elaborada artesanalment, de dues fulles lliscants, les quals un cop obertes deixen el 100% del pas lliure per a un acc\u00e9s c\u00f2mode. La porta estava composta per dos <a href=\"https:\/\/www.carpinteria-aluminio.cat\/ca\/productos-carpinteria-aluminio-barcelona\/venta-vidrios-barcelona\/\" target=\"_blank\">vidres <\/a>matejats temperats, per donar seguretat en cas de trencament. El s\u00f2col inferior del vidre i la guia superior eren <a href=\"https:\/\/www.carpinteria-aluminio.cat\/ca\/el-aluminio-informacion-sobre-su-origen-extraccion-composicion-reciclaje-ventajas-caracteristicas-y-cualidades-de-unos-de-los-materiales-mas-utilizados-en-la-industria-en-la-actualidad\/\" target=\"_blank\">d&#8217;alumini <\/a>en <a href=\"https:\/\/www.carpinteria-aluminio.cat\/ca\/servicios\/acabados-carpinteria-aluminio-barcelona\/\" target=\"_blank\">acabat <\/a>plata mate. La tanca i tirador eren d&#8217;acer inoxidable, els quals van ser enganxats al vidre durant la instal\u00b7laci\u00f3 mitjan\u00e7ant un <a href=\"https:\/\/www.carpinteria-aluminio.cat\/ca\/adhesivo-anaerobico-con-activacion-ultravioleta-para-soldar-piezas-al-vidrio-o-vidrios-entre-si\/\" target=\"_blank\">adhesiu anaer\u00f2bic<\/a>. La porta incorporava un sistema semblant al de les <a href=\"https:\/\/www.carpinteria-aluminio.cat\/ca\/productos-carpinteria-aluminio-barcelona\/mamparas-de-bano\/\" target=\"_blank\">mampares <\/a>de bany, el qual un vidre tira de l&#8217;altre per a la seva obertura i tancament. Podem realitzar portes i finestres de tot tipus ja que som fabricants, adaptant-nos a les exig\u00e8ncies de cada treball i acabats a gust de cada client.<\/p>\n<p>&nbsp;<\/p>\n","protected":false},"excerpt":{"rendered":"<p>Treball realitzat en un bar del barri de La Nova Esquerra de l&#8217;Eixample de Barcelona. En aquest cas el client ens va comentar que volia una<span class=\"excerpt-hellip\"> [\u2026]<\/span><\/p>\n","protected":false},"author":5,"featured_media":0,"comment_status":"open","ping_status":"open","sticky":false,"template":"","format":"standard","meta":{"_joinchat":[],"footnotes":""},"categories":[40],"tags":[],"class_list":["post-7251","post","type-post","status-publish","format-standard","hentry","category-treballs-realitzats"],"aioseo_notices":[],"_links":{"self":[{"href":"https:\/\/www.carpinteria-aluminio.cat\/ca\/wp-json\/wp\/v2\/posts\/7251","targetHints":{"allow":["GET"]}}],"collection":[{"href":"https:\/\/www.carpinteria-aluminio.cat\/ca\/wp-json\/wp\/v2\/posts"}],"about":[{"href":"https:\/\/www.carpinteria-aluminio.cat\/ca\/wp-json\/wp\/v2\/types\/post"}],"author":[{"embeddable":true,"href":"https:\/\/www.carpinteria-aluminio.cat\/ca\/wp-json\/wp\/v2\/users\/5"}],"replies":[{"embeddable":true,"href":"https:\/\/www.carpinteria-aluminio.cat\/ca\/wp-json\/wp\/v2\/comments?post=7251"}],"version-history":[{"count":0,"href":"https:\/\/www.carpinteria-aluminio.cat\/ca\/wp-json\/wp\/v2\/posts\/7251\/revisions"}],"wp:attachment":[{"href":"https:\/\/www.carpinteria-aluminio.cat\/ca\/wp-json\/wp\/v2\/media?parent=7251"}],"wp:term":[{"taxonomy":"category","embeddable":true,"href":"https:\/\/www.carpinteria-aluminio.cat\/ca\/wp-json\/wp\/v2\/categories?post=7251"},{"taxonomy":"post_tag","embeddable":true,"href":"https:\/\/www.carpinteria-aluminio.cat\/ca\/wp-json\/wp\/v2\/tags?post=7251"}],"curies":[{"name":"wp","href":"https:\/\/api.w.org\/{rel}","templated":true}]}}