{"id":7275,"date":"2014-01-10T23:34:12","date_gmt":"2014-01-10T22:34:12","guid":{"rendered":"https:\/\/www.carpinteria-aluminio.cat\/portes-i-finestres-dalumini-de-la-serie-stilo-60-rpt-de-fabricacio-propia-amb-acabat-lacat-ral-7022-amb-vidres-termics-i-acustics-a-un-pis-de-barcelona\/"},"modified":"2014-01-10T23:34:12","modified_gmt":"2014-01-10T22:34:12","slug":"portes-i-finestres-dalumini-de-la-serie-stilo-60-rpt-de-fabricacio-propia-amb-acabat-lacat-ral-7022-amb-vidres-termics-i-acustics-a-un-pis-de-barcelona","status":"publish","type":"post","link":"https:\/\/www.carpinteria-aluminio.cat\/ca\/portes-i-finestres-dalumini-de-la-serie-stilo-60-rpt-de-fabricacio-propia-amb-acabat-lacat-ral-7022-amb-vidres-termics-i-acustics-a-un-pis-de-barcelona\/","title":{"rendered":"Portes i finestres d&#8217;alumini de la s\u00e8rie Stilo-60 RPT de fabricaci\u00f3 pr\u00f2pia amb acabat lacat RAL 7022 amb vidres t\u00e8rmics i ac\u00fastics a un pis de Barcelona"},"content":{"rendered":"<div id=\"attachment_4710\" style=\"width: 310px\" class=\"wp-caption alignleft\"><a href=\"https:\/\/www.carpinteria-aluminio.cat\/wp-content\/uploads\/2014\/01\/20131209_100827.jpg\" target=\"_blank\"><img loading=\"lazy\" decoding=\"async\" aria-describedby=\"caption-attachment-4710\" class=\" wp-image-4710  \" title=\"Ascens del material per la fa\u00e7ana\" src=\"https:\/\/www.carpinteria-aluminio.cat\/wp-content\/uploads\/2014\/01\/20131209_100827-300x225.jpg\" alt=\"Ascens del material per la fa\u00e7ana\" width=\"300\" height=\"225\" srcset=\"https:\/\/www.carpinteria-aluminio.cat\/wp-content\/uploads\/2014\/01\/20131209_100827-300x225.jpg 300w, https:\/\/www.carpinteria-aluminio.cat\/wp-content\/uploads\/2014\/01\/20131209_100827-1024x768.jpg 1024w, https:\/\/www.carpinteria-aluminio.cat\/wp-content\/uploads\/2014\/01\/20131209_100827-500x375.jpg 500w\" sizes=\"auto, (max-width:767px) 300px, 300px\" \/><\/a><p id=\"caption-attachment-4710\" class=\"wp-caption-text\">Ascens del material per la fa\u00e7ana<\/p><\/div>\n<div id=\"attachment_4711\" style=\"width: 310px\" class=\"wp-caption alignleft\"><a href=\"https:\/\/www.carpinteria-aluminio.cat\/wp-content\/uploads\/2014\/01\/20131209_165032_HDR.jpg\" target=\"_blank\"><img loading=\"lazy\" decoding=\"async\" aria-describedby=\"caption-attachment-4711\" class=\" wp-image-4711  \" title=\"Porta i vidre fixe de sortida a la terrassa\" src=\"https:\/\/www.carpinteria-aluminio.cat\/wp-content\/uploads\/2014\/01\/20131209_165032_HDR-300x225.jpg\" alt=\"Porta i vidre fixe de sortida a la terrassa\" width=\"300\" height=\"225\" srcset=\"https:\/\/www.carpinteria-aluminio.cat\/wp-content\/uploads\/2014\/01\/20131209_165032_HDR-300x225.jpg 300w, https:\/\/www.carpinteria-aluminio.cat\/wp-content\/uploads\/2014\/01\/20131209_165032_HDR-1024x768.jpg 1024w, https:\/\/www.carpinteria-aluminio.cat\/wp-content\/uploads\/2014\/01\/20131209_165032_HDR-500x375.jpg 500w\" sizes=\"auto, (max-width:767px) 300px, 300px\" \/><\/a><p id=\"caption-attachment-4711\" class=\"wp-caption-text\">Porta i vidre fixe de sortida a la terrassa<\/p><\/div>\n<div id=\"attachment_4712\" style=\"width: 310px\" class=\"wp-caption alignleft\"><a href=\"https:\/\/www.carpinteria-aluminio.cat\/wp-content\/uploads\/2014\/01\/20131209_165016_HDR.jpg\" target=\"_blank\"><img loading=\"lazy\" decoding=\"async\" aria-describedby=\"caption-attachment-4712\" class=\" wp-image-4712  \" title=\"Finestra de doble fulla amb vidres t\u00e8rmics i ac\u00fastics\" src=\"https:\/\/www.carpinteria-aluminio.cat\/wp-content\/uploads\/2014\/01\/20131209_165016_HDR-300x225.jpg\" alt=\"Finestra de doble fulla amb vidres t\u00e8rmics i ac\u00fastics\" width=\"300\" height=\"225\" srcset=\"https:\/\/www.carpinteria-aluminio.cat\/wp-content\/uploads\/2014\/01\/20131209_165016_HDR-300x225.jpg 300w, https:\/\/www.carpinteria-aluminio.cat\/wp-content\/uploads\/2014\/01\/20131209_165016_HDR-1024x768.jpg 1024w, https:\/\/www.carpinteria-aluminio.cat\/wp-content\/uploads\/2014\/01\/20131209_165016_HDR-500x375.jpg 500w\" sizes=\"auto, (max-width:767px) 300px, 300px\" \/><\/a><p id=\"caption-attachment-4712\" class=\"wp-caption-text\">Finestra de doble fulla amb vidres t\u00e8rmics i ac\u00fastics<\/p><\/div>\n<div id=\"attachment_4714\" style=\"width: 310px\" class=\"wp-caption alignleft\"><a href=\"https:\/\/www.carpinteria-aluminio.cat\/wp-content\/uploads\/2014\/01\/20131209_165917_HDR.jpg\" target=\"_blank\"><img loading=\"lazy\" decoding=\"async\" aria-describedby=\"caption-attachment-4714\" class=\" wp-image-4714  \" title=\"Porta i vidre fixe de sortida al balc\u00f3\" src=\"https:\/\/www.carpinteria-aluminio.cat\/wp-content\/uploads\/2014\/01\/20131209_165917_HDR-300x225.jpg\" alt=\"Porta i vidre fixe de sortida al balc\u00f3\" width=\"300\" height=\"225\" srcset=\"https:\/\/www.carpinteria-aluminio.cat\/wp-content\/uploads\/2014\/01\/20131209_165917_HDR-300x225.jpg 300w, https:\/\/www.carpinteria-aluminio.cat\/wp-content\/uploads\/2014\/01\/20131209_165917_HDR-1024x768.jpg 1024w, https:\/\/www.carpinteria-aluminio.cat\/wp-content\/uploads\/2014\/01\/20131209_165917_HDR-500x375.jpg 500w\" sizes=\"auto, (max-width:767px) 300px, 300px\" \/><\/a><p id=\"caption-attachment-4714\" class=\"wp-caption-text\">Porta i vidre fixe de sortida al balc\u00f3<\/p><\/div>\n<div id=\"attachment_4717\" style=\"width: 310px\" class=\"wp-caption alignleft\"><a href=\"https:\/\/www.carpinteria-aluminio.cat\/wp-content\/uploads\/2014\/01\/20131209_163707.jpg\" target=\"_blank\"><img loading=\"lazy\" decoding=\"async\" aria-describedby=\"caption-attachment-4717\" class=\" wp-image-4717 \" title=\"Moment del folrat exterior de les finestres\" src=\"https:\/\/www.carpinteria-aluminio.cat\/wp-content\/uploads\/2014\/01\/20131209_163707-300x225.jpg\" alt=\"Moment del folrat exterior de les finestres\" width=\"300\" height=\"225\" srcset=\"https:\/\/www.carpinteria-aluminio.cat\/wp-content\/uploads\/2014\/01\/20131209_163707-300x225.jpg 300w, https:\/\/www.carpinteria-aluminio.cat\/wp-content\/uploads\/2014\/01\/20131209_163707-1024x768.jpg 1024w, https:\/\/www.carpinteria-aluminio.cat\/wp-content\/uploads\/2014\/01\/20131209_163707-500x375.jpg 500w\" sizes=\"auto, (max-width:767px) 300px, 300px\" \/><\/a><p id=\"caption-attachment-4717\" class=\"wp-caption-text\">Moment del folrat exterior de les finestres<\/p><\/div>\n<div id=\"attachment_4716\" style=\"width: 310px\" class=\"wp-caption alignleft\"><a href=\"https:\/\/www.carpinteria-aluminio.cat\/wp-content\/uploads\/2014\/01\/20131209_163920.jpg\" target=\"_blank\"><img loading=\"lazy\" decoding=\"async\" aria-describedby=\"caption-attachment-4716\" class=\" wp-image-4716 \" title=\"Finestra vista des de l'exterior un cop acabada\" src=\"https:\/\/www.carpinteria-aluminio.cat\/wp-content\/uploads\/2014\/01\/20131209_163920-300x225.jpg\" alt=\"Finestra vista des de l'exterior un cop acabada\" width=\"300\" height=\"225\" srcset=\"https:\/\/www.carpinteria-aluminio.cat\/wp-content\/uploads\/2014\/01\/20131209_163920-300x225.jpg 300w, https:\/\/www.carpinteria-aluminio.cat\/wp-content\/uploads\/2014\/01\/20131209_163920-1024x768.jpg 1024w, https:\/\/www.carpinteria-aluminio.cat\/wp-content\/uploads\/2014\/01\/20131209_163920-500x375.jpg 500w\" sizes=\"auto, (max-width:767px) 300px, 300px\" \/><\/a><p id=\"caption-attachment-4716\" class=\"wp-caption-text\">Finestra vista des de l&#8217;exterior un cop acabada<\/p><\/div>\n<p style=\"text-align: justify;\">Treball realitzat al barri de Sant Mart\u00ed de Proven\u00e7als de Barcelona. Consistia en la <a href=\"https:\/\/www.carpinteria-aluminio.cat\/ca\/servicios\/fabricacion\/\" target=\"_blank\">fabricaci\u00f3 <\/a>i <a href=\"https:\/\/www.carpinteria-aluminio.cat\/ca\/servicios\/instalacion\/\" target=\"_blank\">instal\u00b7laci\u00f3 <\/a>de tres <a href=\"https:\/\/www.carpinteria-aluminio.cat\/ca\/productos-carpinteria-aluminio-barcelona\/venta-ventanas-aluminio-barcelona\/\" target=\"_blank\">finestres <\/a>de doble fulla i dues <a href=\"https:\/\/www.carpinteria-aluminio.cat\/ca\/productos-carpinteria-aluminio-barcelona\/puertas-aluminio-balconeras-aluminio-barcelona\/\" target=\"_blank\">portes <\/a>amb <a href=\"https:\/\/www.carpinteria-aluminio.cat\/ca\/productos-carpinteria-aluminio-barcelona\/venta-vidrios-barcelona\/\" target=\"_blank\">vidre <\/a>fixe lateral, elaborades amb el material de la <a href=\"https:\/\/www.carpinteria-aluminio.cat\/ca\/servicios\/perfiles-ensayos-carpinteria-aluminio\/\" target=\"_blank\">s\u00e8rie <\/a><a href=\"https:\/\/www.carpinteria-aluminio.cat\/ca\/serie-practicable-stilo-60-rpt-de-alugom-por-ponsico-s-c-p-para-carpinteria-de-aluminio-en-barcelona\/\" target=\"_blank\">Stilo-60<\/a> amb trencament de pont t\u00e8rmic i amb <a href=\"https:\/\/www.carpinteria-aluminio.cat\/ca\/servicios\/acabados-carpinteria-aluminio-barcelona\/\" target=\"_blank\">l&#8217;acabat <\/a>lacat RAL 7022. En aquest cas el client volia a\u00efllar el seu habitatge del soroll ja que estava situada davant de la Gran Via de les Corts Catalanes de Barcelona, on el tr\u00e0nsit de vehicles \u00e9s constant i molest. Per a aix\u00f2 v\u00e0rem utilitzar el vidre 3+3 butylat ac\u00fastic\/12\/4 Guardian Sun, vidre <a href=\"https:\/\/www.carpinteria-aluminio.cat\/ca\/vidrios-acusticos\/\" target=\"_blank\">ac\u00fastic <\/a>amb el qual vam aconseguir reduir uns 50 decibels de molest soroll, i a m\u00e9s t\u00e8rmic gr\u00e0cies al tractament <a href=\"https:\/\/www.carpinteria-aluminio.cat\/ca\/vidrio-inteligente\/\" target=\"_blank\">Guardian Sun<\/a> , el qual \u00e9s quatre vegades m\u00e9s eficient que el vidre simple o monol\u00edtic. A m\u00e9s , gr\u00e0cies al trencament de pont t\u00e8rmic ( RPT ) a la perfileria, vam aconseguir encara m\u00e9s efici\u00e8ncia t\u00e8rmica, ja que <a href=\"https:\/\/www.carpinteria-aluminio.cat\/ca\/el-aluminio-informacion-sobre-su-origen-extraccion-composicion-reciclaje-ventajas-caracteristicas-y-cualidades-de-unos-de-los-materiales-mas-utilizados-en-la-industria-en-la-actualidad\/\" target=\"_blank\">l&#8217;alumini <\/a>no condueix la temperatura exterior a l&#8217;interior de l&#8217;habitatge, ja que la poliamida que incorpora ho impedeix. Els vidres m\u00e9s grans vam haver pujar-los per la fa\u00e7ana mitjan\u00e7ant un elevador, ja que el vidre m\u00e9s gran pesava 100 quilos, i l&#8217;escala tenia mal gir. El vidre \u00e9s un element crucial en un <a href=\"https:\/\/www.carpinteria-aluminio.cat\/ca\/productos-carpinteria-aluminio-barcelona\/cerramientos-barcelona\/\" target=\"_blank\">tancament<\/a>, ja que \u00e9s el que ocupa la major superf\u00edcie del mateix, per a albergar bons vidres s\u00f3n necessaris bons perfils com la Stilo-60, el qual gr\u00e0cies al seva fulla de 60 mm de gruix podem incorporar vidres amples i pesants. Durant la instal\u00b7laci\u00f3 vam injectar <a href=\"https:\/\/www.carpinteria-aluminio.cat\/ca\/la-eficacia-de-la-espuma-de-poliuretano-en-puertas-y-ventanas\/\" target=\"_blank\">escuma de poliuret\u00e0<\/a> al contorn dels nous marcs, la qual va ser folrada amb xapa d&#8217;alumini del mateix acabat que la finestra, i posteriorment segellada amb <a href=\"https:\/\/www.carpinteria-aluminio.cat\/ca\/sellado-de-silicona-neutra-de-gama-alta-en-puertas-y-ventanas-de-carpinteria-de-aluminio\/\" target=\"_blank\">silicona neutra<\/a> de color negre. Aquest treball va durar un dia sencer de quatre treballadors, i no va comportar cap dificultat extra que no fos previsible pr\u00e8viament.<\/p>\n<p>&nbsp;<\/p>\n","protected":false},"excerpt":{"rendered":"<p>Treball realitzat al barri de Sant Mart\u00ed de Proven\u00e7als de Barcelona. Consistia en la fabricaci\u00f3 i instal\u00b7laci\u00f3 de tres finestres de doble fulla i dues portes<span class=\"excerpt-hellip\"> [\u2026]<\/span><\/p>\n","protected":false},"author":5,"featured_media":0,"comment_status":"open","ping_status":"open","sticky":false,"template":"","format":"standard","meta":{"_joinchat":[],"footnotes":""},"categories":[40],"tags":[],"class_list":["post-7275","post","type-post","status-publish","format-standard","hentry","category-treballs-realitzats"],"aioseo_notices":[],"_links":{"self":[{"href":"https:\/\/www.carpinteria-aluminio.cat\/ca\/wp-json\/wp\/v2\/posts\/7275","targetHints":{"allow":["GET"]}}],"collection":[{"href":"https:\/\/www.carpinteria-aluminio.cat\/ca\/wp-json\/wp\/v2\/posts"}],"about":[{"href":"https:\/\/www.carpinteria-aluminio.cat\/ca\/wp-json\/wp\/v2\/types\/post"}],"author":[{"embeddable":true,"href":"https:\/\/www.carpinteria-aluminio.cat\/ca\/wp-json\/wp\/v2\/users\/5"}],"replies":[{"embeddable":true,"href":"https:\/\/www.carpinteria-aluminio.cat\/ca\/wp-json\/wp\/v2\/comments?post=7275"}],"version-history":[{"count":0,"href":"https:\/\/www.carpinteria-aluminio.cat\/ca\/wp-json\/wp\/v2\/posts\/7275\/revisions"}],"wp:attachment":[{"href":"https:\/\/www.carpinteria-aluminio.cat\/ca\/wp-json\/wp\/v2\/media?parent=7275"}],"wp:term":[{"taxonomy":"category","embeddable":true,"href":"https:\/\/www.carpinteria-aluminio.cat\/ca\/wp-json\/wp\/v2\/categories?post=7275"},{"taxonomy":"post_tag","embeddable":true,"href":"https:\/\/www.carpinteria-aluminio.cat\/ca\/wp-json\/wp\/v2\/tags?post=7275"}],"curies":[{"name":"wp","href":"https:\/\/api.w.org\/{rel}","templated":true}]}}