{"id":7281,"date":"2014-01-14T22:24:43","date_gmt":"2014-01-14T21:24:43","guid":{"rendered":"https:\/\/www.carpinteria-aluminio.cat\/vidre-simple-o-monolitic-translucid-armat-a-la-fusteria-dalumini-ponsico-s-c-p-a-barcelona\/"},"modified":"2014-01-14T22:24:43","modified_gmt":"2014-01-14T21:24:43","slug":"vidre-simple-o-monolitic-translucid-armat-a-la-fusteria-dalumini-ponsico-s-c-p-a-barcelona","status":"publish","type":"post","link":"https:\/\/www.carpinteria-aluminio.cat\/ca\/vidre-simple-o-monolitic-translucid-armat-a-la-fusteria-dalumini-ponsico-s-c-p-a-barcelona\/","title":{"rendered":"Vidre simple o monol\u00edtic transl\u00facid Armat a la fusteria d&#8217;alumini PONSICO s.c.p. a Barcelona"},"content":{"rendered":"<div id=\"attachment_2085\" style=\"width: 645px\" class=\"wp-caption alignleft\"><a href=\"https:\/\/www.carpinteria-aluminio.cat\/wp-content\/uploads\/2012\/08\/IMG_2069_resized.jpg\" target=\"_blank\"><img loading=\"lazy\" decoding=\"async\" aria-describedby=\"caption-attachment-2085\" class=\" wp-image-2085 \" title=\"Vidre transl\u00facid impr\u00e8s Armat\" src=\"https:\/\/www.carpinteria-aluminio.cat\/wp-content\/uploads\/2012\/08\/IMG_2069_resized-1024x682.jpg\" alt=\"Vidre transl\u00facid impr\u00e8s Armat\" width=\"635\" height=\"300\" \/><\/a><p id=\"caption-attachment-2085\" class=\"wp-caption-text\">Vidre transl\u00facid impr\u00e8s Armat<\/p><\/div>\n<div>\n<p style=\"text-align: justify;\">El vidre anomenat Armat, \u00e9s un vidre simple o monol\u00edtic, del tipus transl\u00facid, \u00e9s a dir, que deixa passar claredat sense poder veure-hi n\u00edtidament a trav\u00e9s del mateix. \u00c9s un vidre impr\u00e8s o gravat, dotant de rugositat a una de les seves dues cares. Aquest vidre t\u00e9 6 mm de gruix i t\u00e9 un pes de 16 kg per metre quadrat. El vidre Armat incorpora filferro interiorment per tal de no desplomar-se en cas de trencament, i s&#8217;ha utilitzat molt en els \u00faltims 30 anys, en claraboies o llocs amb possibilitat de trencament, \u00e9s el germ\u00e0 econ\u00f2mic del vidre <a href=\"https:\/\/www.carpinteria-aluminio.cat\/wp-content\/uploads\/2012\/08\/20130325_132014_resized.jpg\" target=\"_blank\">laminat<\/a>, el qual mitjan\u00e7ant una l\u00e0mina de butylo interna entre dos vidres realitza la mateixa funci\u00f3. No \u00e9s convenient instal\u00b7lar aquest tipus de vidre en tancaments de cara l&#8217;exterior, ja que t\u00e9 una alta transmit\u00e0ncia t\u00e8rmica entorn del 90%, \u00e9s a dir, \u00e9s poc eficient. Per a aix\u00f2 es recomana elaborar vidres de cambra o <a href=\"https:\/\/www.carpinteria-aluminio.cat\/ca\/vidrio-inteligente\/\" target=\"_blank\">Guardian Sun<\/a>, amb aquest tipus de vidre o d&#8217;altres, per multiplicar fins a quatre seva efici\u00e8ncia. Tampoc es recomana per a\u00efllar-se del soroll, ja que el seu gruix de 6 mm amb prou feines reduiria 31 decibels, el qual incorporat a un vidre <a href=\"https:\/\/www.carpinteria-aluminio.cat\/ca\/vidrios-acusticos\/\" target=\"_blank\">ac\u00fastic <\/a>podr\u00edem arribar fins als 45 decibels sense problemes. En cas d&#8217;elaborar un vidre de cambra amb aquest tipus de vidre, inclourem el gravat cap a l&#8217;interior de la mateixa, per tal de disposar d&#8217;ambdues cares llises al seu exterior per a la seva f\u00e0cil neteja.<\/p>\n<div><\/div>\n<div><\/div>\n<\/div>\n<div id=\"commentsbox\"><\/div>\n","protected":false},"excerpt":{"rendered":"<p>El vidre anomenat Armat, \u00e9s un vidre simple o monol\u00edtic, del tipus transl\u00facid, \u00e9s a dir, que deixa passar claredat sense poder veure-hi n\u00edtidament a trav\u00e9s<span class=\"excerpt-hellip\"> [\u2026]<\/span><\/p>\n","protected":false},"author":5,"featured_media":0,"comment_status":"open","ping_status":"open","sticky":false,"template":"","format":"standard","meta":{"_joinchat":[],"footnotes":""},"categories":[36],"tags":[],"class_list":["post-7281","post","type-post","status-publish","format-standard","hentry","category-noticies"],"aioseo_notices":[],"_links":{"self":[{"href":"https:\/\/www.carpinteria-aluminio.cat\/ca\/wp-json\/wp\/v2\/posts\/7281","targetHints":{"allow":["GET"]}}],"collection":[{"href":"https:\/\/www.carpinteria-aluminio.cat\/ca\/wp-json\/wp\/v2\/posts"}],"about":[{"href":"https:\/\/www.carpinteria-aluminio.cat\/ca\/wp-json\/wp\/v2\/types\/post"}],"author":[{"embeddable":true,"href":"https:\/\/www.carpinteria-aluminio.cat\/ca\/wp-json\/wp\/v2\/users\/5"}],"replies":[{"embeddable":true,"href":"https:\/\/www.carpinteria-aluminio.cat\/ca\/wp-json\/wp\/v2\/comments?post=7281"}],"version-history":[{"count":0,"href":"https:\/\/www.carpinteria-aluminio.cat\/ca\/wp-json\/wp\/v2\/posts\/7281\/revisions"}],"wp:attachment":[{"href":"https:\/\/www.carpinteria-aluminio.cat\/ca\/wp-json\/wp\/v2\/media?parent=7281"}],"wp:term":[{"taxonomy":"category","embeddable":true,"href":"https:\/\/www.carpinteria-aluminio.cat\/ca\/wp-json\/wp\/v2\/categories?post=7281"},{"taxonomy":"post_tag","embeddable":true,"href":"https:\/\/www.carpinteria-aluminio.cat\/ca\/wp-json\/wp\/v2\/tags?post=7281"}],"curies":[{"name":"wp","href":"https:\/\/api.w.org\/{rel}","templated":true}]}}