{"id":7287,"date":"2014-01-16T18:14:35","date_gmt":"2014-01-16T17:14:35","guid":{"rendered":"https:\/\/www.carpinteria-aluminio.cat\/mampara-de-bany-corredissa-dalumini-plata-brillant-i-vidres-temperats-lliscants-transparents-per-a-plat-de-dutxa-adaptada-per-a-persones-amb-mobilitat-reduida-a-barcelona\/"},"modified":"2014-01-16T18:14:35","modified_gmt":"2014-01-16T17:14:35","slug":"mampara-de-bany-corredissa-dalumini-plata-brillant-i-vidres-temperats-lliscants-transparents-per-a-plat-de-dutxa-adaptada-per-a-persones-amb-mobilitat-reduida-a-barcelona","status":"publish","type":"post","link":"https:\/\/www.carpinteria-aluminio.cat\/ca\/mampara-de-bany-corredissa-dalumini-plata-brillant-i-vidres-temperats-lliscants-transparents-per-a-plat-de-dutxa-adaptada-per-a-persones-amb-mobilitat-reduida-a-barcelona\/","title":{"rendered":"Mampara de bany corredissa d&#8217;alumini plata brillant i vidres temperats lliscants transparents per a plat de dutxa adaptada per a persones amb mobilitat redu\u00efda a Barcelona"},"content":{"rendered":"<div id=\"attachment_4757\" style=\"width: 200px\" class=\"wp-caption alignleft\"><a href=\"https:\/\/www.carpinteria-aluminio.cat\/wp-content\/uploads\/2014\/01\/20131216_113258.jpg\" target=\"_blank\"><img loading=\"lazy\" decoding=\"async\" aria-describedby=\"caption-attachment-4757\" class=\" wp-image-4757   \" title=\"Mampara de bany plata brillant\" src=\"https:\/\/www.carpinteria-aluminio.cat\/wp-content\/uploads\/2014\/01\/20131216_113258-300x225.jpg\" alt=\"Mampara de bany plata brillant\" width=\"190\" height=\"130\" \/><\/a><p id=\"caption-attachment-4757\" class=\"wp-caption-text\">Mampara de bany plata brillant<\/p><\/div>\n<div id=\"attachment_4758\" style=\"width: 200px\" class=\"wp-caption alignleft\"><a href=\"https:\/\/www.carpinteria-aluminio.cat\/wp-content\/uploads\/2014\/01\/20131216_113858.jpg\" target=\"_blank\"><img loading=\"lazy\" decoding=\"async\" aria-describedby=\"caption-attachment-4758\" class=\" wp-image-4758    \" title=\"Mampara de pas adaptat\" src=\"https:\/\/www.carpinteria-aluminio.cat\/wp-content\/uploads\/2014\/01\/20131216_113858-300x225.jpg\" alt=\"Mampara de pas adaptat\" width=\"190\" height=\"130\" \/><\/a><p id=\"caption-attachment-4758\" class=\"wp-caption-text\">Mampara de pas adaptat<\/p><\/div>\n<div id=\"attachment_4756\" style=\"width: 200px\" class=\"wp-caption alignleft\"><a href=\"https:\/\/www.carpinteria-aluminio.cat\/wp-content\/uploads\/2014\/01\/20131216_113848.jpg\" target=\"_blank\"><img loading=\"lazy\" decoding=\"async\" aria-describedby=\"caption-attachment-4756\" class=\" wp-image-4756   \" title=\"Mampara de dutxa corredissa\" src=\"https:\/\/www.carpinteria-aluminio.cat\/wp-content\/uploads\/2014\/01\/20131216_113848-300x225.jpg\" alt=\"Mampara de dutxa corredissa\" width=\"190\" height=\"130\" \/><\/a><p id=\"caption-attachment-4756\" class=\"wp-caption-text\">Mampara de dutxa corredissa<\/p><\/div>\n<p style=\"text-align: justify;\">Treball realitzat al barri de El Congr\u00e8s de Barcelona. Consistia en la <a href=\"https:\/\/www.carpinteria-aluminio.cat\/ca\/servicios\/instalacion\/\" target=\"_blank\">instal\u00b7laci\u00f3 <\/a>d&#8217;una <a href=\"https:\/\/www.carpinteria-aluminio.cat\/ca\/productos-carpinteria-aluminio-barcelona\/mamparas-de-bano\/\" target=\"_blank\">mampara <\/a>de bany sobre un plat de dutxa pr\u00e8viament ja instal\u00b7lat. Era una mampara de dutxa fabricada en <a href=\"https:\/\/www.carpinteria-aluminio.cat\/ca\/el-aluminio-informacion-sobre-su-origen-extraccion-composicion-reciclaje-ventajas-caracteristicas-y-cualidades-de-unos-de-los-materiales-mas-utilizados-en-la-industria-en-la-actualidad\/\" target=\"_blank\">alumini <\/a>amb <a href=\"https:\/\/www.carpinteria-aluminio.cat\/ca\/servicios\/acabados-carpinteria-aluminio-barcelona\/\" target=\"_blank\">l&#8217;acabat <\/a>anoditzat plata brillant, el qual imita a l&#8217;acer inoxidable en el seu aspecte, i molt resistent tamb\u00e9 al desgast per l&#8217;efecte de la cal\u00e7 a l&#8217;aigua, a m\u00e9s de ser m\u00e9s econ\u00f2mic. Aquest acabat t\u00e9 l&#8217;avantatge que reflecteix molt b\u00e9 la llum a l&#8217;interior de la dutxa, fent-la m\u00e9s lluminosa. Era una mampara corredissa amb dos <a href=\"https:\/\/www.carpinteria-aluminio.cat\/ca\/productos-carpinteria-aluminio-barcelona\/venta-vidrios-barcelona\/\" target=\"_blank\">vidres <\/a>temperats fixos laterals transparents i amb tractament anti-cal\u00e7. La peculiaritat d&#8217;aquesta mampara de bany \u00e9s que no t\u00e9 guia inferior, tan sols un petit perfil de 0.5 cm d&#8217;alt per evitar la sortida d&#8217;aigua, les fulles llisquen suspeses pel carril superior, deixant el pas lliure d&#8217;obstacles per poder passar amb cadira de rodes amb m\u00e9s comoditat que en d&#8217;altres models, cosa indispensable exigit pel client en aquest treball. La dist\u00e0ncia de pas entre vidres tamb\u00e9 va ser estudiada per albergar la major mesura possible, a m\u00e9s vam posar voltadits empotrables a les fulles corredisses per poder guanyar uns cent\u00edmetres m\u00e9s, i aix\u00ed optimitzar al m\u00e0xim el pas. Finalment vam segellar tot el contorn de la mampara amb <a href=\"https:\/\/www.carpinteria-aluminio.cat\/ca\/sellado-de-silicona-neutra-de-gama-alta-en-puertas-y-ventanas-de-carpinteria-de-aluminio\/\" target=\"_blank\">silicona neutra<\/a> transparent, per evitar possibles fuites d&#8217;aigua. Aquest treball va ser instal\u00b7lat per dos treballadors en dues hores de feina. El client va quedar satisfet amb el treball realitzat i nosaltres amb ell per la confian\u00e7a dipositada en nosaltres. A PONSICO s.c.p. podem realitzar qualsevol treball, adaptant-nos a les necessitats, gustos o exig\u00e8ncies de cada client, en qualsevol dels nostres <a href=\"https:\/\/www.carpinteria-aluminio.cat\/ca\/productos-carpinteria-aluminio-barcelona\/\" target=\"_blank\">productes<\/a>.<\/p>\n<p>&nbsp;<\/p>\n","protected":false},"excerpt":{"rendered":"<p>Treball realitzat al barri de El Congr\u00e8s de Barcelona. Consistia en la instal\u00b7laci\u00f3 d&#8217;una mampara de bany sobre un plat de dutxa pr\u00e8viament ja instal\u00b7lat. Era<span class=\"excerpt-hellip\"> [\u2026]<\/span><\/p>\n","protected":false},"author":5,"featured_media":0,"comment_status":"open","ping_status":"open","sticky":false,"template":"","format":"standard","meta":{"_joinchat":[],"footnotes":""},"categories":[40],"tags":[],"class_list":["post-7287","post","type-post","status-publish","format-standard","hentry","category-treballs-realitzats"],"aioseo_notices":[],"_links":{"self":[{"href":"https:\/\/www.carpinteria-aluminio.cat\/ca\/wp-json\/wp\/v2\/posts\/7287","targetHints":{"allow":["GET"]}}],"collection":[{"href":"https:\/\/www.carpinteria-aluminio.cat\/ca\/wp-json\/wp\/v2\/posts"}],"about":[{"href":"https:\/\/www.carpinteria-aluminio.cat\/ca\/wp-json\/wp\/v2\/types\/post"}],"author":[{"embeddable":true,"href":"https:\/\/www.carpinteria-aluminio.cat\/ca\/wp-json\/wp\/v2\/users\/5"}],"replies":[{"embeddable":true,"href":"https:\/\/www.carpinteria-aluminio.cat\/ca\/wp-json\/wp\/v2\/comments?post=7287"}],"version-history":[{"count":0,"href":"https:\/\/www.carpinteria-aluminio.cat\/ca\/wp-json\/wp\/v2\/posts\/7287\/revisions"}],"wp:attachment":[{"href":"https:\/\/www.carpinteria-aluminio.cat\/ca\/wp-json\/wp\/v2\/media?parent=7287"}],"wp:term":[{"taxonomy":"category","embeddable":true,"href":"https:\/\/www.carpinteria-aluminio.cat\/ca\/wp-json\/wp\/v2\/categories?post=7287"},{"taxonomy":"post_tag","embeddable":true,"href":"https:\/\/www.carpinteria-aluminio.cat\/ca\/wp-json\/wp\/v2\/tags?post=7287"}],"curies":[{"name":"wp","href":"https:\/\/api.w.org\/{rel}","templated":true}]}}