{"id":7290,"date":"2014-01-19T12:22:41","date_gmt":"2014-01-19T11:22:41","guid":{"rendered":"https:\/\/www.carpinteria-aluminio.cat\/mampara-de-bany-dalumini-acabat-acer-inoxidable-corredissa-angular-per-a-banyera-amb-vidres-temperats-anti-calc-a-barcelona\/"},"modified":"2014-01-19T12:22:41","modified_gmt":"2014-01-19T11:22:41","slug":"mampara-de-bany-dalumini-acabat-acer-inoxidable-corredissa-angular-per-a-banyera-amb-vidres-temperats-anti-calc-a-barcelona","status":"publish","type":"post","link":"https:\/\/www.carpinteria-aluminio.cat\/ca\/mampara-de-bany-dalumini-acabat-acer-inoxidable-corredissa-angular-per-a-banyera-amb-vidres-temperats-anti-calc-a-barcelona\/","title":{"rendered":"Mampara de bany d&#8217;alumini acabat acer inoxidable corredissa angular per a banyera amb vidres temperats anti-cal\u00e7 a Barcelona"},"content":{"rendered":"<div id=\"attachment_4772\" style=\"width: 630px\" class=\"wp-caption alignleft\"><a href=\"https:\/\/www.carpinteria-aluminio.cat\/wp-content\/uploads\/2014\/01\/20131216_171835.jpg\" target=\"_blank\"><img loading=\"lazy\" decoding=\"async\" aria-describedby=\"caption-attachment-4772\" class=\"size-large wp-image-4772 \" title=\"Mampara angular per a banyera\" src=\"https:\/\/www.carpinteria-aluminio.cat\/wp-content\/uploads\/2014\/01\/20131216_171835-768x1024.jpg\" alt=\"Mampara angular per a banyera\" width=\"620\" height=\"826\" srcset=\"https:\/\/www.carpinteria-aluminio.cat\/wp-content\/uploads\/2014\/01\/20131216_171835-768x1024.jpg 768w, https:\/\/www.carpinteria-aluminio.cat\/wp-content\/uploads\/2014\/01\/20131216_171835-225x300.jpg 225w, https:\/\/www.carpinteria-aluminio.cat\/wp-content\/uploads\/2014\/01\/20131216_171835-500x666.jpg 500w\" sizes=\"auto, (max-width:767px) 480px, 620px\" \/><\/a><p id=\"caption-attachment-4772\" class=\"wp-caption-text\">Mampara angular per a banyera<\/p><\/div>\n<p style=\"text-align: justify;\">Treball realitzat al barri de Navas de Barcelona. Consistia en la <a href=\"https:\/\/www.carpinteria-aluminio.cat\/ca\/servicios\/instalacion\/\" target=\"_blank\">instal\u00b7laci\u00f3 <\/a>d&#8217;una <a href=\"https:\/\/www.carpinteria-aluminio.cat\/ca\/productos-carpinteria-aluminio-barcelona\/mamparas-de-bano\/\" target=\"_blank\">mampara <\/a>de bany sobre en una banyera, la qual pr\u00e8viament hi havia cortines de bany. Vam instal\u00b7lar un model molt utilitzat per nosaltres pels seus acabats de qualitat i gran fiabilitat. \u00c9s un model amb dos <a href=\"https:\/\/www.carpinteria-aluminio.cat\/ca\/productos-carpinteria-aluminio-barcelona\/venta-vidrios-barcelona\/\" target=\"_blank\">vidres <\/a>fixos en els laterals i dues portes corredisses amb obertura des del v\u00e8rtex, les quals tanquen f\u00e0cilment mitjan\u00e7ant una banda magn\u00e8tica. Els vidres eren del tipus transparents temperats amb un tractament especial anti-cal\u00e7, el qual ajuda a romandre&#8217;ls nets durant m\u00e9s temps, fent lliscar l&#8217;aigua amb m\u00e9s facilitat. El contorn de la mampara estava fabricat en <a href=\"https:\/\/www.carpinteria-aluminio.cat\/ca\/el-aluminio-informacion-sobre-su-origen-extraccion-composicion-reciclaje-ventajas-caracteristicas-y-cualidades-de-unos-de-los-materiales-mas-utilizados-en-la-industria-en-la-actualidad\/\" target=\"_blank\">alumini <\/a>anoditzat brillant, el qual s&#8217;assembla molt a l&#8217;acer inoxidable per la seva brillantor i la seva duresa enfront de la corrosi\u00f3, a m\u00e9s aquest tipus <a href=\"https:\/\/www.carpinteria-aluminio.cat\/ca\/servicios\/acabados-carpinteria-aluminio-barcelona\/\" target=\"_blank\">d&#8217;acabat <\/a>reflecteix molt la llum a l&#8217;interior de la banyera, cosa que s&#8217;agraeix durant el bany o dutxa. Durant la instal\u00b7laci\u00f3 vam utilitzar detector de metalls per evitar foradar canonades d&#8217;aigua, i finalment la mampara \u00e9s segellada amb <a href=\"https:\/\/www.carpinteria-aluminio.cat\/ca\/sellado-de-silicona-neutra-de-gama-alta-en-puertas-y-ventanas-de-carpinteria-de-aluminio\/\" target=\"_blank\">silicona neutra<\/a> de color transparent. Es poden triar accessoris a gust del client com els tiradors, o vidres matejats a l&#8217;\u00e0cid o serigrafiats a color, amb estampats est\u00e0ndard o gust del client. Aquest treball va durar una hora de dos treballadors i no va comportar cap dificultat fora del previst.<\/p>\n","protected":false},"excerpt":{"rendered":"<p>Treball realitzat al barri de Navas de Barcelona. Consistia en la instal\u00b7laci\u00f3 d&#8217;una mampara de bany sobre en una banyera, la qual pr\u00e8viament hi havia cortines<span class=\"excerpt-hellip\"> [\u2026]<\/span><\/p>\n","protected":false},"author":5,"featured_media":0,"comment_status":"open","ping_status":"open","sticky":false,"template":"","format":"standard","meta":{"_joinchat":[],"footnotes":""},"categories":[40],"tags":[],"class_list":["post-7290","post","type-post","status-publish","format-standard","hentry","category-treballs-realitzats"],"aioseo_notices":[],"_links":{"self":[{"href":"https:\/\/www.carpinteria-aluminio.cat\/ca\/wp-json\/wp\/v2\/posts\/7290","targetHints":{"allow":["GET"]}}],"collection":[{"href":"https:\/\/www.carpinteria-aluminio.cat\/ca\/wp-json\/wp\/v2\/posts"}],"about":[{"href":"https:\/\/www.carpinteria-aluminio.cat\/ca\/wp-json\/wp\/v2\/types\/post"}],"author":[{"embeddable":true,"href":"https:\/\/www.carpinteria-aluminio.cat\/ca\/wp-json\/wp\/v2\/users\/5"}],"replies":[{"embeddable":true,"href":"https:\/\/www.carpinteria-aluminio.cat\/ca\/wp-json\/wp\/v2\/comments?post=7290"}],"version-history":[{"count":0,"href":"https:\/\/www.carpinteria-aluminio.cat\/ca\/wp-json\/wp\/v2\/posts\/7290\/revisions"}],"wp:attachment":[{"href":"https:\/\/www.carpinteria-aluminio.cat\/ca\/wp-json\/wp\/v2\/media?parent=7290"}],"wp:term":[{"taxonomy":"category","embeddable":true,"href":"https:\/\/www.carpinteria-aluminio.cat\/ca\/wp-json\/wp\/v2\/categories?post=7290"},{"taxonomy":"post_tag","embeddable":true,"href":"https:\/\/www.carpinteria-aluminio.cat\/ca\/wp-json\/wp\/v2\/tags?post=7290"}],"curies":[{"name":"wp","href":"https:\/\/api.w.org\/{rel}","templated":true}]}}