{"id":7347,"date":"2014-03-11T23:34:39","date_gmt":"2014-03-11T22:34:39","guid":{"rendered":"https:\/\/www.carpinteria-aluminio.cat\/tancament-amb-tendals-de-lona-plastica-tipus-carpa-a-un-bar-de-barcelona\/"},"modified":"2014-03-11T23:34:39","modified_gmt":"2014-03-11T22:34:39","slug":"tancament-amb-tendals-de-lona-plastica-tipus-carpa-a-un-bar-de-barcelona","status":"publish","type":"post","link":"https:\/\/www.carpinteria-aluminio.cat\/ca\/tancament-amb-tendals-de-lona-plastica-tipus-carpa-a-un-bar-de-barcelona\/","title":{"rendered":"Tancament amb tendals de lona pl\u00e0stica tipus carpa a un bar de Barcelona."},"content":{"rendered":"<div id=\"attachment_5092\" style=\"width: 310px\" class=\"wp-caption alignleft\"><a href=\"https:\/\/www.carpinteria-aluminio.cat\/wp-content\/uploads\/2014\/03\/20131218_094306.jpg\" target=\"_blank\"><img loading=\"lazy\" decoding=\"async\" aria-describedby=\"caption-attachment-5092\" class=\" wp-image-5092  \" title=\"Tancament amb tendals verticals i corredissos\" src=\"https:\/\/www.carpinteria-aluminio.cat\/wp-content\/uploads\/2014\/03\/20131218_094306-300x225.jpg\" alt=\"Tancament amb tendals verticals i corredissos\" width=\"300\" height=\"225\" \/><\/a><p id=\"caption-attachment-5092\" class=\"wp-caption-text\">Tancament amb tendals verticals i corredissos<\/p><\/div>\n<div id=\"attachment_5093\" style=\"width: 310px\" class=\"wp-caption alignleft\"><a href=\"https:\/\/www.carpinteria-aluminio.cat\/wp-content\/uploads\/2014\/03\/20131217_105314.jpg\" target=\"_blank\"><img loading=\"lazy\" decoding=\"async\" aria-describedby=\"caption-attachment-5093\" class=\" wp-image-5093 \" title=\"Tendals amb lona pl\u00e0stica transparent\" src=\"https:\/\/www.carpinteria-aluminio.cat\/wp-content\/uploads\/2014\/03\/20131217_105314-300x225.jpg\" alt=\"Tendals amb lona pl\u00e0stica transparent\" width=\"300\" height=\"225\" srcset=\"https:\/\/www.carpinteria-aluminio.cat\/wp-content\/uploads\/2014\/03\/20131217_105314-300x225.jpg 300w, https:\/\/www.carpinteria-aluminio.cat\/wp-content\/uploads\/2014\/03\/20131217_105314-1024x768.jpg 1024w, https:\/\/www.carpinteria-aluminio.cat\/wp-content\/uploads\/2014\/03\/20131217_105314-500x375.jpg 500w\" sizes=\"auto, (max-width:767px) 300px, 300px\" \/><\/a><p id=\"caption-attachment-5093\" class=\"wp-caption-text\">Tendals amb lona pl\u00e0stica transparent<\/p><\/div>\n<p style=\"text-align: justify;\"><span style=\"line-height: 1.5em;\">Treball realitzat al pati interior d&#8217;un bar al barri de Sants a Barcelona. En aquest treball el client ens va comentar que volia una zona protegida del fred a l&#8217;hivern on els seus clients fumadors poguessin estar c\u00f2modament. El pati ja posse\u00efa un tendal amb bra\u00e7os invisibles, al qual vam acoblar dos <a href=\"https:\/\/www.carpinteria-aluminio.cat\/ca\/productos-carpinteria-aluminio-barcelona\/venta-toldos-barcelona\/\" target=\"_blank\">tendals <\/a>verticals al s\u00f2col del mateix, m\u00e9s un altre corred\u00eds al fons del tancament. Els tendals estaven compostos per <a href=\"https:\/\/www.carpinteria-aluminio.cat\/wp-content\/uploads\/2012\/08\/20130411_163549_resized.jpg\" target=\"_blank\">lona pl\u00e0stica<\/a> en les quals es van elaborar uns grans finestrals amb lona transparent per guanyar en llum natural i visibilitat, a la part inferior d&#8217;aquest es van instal\u00b7lar uns faldons, per evitar l&#8217;entrada d&#8217;aire per terra. D&#8217;aquesta manera el tendal es pot recollir totalment, comen\u00e7ant pels dos tendals verticals, els quals es recullen al s\u00f2col del tendal superior, posteriorment aquest, i a la vegada que el tendal corred\u00eds de la part final. El tendal existent va ser refor\u00e7at per evitar possibles futurs problemes. Amb aquesta soluci\u00f3 el client va evitar fer un desemborsament molt m\u00e9s gran, en no haver de canviar el tendal ja existent. Es poden automatitzar aquest i altres tipus de tendals, amb <a href=\"https:\/\/www.carpinteria-aluminio.cat\/wp-content\/uploads\/2012\/10\/motores.png\" target=\"_blank\">comandament a dist\u00e0ncia<\/a> o sense, sincronitzats o no entre ells, amb <a href=\"https:\/\/www.carpinteria-aluminio.cat\/wp-content\/uploads\/2012\/08\/20130411_114251_resized.jpg\" target=\"_blank\">sensors de vent i llum<\/a>, per tal de millorar la nostra qualitat de vida. Aquest treball va ser instal\u00b7lat en un mat\u00ed de feina per tres treballadors, i no va comportar cap problema o dificultat afegida.\u00a0<\/span><\/p>\n","protected":false},"excerpt":{"rendered":"<p>Treball realitzat al pati interior d&#8217;un bar al barri de Sants a Barcelona. En aquest treball el client ens va comentar que volia una zona protegida<span class=\"excerpt-hellip\"> [\u2026]<\/span><\/p>\n","protected":false},"author":5,"featured_media":0,"comment_status":"open","ping_status":"open","sticky":false,"template":"","format":"standard","meta":{"_joinchat":[],"footnotes":""},"categories":[40],"tags":[],"class_list":["post-7347","post","type-post","status-publish","format-standard","hentry","category-treballs-realitzats"],"aioseo_notices":[],"_links":{"self":[{"href":"https:\/\/www.carpinteria-aluminio.cat\/ca\/wp-json\/wp\/v2\/posts\/7347","targetHints":{"allow":["GET"]}}],"collection":[{"href":"https:\/\/www.carpinteria-aluminio.cat\/ca\/wp-json\/wp\/v2\/posts"}],"about":[{"href":"https:\/\/www.carpinteria-aluminio.cat\/ca\/wp-json\/wp\/v2\/types\/post"}],"author":[{"embeddable":true,"href":"https:\/\/www.carpinteria-aluminio.cat\/ca\/wp-json\/wp\/v2\/users\/5"}],"replies":[{"embeddable":true,"href":"https:\/\/www.carpinteria-aluminio.cat\/ca\/wp-json\/wp\/v2\/comments?post=7347"}],"version-history":[{"count":0,"href":"https:\/\/www.carpinteria-aluminio.cat\/ca\/wp-json\/wp\/v2\/posts\/7347\/revisions"}],"wp:attachment":[{"href":"https:\/\/www.carpinteria-aluminio.cat\/ca\/wp-json\/wp\/v2\/media?parent=7347"}],"wp:term":[{"taxonomy":"category","embeddable":true,"href":"https:\/\/www.carpinteria-aluminio.cat\/ca\/wp-json\/wp\/v2\/categories?post=7347"},{"taxonomy":"post_tag","embeddable":true,"href":"https:\/\/www.carpinteria-aluminio.cat\/ca\/wp-json\/wp\/v2\/tags?post=7347"}],"curies":[{"name":"wp","href":"https:\/\/api.w.org\/{rel}","templated":true}]}}