{"id":76971,"date":"2026-01-23T18:27:48","date_gmt":"2026-01-23T17:27:48","guid":{"rendered":"https:\/\/www.carpinteria-aluminio.cat\/?p=76971"},"modified":"2026-01-23T18:27:51","modified_gmt":"2026-01-23T17:27:51","slug":"galeria-composta-per-una-estructura-amb-vidre-climalit-4-16-gas-argo-4-plus-planitherm-4s-de-la-serie-silver-76-rpt-minimalista-i-stilo-60-rpt","status":"publish","type":"post","link":"https:\/\/www.carpinteria-aluminio.cat\/ca\/galeria-composta-per-una-estructura-amb-vidre-climalit-4-16-gas-argo-4-plus-planitherm-4s-de-la-serie-silver-76-rpt-minimalista-i-stilo-60-rpt\/","title":{"rendered":"Galeria composta per una estructura amb vidre climalit\u00ae 4-16 gas arg\u00f3-4 plus planitherm 4s\u00ae de la s\u00e8rie SILVER 76 RPT Minimalista i STILO 60 RPT"},"content":{"rendered":"\n<p>Galeria composta per una estructura corredissa amb vidre climalit\u00ae 4-16 gas arg\u00f3-4 plus planitherm 4s\u00ae de la s\u00e8rie SILVER 76 RPT Minimalista amb cur\u00e7 panor\u00e0mic en lacat blanc, i dues portes practicables d&#8217;una fulla amb vidre climalit\u00ae 4-20 gas arg\u00f3-4 plus planitherm blanc.  <\/p>\n\n<p>Persiana monobloc motoritzada amb comandament a dist\u00e0ncia.<\/p>\n\n<figure class=\"wp-block-gallery has-nested-images columns-default is-cropped wp-block-gallery-1 is-layout-flex wp-block-gallery-is-layout-flex\">\n<figure class=\"wp-block-image size-large\"><a href=\"https:\/\/www.carpinteria-aluminio.cat\/wp-content\/uploads\/2026\/01\/WhatsApp-Image-2026-01-20-at-19.47.24-1-768x1024.jpeg\"><img loading=\"lazy\" decoding=\"async\" width=\"768\" height=\"1024\" data-id=\"76932\" src=\"https:\/\/www.carpinteria-aluminio.cat\/wp-content\/uploads\/2026\/01\/WhatsApp-Image-2026-01-20-at-19.47.24-1-768x1024.jpeg\" alt=\"\" class=\"wp-image-76932\" srcset=\"https:\/\/www.carpinteria-aluminio.cat\/wp-content\/uploads\/2026\/01\/WhatsApp-Image-2026-01-20-at-19.47.24-1-768x1024.jpeg 768w, https:\/\/www.carpinteria-aluminio.cat\/wp-content\/uploads\/2026\/01\/WhatsApp-Image-2026-01-20-at-19.47.24-1-225x300.jpeg 225w, https:\/\/www.carpinteria-aluminio.cat\/wp-content\/uploads\/2026\/01\/WhatsApp-Image-2026-01-20-at-19.47.24-1-1152x1536.jpeg 1152w, https:\/\/www.carpinteria-aluminio.cat\/wp-content\/uploads\/2026\/01\/WhatsApp-Image-2026-01-20-at-19.47.24-1-56x75.jpeg 56w, https:\/\/www.carpinteria-aluminio.cat\/wp-content\/uploads\/2026\/01\/WhatsApp-Image-2026-01-20-at-19.47.24-1-480x640.jpeg 480w, https:\/\/www.carpinteria-aluminio.cat\/wp-content\/uploads\/2026\/01\/WhatsApp-Image-2026-01-20-at-19.47.24-1.jpeg 1536w\" sizes=\"auto, (max-width:767px) 480px, (max-width:768px) 100vw, 768px\" \/><\/a><\/figure>\n\n\n\n<figure class=\"wp-block-image size-large\"><a href=\"https:\/\/www.carpinteria-aluminio.cat\/wp-content\/uploads\/2026\/01\/WhatsApp-Image-2026-01-20-at-19.47.25-1-768x1024.jpeg\"><img loading=\"lazy\" decoding=\"async\" width=\"768\" height=\"1024\" data-id=\"76935\" src=\"https:\/\/www.carpinteria-aluminio.cat\/wp-content\/uploads\/2026\/01\/WhatsApp-Image-2026-01-20-at-19.47.25-1-768x1024.jpeg\" alt=\"\" class=\"wp-image-76935\" srcset=\"https:\/\/www.carpinteria-aluminio.cat\/wp-content\/uploads\/2026\/01\/WhatsApp-Image-2026-01-20-at-19.47.25-1-768x1024.jpeg 768w, https:\/\/www.carpinteria-aluminio.cat\/wp-content\/uploads\/2026\/01\/WhatsApp-Image-2026-01-20-at-19.47.25-1-225x300.jpeg 225w, https:\/\/www.carpinteria-aluminio.cat\/wp-content\/uploads\/2026\/01\/WhatsApp-Image-2026-01-20-at-19.47.25-1-1152x1536.jpeg 1152w, https:\/\/www.carpinteria-aluminio.cat\/wp-content\/uploads\/2026\/01\/WhatsApp-Image-2026-01-20-at-19.47.25-1-56x75.jpeg 56w, https:\/\/www.carpinteria-aluminio.cat\/wp-content\/uploads\/2026\/01\/WhatsApp-Image-2026-01-20-at-19.47.25-1-480x640.jpeg 480w, https:\/\/www.carpinteria-aluminio.cat\/wp-content\/uploads\/2026\/01\/WhatsApp-Image-2026-01-20-at-19.47.25-1.jpeg 1536w\" sizes=\"auto, (max-width:767px) 480px, (max-width:768px) 100vw, 768px\" \/><\/a><\/figure>\n<\/figure>\n\n<figure class=\"wp-block-gallery has-nested-images columns-default is-cropped wp-block-gallery-2 is-layout-flex wp-block-gallery-is-layout-flex\">\n<figure class=\"wp-block-image size-large\"><a href=\"https:\/\/www.carpinteria-aluminio.cat\/wp-content\/uploads\/2026\/01\/WhatsApp-Image-2026-01-20-at-19.47-1-1024x768.jpeg\"><img loading=\"lazy\" decoding=\"async\" width=\"1024\" height=\"768\" data-id=\"76942\" src=\"https:\/\/www.carpinteria-aluminio.cat\/wp-content\/uploads\/2026\/01\/WhatsApp-Image-2026-01-20-at-19.47-1-1024x768.jpeg\" alt=\"\" class=\"wp-image-76942\" srcset=\"https:\/\/www.carpinteria-aluminio.cat\/wp-content\/uploads\/2026\/01\/WhatsApp-Image-2026-01-20-at-19.47-1-1024x768.jpeg 1024w, https:\/\/www.carpinteria-aluminio.cat\/wp-content\/uploads\/2026\/01\/WhatsApp-Image-2026-01-20-at-19.47-1-300x225.jpeg 300w, https:\/\/www.carpinteria-aluminio.cat\/wp-content\/uploads\/2026\/01\/WhatsApp-Image-2026-01-20-at-19.47-1-768x576.jpeg 768w, https:\/\/www.carpinteria-aluminio.cat\/wp-content\/uploads\/2026\/01\/WhatsApp-Image-2026-01-20-at-19.47-1-1536x1152.jpeg 1536w, https:\/\/www.carpinteria-aluminio.cat\/wp-content\/uploads\/2026\/01\/WhatsApp-Image-2026-01-20-at-19.47-1-100x75.jpeg 100w, https:\/\/www.carpinteria-aluminio.cat\/wp-content\/uploads\/2026\/01\/WhatsApp-Image-2026-01-20-at-19.47-1-960x720.jpeg 960w, https:\/\/www.carpinteria-aluminio.cat\/wp-content\/uploads\/2026\/01\/WhatsApp-Image-2026-01-20-at-19.47-1-480x360.jpeg 480w, https:\/\/www.carpinteria-aluminio.cat\/wp-content\/uploads\/2026\/01\/WhatsApp-Image-2026-01-20-at-19.47-1.jpeg 2048w\" sizes=\"auto, (max-width:767px) 480px, (max-width:1024px) 100vw, 1024px\" \/><\/a><\/figure>\n<\/figure>\n","protected":false},"excerpt":{"rendered":"<p>Galeria composta per una estructura corredissa amb vidre climalit\u00ae 4-16 gas arg\u00f3-4 plus planitherm 4s\u00ae de la s\u00e8rie SILVER 76 RPT Minimalista amb cur\u00e7 panor\u00e0mic en<span class=\"excerpt-hellip\"> [\u2026]<\/span><\/p>\n","protected":false},"author":2,"featured_media":76943,"comment_status":"closed","ping_status":"closed","sticky":false,"template":"","format":"standard","meta":{"_joinchat":[],"footnotes":""},"categories":[40],"tags":[638,757,787,535,822,130,308,597,311],"class_list":["post-76971","post","type-post","status-publish","format-standard","has-post-thumbnail","hentry","category-treballs-realitzats","tag-acabados-de-perfiles-de-aluminio-ca","tag-alumini-ca-2","tag-balconera-ca","tag-barcelona-ca","tag-finestral-dalumini","tag-finestres","tag-lacat","tag-tancament-alumini-barcelona","tag-vidre"],"aioseo_notices":[],"_links":{"self":[{"href":"https:\/\/www.carpinteria-aluminio.cat\/ca\/wp-json\/wp\/v2\/posts\/76971","targetHints":{"allow":["GET"]}}],"collection":[{"href":"https:\/\/www.carpinteria-aluminio.cat\/ca\/wp-json\/wp\/v2\/posts"}],"about":[{"href":"https:\/\/www.carpinteria-aluminio.cat\/ca\/wp-json\/wp\/v2\/types\/post"}],"author":[{"embeddable":true,"href":"https:\/\/www.carpinteria-aluminio.cat\/ca\/wp-json\/wp\/v2\/users\/2"}],"replies":[{"embeddable":true,"href":"https:\/\/www.carpinteria-aluminio.cat\/ca\/wp-json\/wp\/v2\/comments?post=76971"}],"version-history":[{"count":2,"href":"https:\/\/www.carpinteria-aluminio.cat\/ca\/wp-json\/wp\/v2\/posts\/76971\/revisions"}],"predecessor-version":[{"id":76980,"href":"https:\/\/www.carpinteria-aluminio.cat\/ca\/wp-json\/wp\/v2\/posts\/76971\/revisions\/76980"}],"wp:featuredmedia":[{"embeddable":true,"href":"https:\/\/www.carpinteria-aluminio.cat\/ca\/wp-json\/wp\/v2\/media\/76943"}],"wp:attachment":[{"href":"https:\/\/www.carpinteria-aluminio.cat\/ca\/wp-json\/wp\/v2\/media?parent=76971"}],"wp:term":[{"taxonomy":"category","embeddable":true,"href":"https:\/\/www.carpinteria-aluminio.cat\/ca\/wp-json\/wp\/v2\/categories?post=76971"},{"taxonomy":"post_tag","embeddable":true,"href":"https:\/\/www.carpinteria-aluminio.cat\/ca\/wp-json\/wp\/v2\/tags?post=76971"}],"curies":[{"name":"wp","href":"https:\/\/api.w.org\/{rel}","templated":true}]}}